{"id":7818,"date":"2025-04-23T08:00:16","date_gmt":"2025-04-23T07:00:16","guid":{"rendered":"https:\/\/blogsaverroes.juntadeandalucia.es\/ieslosmolinosconil\/?p=7818"},"modified":"2025-04-22T18:06:49","modified_gmt":"2025-04-22T17:06:49","slug":"dia-del-libro-fabio-nuestro-heroe","status":"publish","type":"post","link":"https:\/\/blogsaverroes.juntadeandalucia.es\/ieslosmolinosconil\/dia-del-libro-fabio-nuestro-heroe\/","title":{"rendered":"D\u00cdA DEL LIBRO. FABIO NUESTRO H\u00c9ROE"},"content":{"rendered":"<p>La biblioteca del IES Los Molinos dispone de varios ejemplares del cuento solidario FABIO NUESTRO H\u00c9ROE, el alumnado del aula espec\u00edfica para conmemorar el D\u00eda del Libro, ya hemos disfrutado con su lectura.<\/p>\n<p>Os animamos a tod@s a su adquisici\u00f3n y colaborar en esta importante causa.<\/p>\n<p>FELIZ D\u00cdA DEL LIBRO<\/p>\n<p><a href=\"https:\/\/blogsaverroes.juntadeandalucia.es\/ieslosmolinosconil\/files\/2025\/04\/Imagen-de-WhatsApp-2025-04-22-a-las-18.49.52_cac1e72f.jpg\"><img loading=\"lazy\" decoding=\"async\" class=\"alignnone size-medium wp-image-7819\" src=\"https:\/\/blogsaverroes.juntadeandalucia.es\/ieslosmolinosconil\/files\/2025\/04\/Imagen-de-WhatsApp-2025-04-22-a-las-18.49.52_cac1e72f-225x300.jpg\" alt=\"\" width=\"225\" height=\"300\" srcset=\"https:\/\/blogsaverroes.juntadeandalucia.es\/ieslosmolinosconil\/files\/2025\/04\/Imagen-de-WhatsApp-2025-04-22-a-las-18.49.52_cac1e72f-225x300.jpg 225w, https:\/\/blogsaverroes.juntadeandalucia.es\/ieslosmolinosconil\/files\/2025\/04\/Imagen-de-WhatsApp-2025-04-22-a-las-18.49.52_cac1e72f-768x1024.jpg 768w, https:\/\/blogsaverroes.juntadeandalucia.es\/ieslosmolinosconil\/files\/2025\/04\/Imagen-de-WhatsApp-2025-04-22-a-las-18.49.52_cac1e72f-1152x1536.jpg 1152w, https:\/\/blogsaverroes.juntadeandalucia.es\/ieslosmolinosconil\/files\/2025\/04\/Imagen-de-WhatsApp-2025-04-22-a-las-18.49.52_cac1e72f.jpg 1200w\" sizes=\"(max-width: 225px) 100vw, 225px\" \/><\/a>\u00a0 \u00a0 <a href=\"https:\/\/blogsaverroes.juntadeandalucia.es\/ieslosmolinosconil\/files\/2025\/04\/Imagen-de-WhatsApp-2025-04-22-a-las-18.50.46_fa2c1716.jpg\"><img loading=\"lazy\" decoding=\"async\" class=\"alignnone size-medium wp-image-7821\" src=\"https:\/\/blogsaverroes.juntadeandalucia.es\/ieslosmolinosconil\/files\/2025\/04\/Imagen-de-WhatsApp-2025-04-22-a-las-18.50.46_fa2c1716-225x300.jpg\" alt=\"\" width=\"225\" height=\"300\" srcset=\"https:\/\/blogsaverroes.juntadeandalucia.es\/ieslosmolinosconil\/files\/2025\/04\/Imagen-de-WhatsApp-2025-04-22-a-las-18.50.46_fa2c1716-225x300.jpg 225w, https:\/\/blogsaverroes.juntadeandalucia.es\/ieslosmolinosconil\/files\/2025\/04\/Imagen-de-WhatsApp-2025-04-22-a-las-18.50.46_fa2c1716-768x1024.jpg 768w, https:\/\/blogsaverroes.juntadeandalucia.es\/ieslosmolinosconil\/files\/2025\/04\/Imagen-de-WhatsApp-2025-04-22-a-las-18.50.46_fa2c1716-1152x1536.jpg 1152w, https:\/\/blogsaverroes.juntadeandalucia.es\/ieslosmolinosconil\/files\/2025\/04\/Imagen-de-WhatsApp-2025-04-22-a-las-18.50.46_fa2c1716.jpg 1200w\" sizes=\"(max-width: 225px) 100vw, 225px\" \/><\/a>\u00a0 \u00a0 <a href=\"https:\/\/blogsaverroes.juntadeandalucia.es\/ieslosmolinosconil\/files\/2025\/04\/Imagen-de-WhatsApp-2025-04-22-a-las-18.50.11_aacfdb77.jpg\"><img loading=\"lazy\" decoding=\"async\" class=\"alignnone size-medium wp-image-7820\" src=\"https:\/\/blogsaverroes.juntadeandalucia.es\/ieslosmolinosconil\/files\/2025\/04\/Imagen-de-WhatsApp-2025-04-22-a-las-18.50.11_aacfdb77-225x300.jpg\" alt=\"\" width=\"225\" height=\"300\" srcset=\"https:\/\/blogsaverroes.juntadeandalucia.es\/ieslosmolinosconil\/files\/2025\/04\/Imagen-de-WhatsApp-2025-04-22-a-las-18.50.11_aacfdb77-225x300.jpg 225w, https:\/\/blogsaverroes.juntadeandalucia.es\/ieslosmolinosconil\/files\/2025\/04\/Imagen-de-WhatsApp-2025-04-22-a-las-18.50.11_aacfdb77-768x1024.jpg 768w, https:\/\/blogsaverroes.juntadeandalucia.es\/ieslosmolinosconil\/files\/2025\/04\/Imagen-de-WhatsApp-2025-04-22-a-las-18.50.11_aacfdb77-1152x1536.jpg 1152w, https:\/\/blogsaverroes.juntadeandalucia.es\/ieslosmolinosconil\/files\/2025\/04\/Imagen-de-WhatsApp-2025-04-22-a-las-18.50.11_aacfdb77.jpg 1200w\" sizes=\"(max-width: 225px) 100vw, 225px\" \/>\u00a0\u00a0<\/a><\/p>\n","protected":false},"excerpt":{"rendered":"<p>La biblioteca del IES Los Molinos dispone de varios ejemplares del cuento solidario FABIO NUESTRO H\u00c9ROE, el alumnado del aula espec\u00edfica para conmemorar el D\u00eda&hellip;<\/p>\n","protected":false},"author":18357,"featured_media":7819,"comment_status":"open","ping_status":"open","sticky":false,"template":"","format":"standard","meta":{"ngg_post_thumbnail":0,"footnotes":""},"categories":[213,665253,665239],"tags":[],"aioseo_notices":[],"_links":{"self":[{"href":"https:\/\/blogsaverroes.juntadeandalucia.es\/ieslosmolinosconil\/wp-json\/wp\/v2\/posts\/7818"}],"collection":[{"href":"https:\/\/blogsaverroes.juntadeandalucia.es\/ieslosmolinosconil\/wp-json\/wp\/v2\/posts"}],"about":[{"href":"https:\/\/blogsaverroes.juntadeandalucia.es\/ieslosmolinosconil\/wp-json\/wp\/v2\/types\/post"}],"author":[{"embeddable":true,"href":"https:\/\/blogsaverroes.juntadeandalucia.es\/ieslosmolinosconil\/wp-json\/wp\/v2\/users\/18357"}],"replies":[{"embeddable":true,"href":"https:\/\/blogsaverroes.juntadeandalucia.es\/ieslosmolinosconil\/wp-json\/wp\/v2\/comments?post=7818"}],"version-history":[{"count":5,"href":"https:\/\/blogsaverroes.juntadeandalucia.es\/ieslosmolinosconil\/wp-json\/wp\/v2\/posts\/7818\/revisions"}],"predecessor-version":[{"id":7828,"href":"https:\/\/blogsaverroes.juntadeandalucia.es\/ieslosmolinosconil\/wp-json\/wp\/v2\/posts\/7818\/revisions\/7828"}],"wp:featuredmedia":[{"embeddable":true,"href":"https:\/\/blogsaverroes.juntadeandalucia.es\/ieslosmolinosconil\/wp-json\/wp\/v2\/media\/7819"}],"wp:attachment":[{"href":"https:\/\/blogsaverroes.juntadeandalucia.es\/ieslosmolinosconil\/wp-json\/wp\/v2\/media?parent=7818"}],"wp:term":[{"taxonomy":"category","embeddable":true,"href":"https:\/\/blogsaverroes.juntadeandalucia.es\/ieslosmolinosconil\/wp-json\/wp\/v2\/categories?post=7818"},{"taxonomy":"post_tag","embeddable":true,"href":"https:\/\/blogsaverroes.juntadeandalucia.es\/ieslosmolinosconil\/wp-json\/wp\/v2\/tags?post=7818"}],"curies":[{"name":"wp","href":"https:\/\/api.w.org\/{rel}","templated":true}]}}