{"id":1189,"date":"2023-10-04T22:31:11","date_gmt":"2023-10-04T20:31:11","guid":{"rendered":"https:\/\/blogsaverroes.juntadeandalucia.es\/ieslosneveros\/?p=1189"},"modified":"2024-02-20T12:11:10","modified_gmt":"2024-02-20T11:11:10","slug":"comunidades-de-aprendizaje","status":"publish","type":"post","link":"https:\/\/blogsaverroes.juntadeandalucia.es\/ieslosneveros\/comunidades-de-aprendizaje\/","title":{"rendered":"Comunidades de Aprendizaje"},"content":{"rendered":"<p>En IES Los Neveros somos comunidad,<br \/>\nen IES Los Neveros somos aprendizaje,<br \/>\nen IES Los Neveros contamos contigo.<br \/>\nPorque todos sumamos, todos aportamos.<br \/>\nComo muestra de ello, os compartimos unas im\u00e1genes de los grupos interactivos que se han llevado a cabo hoy en 1\u00ba ESO A en la asignatura de Educaci\u00f3n Pl\u00e1stica a cargo del profesor Jos\u00e9 Antonio Moral con la participaci\u00f3n de seis de nuestros voluntarios y voluntarias.<br \/>\nTanto alumnado como voluntariado han aprendido y lo han disfrutado much\u00edsimo.<br \/>\n\u00a1Gracias por vuestra colaboraci\u00f3n!&nbsp;<br \/>\n\u00a1Seguimos!<\/p>\n<p><img fetchpriority=\"high\" decoding=\"async\" class=\"alignnone size-medium wp-image-1190\" src=\"https:\/\/blogsaverroes.juntadeandalucia.es\/ieslosneveros\/files\/2023\/10\/grupo-interactivo-2-300x225.jpg\" alt=\"\" width=\"300\" height=\"225\" srcset=\"https:\/\/blogsaverroes.juntadeandalucia.es\/ieslosneveros\/files\/2023\/10\/grupo-interactivo-2-300x225.jpg 300w, https:\/\/blogsaverroes.juntadeandalucia.es\/ieslosneveros\/files\/2023\/10\/grupo-interactivo-2-1024x768.jpg 1024w, https:\/\/blogsaverroes.juntadeandalucia.es\/ieslosneveros\/files\/2023\/10\/grupo-interactivo-2-768x576.jpg 768w, https:\/\/blogsaverroes.juntadeandalucia.es\/ieslosneveros\/files\/2023\/10\/grupo-interactivo-2-1536x1152.jpg 1536w, https:\/\/blogsaverroes.juntadeandalucia.es\/ieslosneveros\/files\/2023\/10\/grupo-interactivo-2.jpg 2048w\" sizes=\"(max-width: 300px) 100vw, 300px\" \/> <img decoding=\"async\" class=\"alignnone size-medium wp-image-1191\" src=\"https:\/\/blogsaverroes.juntadeandalucia.es\/ieslosneveros\/files\/2023\/10\/Grupo-interactivo-300x225.jpg\" alt=\"\" width=\"300\" height=\"225\" srcset=\"https:\/\/blogsaverroes.juntadeandalucia.es\/ieslosneveros\/files\/2023\/10\/Grupo-interactivo-300x225.jpg 300w, https:\/\/blogsaverroes.juntadeandalucia.es\/ieslosneveros\/files\/2023\/10\/Grupo-interactivo-1024x768.jpg 1024w, https:\/\/blogsaverroes.juntadeandalucia.es\/ieslosneveros\/files\/2023\/10\/Grupo-interactivo-768x576.jpg 768w, https:\/\/blogsaverroes.juntadeandalucia.es\/ieslosneveros\/files\/2023\/10\/Grupo-interactivo-1536x1152.jpg 1536w, https:\/\/blogsaverroes.juntadeandalucia.es\/ieslosneveros\/files\/2023\/10\/Grupo-interactivo.jpg 2048w\" sizes=\"(max-width: 300px) 100vw, 300px\" \/><\/p>\n","protected":false},"excerpt":{"rendered":"<p>En IES Los Neveros somos comunidad, en IES Los Neveros somos aprendizaje, en IES Los Neveros contamos contigo. Porque todos sumamos, todos aportamos. Como muestra de ello, os compartimos unas&#46;&#46;&#46;<\/p>\n","protected":false},"author":18021,"featured_media":1190,"comment_status":"closed","ping_status":"open","sticky":false,"template":"","format":"standard","meta":{"ngg_post_thumbnail":0,"footnotes":""},"categories":[28,4,1],"tags":[],"aioseo_notices":[],"_links":{"self":[{"href":"https:\/\/blogsaverroes.juntadeandalucia.es\/ieslosneveros\/wp-json\/wp\/v2\/posts\/1189"}],"collection":[{"href":"https:\/\/blogsaverroes.juntadeandalucia.es\/ieslosneveros\/wp-json\/wp\/v2\/posts"}],"about":[{"href":"https:\/\/blogsaverroes.juntadeandalucia.es\/ieslosneveros\/wp-json\/wp\/v2\/types\/post"}],"author":[{"embeddable":true,"href":"https:\/\/blogsaverroes.juntadeandalucia.es\/ieslosneveros\/wp-json\/wp\/v2\/users\/18021"}],"replies":[{"embeddable":true,"href":"https:\/\/blogsaverroes.juntadeandalucia.es\/ieslosneveros\/wp-json\/wp\/v2\/comments?post=1189"}],"version-history":[{"count":1,"href":"https:\/\/blogsaverroes.juntadeandalucia.es\/ieslosneveros\/wp-json\/wp\/v2\/posts\/1189\/revisions"}],"predecessor-version":[{"id":1192,"href":"https:\/\/blogsaverroes.juntadeandalucia.es\/ieslosneveros\/wp-json\/wp\/v2\/posts\/1189\/revisions\/1192"}],"wp:featuredmedia":[{"embeddable":true,"href":"https:\/\/blogsaverroes.juntadeandalucia.es\/ieslosneveros\/wp-json\/wp\/v2\/media\/1190"}],"wp:attachment":[{"href":"https:\/\/blogsaverroes.juntadeandalucia.es\/ieslosneveros\/wp-json\/wp\/v2\/media?parent=1189"}],"wp:term":[{"taxonomy":"category","embeddable":true,"href":"https:\/\/blogsaverroes.juntadeandalucia.es\/ieslosneveros\/wp-json\/wp\/v2\/categories?post=1189"},{"taxonomy":"post_tag","embeddable":true,"href":"https:\/\/blogsaverroes.juntadeandalucia.es\/ieslosneveros\/wp-json\/wp\/v2\/tags?post=1189"}],"curies":[{"name":"wp","href":"https:\/\/api.w.org\/{rel}","templated":true}]}}