{"id":1742,"date":"2024-11-19T11:51:31","date_gmt":"2024-11-19T10:51:31","guid":{"rendered":"https:\/\/blogsaverroes.juntadeandalucia.es\/ieslosneveros\/?p=1742"},"modified":"2024-12-13T11:52:06","modified_gmt":"2024-12-13T10:52:06","slug":"animate-a-escribir-un-rap","status":"publish","type":"post","link":"https:\/\/blogsaverroes.juntadeandalucia.es\/ieslosneveros\/animate-a-escribir-un-rap\/","title":{"rendered":"An\u00edmate a escribir un RAP"},"content":{"rendered":"<p>\ud83c\udfa4 Desde la Comunidad de Aprendizaje del IES Los Neveros te animamos a que escribas un \ud835\udc11 \ud835\udc00 \ud835\udc0f que \u2026<br \/>\n\u2022 Denuncie c\u00f3mo son las relaciones t\u00f3xicas en la adolescencia.<br \/>\n\u2022 Promueva actitudes de respeto a la igualdad en las relaciones humanas y muestre rechazo a la discriminaci\u00f3n entre g\u00e9neros.<br \/>\n\u2022 Ponle voz a tu lucha y expresa aquellas injusticias que se callan a causa del miedo, la inseguridad o cualquier tipo de coacci\u00f3n social.<\/p>\n<p>\u2119 \u211d \ud835\udd3c \ud835\udd44 \ud835\udd40 \ud835\udd46 \ud835\udd4a<br \/>\n1\u00ba Premio: MUSICAL Palacio de Congresos 1\/12\/2024 (Concejal\u00eda de Igualdad, Ayuntamiento Hu\u00e9tor Vega)<br \/>\n2\u00ba Premio: MUSICAL Palacio de Congresos 1\/12\/2024 (Concejal\u00eda de Igualdad, Ayuntamiento Hu\u00e9tor Vega)<br \/>\n3\u00ba Premio: Desayuno completo en la cafeter\u00eda del Instituto. (IES Los Neveros)<\/p>\n<p>\ud83c\udfa4 Este concurso no quiere poner l\u00edmites a vuestro potencial creativo, as\u00ed que no pedimos ning\u00fan formato de versificaci\u00f3n en vuestras composiciones. Utilizad el tipo de verso que quer\u00e1is.<\/p>\n<p>\u25aa\ufe0eSe premiar\u00e1 a aquellas composiciones que no utilicen palabras vulgares (tacos) continuamente.\ud83d\udde3<\/p>\n<p>\u25aa\ufe0e Podr\u00e1n participar todo el alumnado matriculado en el IES Los Neveros \ud83c\udfeb. Es un concurso interno, no abierto al p\u00fablico.<\/p>\n<p>\u25aa\ufe0e Las composiciones se entregar\u00e1n en formato audio mp3 \ud83c\udfa7 a una tarea del Classroom de Lengua Castellana y Literatura que tu profesor\/a ha abierto para esta actividad .<br \/>\nTambi\u00e9n puedes subir tu tarea a Classroom con un enlace compartido desde tu google drive.<\/p>\n<p>\u25aa\ufe0eEl jurado \ud83d\udc68\u200d\u2696 estar\u00e1 compuesto por profesores del Departamento de Lengua Castellana y Literatura, Departamento de M\u00fasica y Coordinadoras de Igualdad y Espacio de Paz.<\/p>\n<p>\u25aa\ufe0eLa resoluci\u00f3n del concurso se har\u00e1 p\u00fablica el lunes \ud835\udfd0\ud835\udfd3 \ud835\udc1d\ud835\udc1e \ud835\udc0d\ud835\udc28\ud835\udc2f\ud835\udc22\ud835\udc1e\ud835\udc26\ud835\udc1b\ud835\udc2b\ud835\udc1e en el Ayto. de Hu\u00e9tor Vega. Los dos primeros premios ser\u00e1n entregados por<br \/>\nCarolina Higueras, Concejala de Igualdad.<\/p>\n<p>\u25aa\ufe0eLos finalistas del concurso recibir\u00e1n un diploma de reconocimiento emitido por el IES Los Neveros y ser\u00e1n invitados a recitar sus composiciones de manera p\u00fablica junto a las dem\u00e1s actividades que se llevar\u00e1n a cabo en el Ayuntamiento de Hu\u00e9tor Vega.<\/p>\n<p>&nbsp;<\/p>\n<p><img fetchpriority=\"high\" decoding=\"async\" class=\"alignnone size-medium wp-image-1743\" src=\"https:\/\/blogsaverroes.juntadeandalucia.es\/ieslosneveros\/files\/2024\/12\/Snapinsta.app_467318704_443454655526957_3407577617789604647_n_1080-300x300.jpg\" alt=\"\" width=\"300\" height=\"300\" srcset=\"https:\/\/blogsaverroes.juntadeandalucia.es\/ieslosneveros\/files\/2024\/12\/Snapinsta.app_467318704_443454655526957_3407577617789604647_n_1080-300x300.jpg 300w, https:\/\/blogsaverroes.juntadeandalucia.es\/ieslosneveros\/files\/2024\/12\/Snapinsta.app_467318704_443454655526957_3407577617789604647_n_1080-1024x1024.jpg 1024w, https:\/\/blogsaverroes.juntadeandalucia.es\/ieslosneveros\/files\/2024\/12\/Snapinsta.app_467318704_443454655526957_3407577617789604647_n_1080-150x150.jpg 150w, https:\/\/blogsaverroes.juntadeandalucia.es\/ieslosneveros\/files\/2024\/12\/Snapinsta.app_467318704_443454655526957_3407577617789604647_n_1080-768x768.jpg 768w, https:\/\/blogsaverroes.juntadeandalucia.es\/ieslosneveros\/files\/2024\/12\/Snapinsta.app_467318704_443454655526957_3407577617789604647_n_1080-80x80.jpg 80w, https:\/\/blogsaverroes.juntadeandalucia.es\/ieslosneveros\/files\/2024\/12\/Snapinsta.app_467318704_443454655526957_3407577617789604647_n_1080-320x320.jpg 320w, https:\/\/blogsaverroes.juntadeandalucia.es\/ieslosneveros\/files\/2024\/12\/Snapinsta.app_467318704_443454655526957_3407577617789604647_n_1080.jpg 1080w\" sizes=\"(max-width: 300px) 100vw, 300px\" \/> <img decoding=\"async\" class=\"alignnone size-medium wp-image-1744\" src=\"https:\/\/blogsaverroes.juntadeandalucia.es\/ieslosneveros\/files\/2024\/12\/Snapinsta.app_467318125_883119206918970_5565985232496406786_n_1080-300x300.jpg\" alt=\"\" width=\"300\" height=\"300\" srcset=\"https:\/\/blogsaverroes.juntadeandalucia.es\/ieslosneveros\/files\/2024\/12\/Snapinsta.app_467318125_883119206918970_5565985232496406786_n_1080-300x300.jpg 300w, https:\/\/blogsaverroes.juntadeandalucia.es\/ieslosneveros\/files\/2024\/12\/Snapinsta.app_467318125_883119206918970_5565985232496406786_n_1080-1024x1024.jpg 1024w, https:\/\/blogsaverroes.juntadeandalucia.es\/ieslosneveros\/files\/2024\/12\/Snapinsta.app_467318125_883119206918970_5565985232496406786_n_1080-150x150.jpg 150w, https:\/\/blogsaverroes.juntadeandalucia.es\/ieslosneveros\/files\/2024\/12\/Snapinsta.app_467318125_883119206918970_5565985232496406786_n_1080-768x768.jpg 768w, https:\/\/blogsaverroes.juntadeandalucia.es\/ieslosneveros\/files\/2024\/12\/Snapinsta.app_467318125_883119206918970_5565985232496406786_n_1080-80x80.jpg 80w, https:\/\/blogsaverroes.juntadeandalucia.es\/ieslosneveros\/files\/2024\/12\/Snapinsta.app_467318125_883119206918970_5565985232496406786_n_1080-320x320.jpg 320w, https:\/\/blogsaverroes.juntadeandalucia.es\/ieslosneveros\/files\/2024\/12\/Snapinsta.app_467318125_883119206918970_5565985232496406786_n_1080.jpg 1080w\" sizes=\"(max-width: 300px) 100vw, 300px\" \/> <img decoding=\"async\" class=\"alignnone size-medium wp-image-1745\" src=\"https:\/\/blogsaverroes.juntadeandalucia.es\/ieslosneveros\/files\/2024\/12\/Snapinsta.app_467318125_1250205552885910_7271242912335339969_n_1080-300x300.jpg\" alt=\"\" width=\"300\" height=\"300\" srcset=\"https:\/\/blogsaverroes.juntadeandalucia.es\/ieslosneveros\/files\/2024\/12\/Snapinsta.app_467318125_1250205552885910_7271242912335339969_n_1080-300x300.jpg 300w, https:\/\/blogsaverroes.juntadeandalucia.es\/ieslosneveros\/files\/2024\/12\/Snapinsta.app_467318125_1250205552885910_7271242912335339969_n_1080-1024x1024.jpg 1024w, https:\/\/blogsaverroes.juntadeandalucia.es\/ieslosneveros\/files\/2024\/12\/Snapinsta.app_467318125_1250205552885910_7271242912335339969_n_1080-150x150.jpg 150w, https:\/\/blogsaverroes.juntadeandalucia.es\/ieslosneveros\/files\/2024\/12\/Snapinsta.app_467318125_1250205552885910_7271242912335339969_n_1080-768x768.jpg 768w, https:\/\/blogsaverroes.juntadeandalucia.es\/ieslosneveros\/files\/2024\/12\/Snapinsta.app_467318125_1250205552885910_7271242912335339969_n_1080-80x80.jpg 80w, https:\/\/blogsaverroes.juntadeandalucia.es\/ieslosneveros\/files\/2024\/12\/Snapinsta.app_467318125_1250205552885910_7271242912335339969_n_1080-320x320.jpg 320w, https:\/\/blogsaverroes.juntadeandalucia.es\/ieslosneveros\/files\/2024\/12\/Snapinsta.app_467318125_1250205552885910_7271242912335339969_n_1080.jpg 1080w\" sizes=\"(max-width: 300px) 100vw, 300px\" \/><\/p>\n","protected":false},"excerpt":{"rendered":"<p>\ud83c\udfa4 Desde la Comunidad de Aprendizaje del IES Los Neveros te animamos a que escribas un \ud835\udc11 \ud835\udc00 \ud835\udc0f que \u2026 \u2022 Denuncie c\u00f3mo son las relaciones t\u00f3xicas en la&#46;&#46;&#46;<\/p>\n","protected":false},"author":18021,"featured_media":1745,"comment_status":"closed","ping_status":"open","sticky":false,"template":"","format":"standard","meta":{"ngg_post_thumbnail":0,"footnotes":""},"categories":[4],"tags":[],"aioseo_notices":[],"_links":{"self":[{"href":"https:\/\/blogsaverroes.juntadeandalucia.es\/ieslosneveros\/wp-json\/wp\/v2\/posts\/1742"}],"collection":[{"href":"https:\/\/blogsaverroes.juntadeandalucia.es\/ieslosneveros\/wp-json\/wp\/v2\/posts"}],"about":[{"href":"https:\/\/blogsaverroes.juntadeandalucia.es\/ieslosneveros\/wp-json\/wp\/v2\/types\/post"}],"author":[{"embeddable":true,"href":"https:\/\/blogsaverroes.juntadeandalucia.es\/ieslosneveros\/wp-json\/wp\/v2\/users\/18021"}],"replies":[{"embeddable":true,"href":"https:\/\/blogsaverroes.juntadeandalucia.es\/ieslosneveros\/wp-json\/wp\/v2\/comments?post=1742"}],"version-history":[{"count":1,"href":"https:\/\/blogsaverroes.juntadeandalucia.es\/ieslosneveros\/wp-json\/wp\/v2\/posts\/1742\/revisions"}],"predecessor-version":[{"id":1746,"href":"https:\/\/blogsaverroes.juntadeandalucia.es\/ieslosneveros\/wp-json\/wp\/v2\/posts\/1742\/revisions\/1746"}],"wp:featuredmedia":[{"embeddable":true,"href":"https:\/\/blogsaverroes.juntadeandalucia.es\/ieslosneveros\/wp-json\/wp\/v2\/media\/1745"}],"wp:attachment":[{"href":"https:\/\/blogsaverroes.juntadeandalucia.es\/ieslosneveros\/wp-json\/wp\/v2\/media?parent=1742"}],"wp:term":[{"taxonomy":"category","embeddable":true,"href":"https:\/\/blogsaverroes.juntadeandalucia.es\/ieslosneveros\/wp-json\/wp\/v2\/categories?post=1742"},{"taxonomy":"post_tag","embeddable":true,"href":"https:\/\/blogsaverroes.juntadeandalucia.es\/ieslosneveros\/wp-json\/wp\/v2\/tags?post=1742"}],"curies":[{"name":"wp","href":"https:\/\/api.w.org\/{rel}","templated":true}]}}