{"id":2009,"date":"2025-11-27T10:19:55","date_gmt":"2025-11-27T09:19:55","guid":{"rendered":"https:\/\/blogsaverroes.juntadeandalucia.es\/ieslosneveros\/?p=2009"},"modified":"2025-12-11T10:26:05","modified_gmt":"2025-12-11T09:26:05","slug":"marcha-del-25n","status":"publish","type":"post","link":"https:\/\/blogsaverroes.juntadeandalucia.es\/ieslosneveros\/marcha-del-25n\/","title":{"rendered":"Marcha del 25N"},"content":{"rendered":"<p>Un a\u00f1o m\u00e1s, el alumnado del IES Los Neveros participa en la Marcha del 25N en el D\u00eda internacional contra la violencia de g\u00e9nero \ud83d\udc9c.<br \/>\nCon un maravilloso despliegue de pancartas realizadas por todo el alumnado, nuestras chicas y chicos recorrieron las calles de Hu\u00e9tor Vega para gritar en contra de la violencia de g\u00e9nero.<br \/>\nPorque queremos un futuro para nuestras chicas en el que se sientan libres, seguras y sin miedo.<br \/>\n<a class=\"x1i10hfl xjbqb8w x1ejq31n x18oe1m7 x1sy0etr xstzfhl x972fbf x10w94by x1qhh985 x14e42zd x9f619 x1ypdohk xt0psk2 x3ct3a4 xdj266r x14z9mp xat24cr x1lziwak xexx8yu xyri2b x18d9i69 x1c1uobl x16tdsg8 x1hl2dhg xggy1nq x1a2a7pz _aa9_ _a6hd\" role=\"link\" href=\"https:\/\/www.instagram.com\/explore\/tags\/niunam%C3%A1s\/\">#niunam\u00e1s<\/a><\/p>\n<p><img fetchpriority=\"high\" decoding=\"async\" class=\"alignnone size-full wp-image-2010\" src=\"https:\/\/blogsaverroes.juntadeandalucia.es\/ieslosneveros\/files\/2025\/12\/Un-ano-mas-el-alumnado-del-IES-Los-Neveros-participa-en-la-Marcha-del-25N-en-el-Dia-internac-1.png\" alt=\"\" width=\"1080\" height=\"1080\" srcset=\"https:\/\/blogsaverroes.juntadeandalucia.es\/ieslosneveros\/files\/2025\/12\/Un-ano-mas-el-alumnado-del-IES-Los-Neveros-participa-en-la-Marcha-del-25N-en-el-Dia-internac-1.png 1080w, https:\/\/blogsaverroes.juntadeandalucia.es\/ieslosneveros\/files\/2025\/12\/Un-ano-mas-el-alumnado-del-IES-Los-Neveros-participa-en-la-Marcha-del-25N-en-el-Dia-internac-1-300x300.png 300w, https:\/\/blogsaverroes.juntadeandalucia.es\/ieslosneveros\/files\/2025\/12\/Un-ano-mas-el-alumnado-del-IES-Los-Neveros-participa-en-la-Marcha-del-25N-en-el-Dia-internac-1-1024x1024.png 1024w, https:\/\/blogsaverroes.juntadeandalucia.es\/ieslosneveros\/files\/2025\/12\/Un-ano-mas-el-alumnado-del-IES-Los-Neveros-participa-en-la-Marcha-del-25N-en-el-Dia-internac-1-150x150.png 150w, https:\/\/blogsaverroes.juntadeandalucia.es\/ieslosneveros\/files\/2025\/12\/Un-ano-mas-el-alumnado-del-IES-Los-Neveros-participa-en-la-Marcha-del-25N-en-el-Dia-internac-1-768x768.png 768w, https:\/\/blogsaverroes.juntadeandalucia.es\/ieslosneveros\/files\/2025\/12\/Un-ano-mas-el-alumnado-del-IES-Los-Neveros-participa-en-la-Marcha-del-25N-en-el-Dia-internac-1-80x80.png 80w, https:\/\/blogsaverroes.juntadeandalucia.es\/ieslosneveros\/files\/2025\/12\/Un-ano-mas-el-alumnado-del-IES-Los-Neveros-participa-en-la-Marcha-del-25N-en-el-Dia-internac-1-320x320.png 320w\" sizes=\"(max-width: 1080px) 100vw, 1080px\" \/> <img decoding=\"async\" class=\"alignnone size-full wp-image-2011\" src=\"https:\/\/blogsaverroes.juntadeandalucia.es\/ieslosneveros\/files\/2025\/12\/Un-ano-mas-el-alumnado-del-IES-Los-Neveros-participa-en-la-Marcha-del-25N-en-el-Dia-internac-2.png\" alt=\"\" width=\"1080\" height=\"1080\" srcset=\"https:\/\/blogsaverroes.juntadeandalucia.es\/ieslosneveros\/files\/2025\/12\/Un-ano-mas-el-alumnado-del-IES-Los-Neveros-participa-en-la-Marcha-del-25N-en-el-Dia-internac-2.png 1080w, https:\/\/blogsaverroes.juntadeandalucia.es\/ieslosneveros\/files\/2025\/12\/Un-ano-mas-el-alumnado-del-IES-Los-Neveros-participa-en-la-Marcha-del-25N-en-el-Dia-internac-2-300x300.png 300w, https:\/\/blogsaverroes.juntadeandalucia.es\/ieslosneveros\/files\/2025\/12\/Un-ano-mas-el-alumnado-del-IES-Los-Neveros-participa-en-la-Marcha-del-25N-en-el-Dia-internac-2-1024x1024.png 1024w, https:\/\/blogsaverroes.juntadeandalucia.es\/ieslosneveros\/files\/2025\/12\/Un-ano-mas-el-alumnado-del-IES-Los-Neveros-participa-en-la-Marcha-del-25N-en-el-Dia-internac-2-150x150.png 150w, https:\/\/blogsaverroes.juntadeandalucia.es\/ieslosneveros\/files\/2025\/12\/Un-ano-mas-el-alumnado-del-IES-Los-Neveros-participa-en-la-Marcha-del-25N-en-el-Dia-internac-2-768x768.png 768w, https:\/\/blogsaverroes.juntadeandalucia.es\/ieslosneveros\/files\/2025\/12\/Un-ano-mas-el-alumnado-del-IES-Los-Neveros-participa-en-la-Marcha-del-25N-en-el-Dia-internac-2-80x80.png 80w, https:\/\/blogsaverroes.juntadeandalucia.es\/ieslosneveros\/files\/2025\/12\/Un-ano-mas-el-alumnado-del-IES-Los-Neveros-participa-en-la-Marcha-del-25N-en-el-Dia-internac-2-320x320.png 320w\" sizes=\"(max-width: 1080px) 100vw, 1080px\" \/> <img decoding=\"async\" class=\"alignnone size-full wp-image-2012\" src=\"https:\/\/blogsaverroes.juntadeandalucia.es\/ieslosneveros\/files\/2025\/12\/Un-ano-mas-el-alumnado-del-IES-Los-Neveros-participa-en-la-Marcha-del-25N-en-el-Dia-internac.png\" alt=\"\" width=\"1080\" height=\"1080\" srcset=\"https:\/\/blogsaverroes.juntadeandalucia.es\/ieslosneveros\/files\/2025\/12\/Un-ano-mas-el-alumnado-del-IES-Los-Neveros-participa-en-la-Marcha-del-25N-en-el-Dia-internac.png 1080w, https:\/\/blogsaverroes.juntadeandalucia.es\/ieslosneveros\/files\/2025\/12\/Un-ano-mas-el-alumnado-del-IES-Los-Neveros-participa-en-la-Marcha-del-25N-en-el-Dia-internac-300x300.png 300w, https:\/\/blogsaverroes.juntadeandalucia.es\/ieslosneveros\/files\/2025\/12\/Un-ano-mas-el-alumnado-del-IES-Los-Neveros-participa-en-la-Marcha-del-25N-en-el-Dia-internac-1024x1024.png 1024w, https:\/\/blogsaverroes.juntadeandalucia.es\/ieslosneveros\/files\/2025\/12\/Un-ano-mas-el-alumnado-del-IES-Los-Neveros-participa-en-la-Marcha-del-25N-en-el-Dia-internac-150x150.png 150w, https:\/\/blogsaverroes.juntadeandalucia.es\/ieslosneveros\/files\/2025\/12\/Un-ano-mas-el-alumnado-del-IES-Los-Neveros-participa-en-la-Marcha-del-25N-en-el-Dia-internac-768x768.png 768w, https:\/\/blogsaverroes.juntadeandalucia.es\/ieslosneveros\/files\/2025\/12\/Un-ano-mas-el-alumnado-del-IES-Los-Neveros-participa-en-la-Marcha-del-25N-en-el-Dia-internac-80x80.png 80w, https:\/\/blogsaverroes.juntadeandalucia.es\/ieslosneveros\/files\/2025\/12\/Un-ano-mas-el-alumnado-del-IES-Los-Neveros-participa-en-la-Marcha-del-25N-en-el-Dia-internac-320x320.png 320w\" sizes=\"(max-width: 1080px) 100vw, 1080px\" \/> <img loading=\"lazy\" decoding=\"async\" class=\"alignnone size-full wp-image-2013\" src=\"https:\/\/blogsaverroes.juntadeandalucia.es\/ieslosneveros\/files\/2025\/12\/Un-ano-mas-el-alumnado-del-IES-Los-Neveros-participa-en-la-Marcha-del-25N-en-el-Dia-internac-3.png\" alt=\"\" width=\"1080\" height=\"1080\" srcset=\"https:\/\/blogsaverroes.juntadeandalucia.es\/ieslosneveros\/files\/2025\/12\/Un-ano-mas-el-alumnado-del-IES-Los-Neveros-participa-en-la-Marcha-del-25N-en-el-Dia-internac-3.png 1080w, https:\/\/blogsaverroes.juntadeandalucia.es\/ieslosneveros\/files\/2025\/12\/Un-ano-mas-el-alumnado-del-IES-Los-Neveros-participa-en-la-Marcha-del-25N-en-el-Dia-internac-3-300x300.png 300w, https:\/\/blogsaverroes.juntadeandalucia.es\/ieslosneveros\/files\/2025\/12\/Un-ano-mas-el-alumnado-del-IES-Los-Neveros-participa-en-la-Marcha-del-25N-en-el-Dia-internac-3-1024x1024.png 1024w, https:\/\/blogsaverroes.juntadeandalucia.es\/ieslosneveros\/files\/2025\/12\/Un-ano-mas-el-alumnado-del-IES-Los-Neveros-participa-en-la-Marcha-del-25N-en-el-Dia-internac-3-150x150.png 150w, https:\/\/blogsaverroes.juntadeandalucia.es\/ieslosneveros\/files\/2025\/12\/Un-ano-mas-el-alumnado-del-IES-Los-Neveros-participa-en-la-Marcha-del-25N-en-el-Dia-internac-3-768x768.png 768w, https:\/\/blogsaverroes.juntadeandalucia.es\/ieslosneveros\/files\/2025\/12\/Un-ano-mas-el-alumnado-del-IES-Los-Neveros-participa-en-la-Marcha-del-25N-en-el-Dia-internac-3-80x80.png 80w, https:\/\/blogsaverroes.juntadeandalucia.es\/ieslosneveros\/files\/2025\/12\/Un-ano-mas-el-alumnado-del-IES-Los-Neveros-participa-en-la-Marcha-del-25N-en-el-Dia-internac-3-320x320.png 320w\" sizes=\"(max-width: 1080px) 100vw, 1080px\" \/> <img loading=\"lazy\" decoding=\"async\" class=\"alignnone size-full wp-image-2014\" src=\"https:\/\/blogsaverroes.juntadeandalucia.es\/ieslosneveros\/files\/2025\/12\/Un-ano-mas-el-alumnado-del-IES-Los-Neveros-participa-en-la-Marcha-del-25N-en-el-Dia-internac-4.png\" alt=\"\" width=\"1080\" height=\"1080\" srcset=\"https:\/\/blogsaverroes.juntadeandalucia.es\/ieslosneveros\/files\/2025\/12\/Un-ano-mas-el-alumnado-del-IES-Los-Neveros-participa-en-la-Marcha-del-25N-en-el-Dia-internac-4.png 1080w, https:\/\/blogsaverroes.juntadeandalucia.es\/ieslosneveros\/files\/2025\/12\/Un-ano-mas-el-alumnado-del-IES-Los-Neveros-participa-en-la-Marcha-del-25N-en-el-Dia-internac-4-300x300.png 300w, https:\/\/blogsaverroes.juntadeandalucia.es\/ieslosneveros\/files\/2025\/12\/Un-ano-mas-el-alumnado-del-IES-Los-Neveros-participa-en-la-Marcha-del-25N-en-el-Dia-internac-4-1024x1024.png 1024w, https:\/\/blogsaverroes.juntadeandalucia.es\/ieslosneveros\/files\/2025\/12\/Un-ano-mas-el-alumnado-del-IES-Los-Neveros-participa-en-la-Marcha-del-25N-en-el-Dia-internac-4-150x150.png 150w, https:\/\/blogsaverroes.juntadeandalucia.es\/ieslosneveros\/files\/2025\/12\/Un-ano-mas-el-alumnado-del-IES-Los-Neveros-participa-en-la-Marcha-del-25N-en-el-Dia-internac-4-768x768.png 768w, https:\/\/blogsaverroes.juntadeandalucia.es\/ieslosneveros\/files\/2025\/12\/Un-ano-mas-el-alumnado-del-IES-Los-Neveros-participa-en-la-Marcha-del-25N-en-el-Dia-internac-4-80x80.png 80w, https:\/\/blogsaverroes.juntadeandalucia.es\/ieslosneveros\/files\/2025\/12\/Un-ano-mas-el-alumnado-del-IES-Los-Neveros-participa-en-la-Marcha-del-25N-en-el-Dia-internac-4-320x320.png 320w\" sizes=\"(max-width: 1080px) 100vw, 1080px\" \/> <img loading=\"lazy\" decoding=\"async\" class=\"alignnone size-full wp-image-2015\" src=\"https:\/\/blogsaverroes.juntadeandalucia.es\/ieslosneveros\/files\/2025\/12\/Un-ano-mas-el-alumnado-del-IES-Los-Neveros-participa-en-la-Marcha-del-25N-en-el-Dia-internac-5.png\" alt=\"\" width=\"1080\" height=\"1080\" srcset=\"https:\/\/blogsaverroes.juntadeandalucia.es\/ieslosneveros\/files\/2025\/12\/Un-ano-mas-el-alumnado-del-IES-Los-Neveros-participa-en-la-Marcha-del-25N-en-el-Dia-internac-5.png 1080w, https:\/\/blogsaverroes.juntadeandalucia.es\/ieslosneveros\/files\/2025\/12\/Un-ano-mas-el-alumnado-del-IES-Los-Neveros-participa-en-la-Marcha-del-25N-en-el-Dia-internac-5-300x300.png 300w, https:\/\/blogsaverroes.juntadeandalucia.es\/ieslosneveros\/files\/2025\/12\/Un-ano-mas-el-alumnado-del-IES-Los-Neveros-participa-en-la-Marcha-del-25N-en-el-Dia-internac-5-1024x1024.png 1024w, https:\/\/blogsaverroes.juntadeandalucia.es\/ieslosneveros\/files\/2025\/12\/Un-ano-mas-el-alumnado-del-IES-Los-Neveros-participa-en-la-Marcha-del-25N-en-el-Dia-internac-5-150x150.png 150w, https:\/\/blogsaverroes.juntadeandalucia.es\/ieslosneveros\/files\/2025\/12\/Un-ano-mas-el-alumnado-del-IES-Los-Neveros-participa-en-la-Marcha-del-25N-en-el-Dia-internac-5-768x768.png 768w, https:\/\/blogsaverroes.juntadeandalucia.es\/ieslosneveros\/files\/2025\/12\/Un-ano-mas-el-alumnado-del-IES-Los-Neveros-participa-en-la-Marcha-del-25N-en-el-Dia-internac-5-80x80.png 80w, https:\/\/blogsaverroes.juntadeandalucia.es\/ieslosneveros\/files\/2025\/12\/Un-ano-mas-el-alumnado-del-IES-Los-Neveros-participa-en-la-Marcha-del-25N-en-el-Dia-internac-5-320x320.png 320w\" sizes=\"(max-width: 1080px) 100vw, 1080px\" \/> <img loading=\"lazy\" decoding=\"async\" class=\"alignnone size-full wp-image-2016\" src=\"https:\/\/blogsaverroes.juntadeandalucia.es\/ieslosneveros\/files\/2025\/12\/Un-ano-mas-el-alumnado-del-IES-Los-Neveros-participa-en-la-Marcha-del-25N-en-el-Dia-internac-6.png\" alt=\"\" width=\"1080\" height=\"1080\" srcset=\"https:\/\/blogsaverroes.juntadeandalucia.es\/ieslosneveros\/files\/2025\/12\/Un-ano-mas-el-alumnado-del-IES-Los-Neveros-participa-en-la-Marcha-del-25N-en-el-Dia-internac-6.png 1080w, https:\/\/blogsaverroes.juntadeandalucia.es\/ieslosneveros\/files\/2025\/12\/Un-ano-mas-el-alumnado-del-IES-Los-Neveros-participa-en-la-Marcha-del-25N-en-el-Dia-internac-6-300x300.png 300w, https:\/\/blogsaverroes.juntadeandalucia.es\/ieslosneveros\/files\/2025\/12\/Un-ano-mas-el-alumnado-del-IES-Los-Neveros-participa-en-la-Marcha-del-25N-en-el-Dia-internac-6-1024x1024.png 1024w, https:\/\/blogsaverroes.juntadeandalucia.es\/ieslosneveros\/files\/2025\/12\/Un-ano-mas-el-alumnado-del-IES-Los-Neveros-participa-en-la-Marcha-del-25N-en-el-Dia-internac-6-150x150.png 150w, https:\/\/blogsaverroes.juntadeandalucia.es\/ieslosneveros\/files\/2025\/12\/Un-ano-mas-el-alumnado-del-IES-Los-Neveros-participa-en-la-Marcha-del-25N-en-el-Dia-internac-6-768x768.png 768w, https:\/\/blogsaverroes.juntadeandalucia.es\/ieslosneveros\/files\/2025\/12\/Un-ano-mas-el-alumnado-del-IES-Los-Neveros-participa-en-la-Marcha-del-25N-en-el-Dia-internac-6-80x80.png 80w, https:\/\/blogsaverroes.juntadeandalucia.es\/ieslosneveros\/files\/2025\/12\/Un-ano-mas-el-alumnado-del-IES-Los-Neveros-participa-en-la-Marcha-del-25N-en-el-Dia-internac-6-320x320.png 320w\" sizes=\"(max-width: 1080px) 100vw, 1080px\" \/> <img loading=\"lazy\" decoding=\"async\" class=\"alignnone size-full wp-image-2017\" src=\"https:\/\/blogsaverroes.juntadeandalucia.es\/ieslosneveros\/files\/2025\/12\/Un-ano-mas-el-alumnado-del-IES-Los-Neveros-participa-en-la-Marcha-del-25N-en-el-Dia-internac-7.png\" alt=\"\" width=\"1080\" height=\"1080\" srcset=\"https:\/\/blogsaverroes.juntadeandalucia.es\/ieslosneveros\/files\/2025\/12\/Un-ano-mas-el-alumnado-del-IES-Los-Neveros-participa-en-la-Marcha-del-25N-en-el-Dia-internac-7.png 1080w, https:\/\/blogsaverroes.juntadeandalucia.es\/ieslosneveros\/files\/2025\/12\/Un-ano-mas-el-alumnado-del-IES-Los-Neveros-participa-en-la-Marcha-del-25N-en-el-Dia-internac-7-300x300.png 300w, https:\/\/blogsaverroes.juntadeandalucia.es\/ieslosneveros\/files\/2025\/12\/Un-ano-mas-el-alumnado-del-IES-Los-Neveros-participa-en-la-Marcha-del-25N-en-el-Dia-internac-7-1024x1024.png 1024w, https:\/\/blogsaverroes.juntadeandalucia.es\/ieslosneveros\/files\/2025\/12\/Un-ano-mas-el-alumnado-del-IES-Los-Neveros-participa-en-la-Marcha-del-25N-en-el-Dia-internac-7-150x150.png 150w, https:\/\/blogsaverroes.juntadeandalucia.es\/ieslosneveros\/files\/2025\/12\/Un-ano-mas-el-alumnado-del-IES-Los-Neveros-participa-en-la-Marcha-del-25N-en-el-Dia-internac-7-768x768.png 768w, https:\/\/blogsaverroes.juntadeandalucia.es\/ieslosneveros\/files\/2025\/12\/Un-ano-mas-el-alumnado-del-IES-Los-Neveros-participa-en-la-Marcha-del-25N-en-el-Dia-internac-7-80x80.png 80w, https:\/\/blogsaverroes.juntadeandalucia.es\/ieslosneveros\/files\/2025\/12\/Un-ano-mas-el-alumnado-del-IES-Los-Neveros-participa-en-la-Marcha-del-25N-en-el-Dia-internac-7-320x320.png 320w\" sizes=\"(max-width: 1080px) 100vw, 1080px\" \/> <img loading=\"lazy\" decoding=\"async\" class=\"alignnone size-full wp-image-2018\" src=\"https:\/\/blogsaverroes.juntadeandalucia.es\/ieslosneveros\/files\/2025\/12\/Un-ano-mas-el-alumnado-del-IES-Los-Neveros-participa-en-la-Marcha-del-25N-en-el-Dia-internac-8.png\" alt=\"\" width=\"1080\" height=\"1080\" srcset=\"https:\/\/blogsaverroes.juntadeandalucia.es\/ieslosneveros\/files\/2025\/12\/Un-ano-mas-el-alumnado-del-IES-Los-Neveros-participa-en-la-Marcha-del-25N-en-el-Dia-internac-8.png 1080w, https:\/\/blogsaverroes.juntadeandalucia.es\/ieslosneveros\/files\/2025\/12\/Un-ano-mas-el-alumnado-del-IES-Los-Neveros-participa-en-la-Marcha-del-25N-en-el-Dia-internac-8-300x300.png 300w, https:\/\/blogsaverroes.juntadeandalucia.es\/ieslosneveros\/files\/2025\/12\/Un-ano-mas-el-alumnado-del-IES-Los-Neveros-participa-en-la-Marcha-del-25N-en-el-Dia-internac-8-1024x1024.png 1024w, https:\/\/blogsaverroes.juntadeandalucia.es\/ieslosneveros\/files\/2025\/12\/Un-ano-mas-el-alumnado-del-IES-Los-Neveros-participa-en-la-Marcha-del-25N-en-el-Dia-internac-8-150x150.png 150w, https:\/\/blogsaverroes.juntadeandalucia.es\/ieslosneveros\/files\/2025\/12\/Un-ano-mas-el-alumnado-del-IES-Los-Neveros-participa-en-la-Marcha-del-25N-en-el-Dia-internac-8-768x768.png 768w, https:\/\/blogsaverroes.juntadeandalucia.es\/ieslosneveros\/files\/2025\/12\/Un-ano-mas-el-alumnado-del-IES-Los-Neveros-participa-en-la-Marcha-del-25N-en-el-Dia-internac-8-80x80.png 80w, https:\/\/blogsaverroes.juntadeandalucia.es\/ieslosneveros\/files\/2025\/12\/Un-ano-mas-el-alumnado-del-IES-Los-Neveros-participa-en-la-Marcha-del-25N-en-el-Dia-internac-8-320x320.png 320w\" sizes=\"(max-width: 1080px) 100vw, 1080px\" \/> <img loading=\"lazy\" decoding=\"async\" class=\"alignnone size-full wp-image-2019\" src=\"https:\/\/blogsaverroes.juntadeandalucia.es\/ieslosneveros\/files\/2025\/12\/Un-ano-mas-el-alumnado-del-IES-Los-Neveros-participa-en-la-Marcha-del-25N-en-el-Dia-internac-9.png\" alt=\"\" width=\"1080\" height=\"1080\" srcset=\"https:\/\/blogsaverroes.juntadeandalucia.es\/ieslosneveros\/files\/2025\/12\/Un-ano-mas-el-alumnado-del-IES-Los-Neveros-participa-en-la-Marcha-del-25N-en-el-Dia-internac-9.png 1080w, https:\/\/blogsaverroes.juntadeandalucia.es\/ieslosneveros\/files\/2025\/12\/Un-ano-mas-el-alumnado-del-IES-Los-Neveros-participa-en-la-Marcha-del-25N-en-el-Dia-internac-9-300x300.png 300w, https:\/\/blogsaverroes.juntadeandalucia.es\/ieslosneveros\/files\/2025\/12\/Un-ano-mas-el-alumnado-del-IES-Los-Neveros-participa-en-la-Marcha-del-25N-en-el-Dia-internac-9-1024x1024.png 1024w, https:\/\/blogsaverroes.juntadeandalucia.es\/ieslosneveros\/files\/2025\/12\/Un-ano-mas-el-alumnado-del-IES-Los-Neveros-participa-en-la-Marcha-del-25N-en-el-Dia-internac-9-150x150.png 150w, https:\/\/blogsaverroes.juntadeandalucia.es\/ieslosneveros\/files\/2025\/12\/Un-ano-mas-el-alumnado-del-IES-Los-Neveros-participa-en-la-Marcha-del-25N-en-el-Dia-internac-9-768x768.png 768w, https:\/\/blogsaverroes.juntadeandalucia.es\/ieslosneveros\/files\/2025\/12\/Un-ano-mas-el-alumnado-del-IES-Los-Neveros-participa-en-la-Marcha-del-25N-en-el-Dia-internac-9-80x80.png 80w, https:\/\/blogsaverroes.juntadeandalucia.es\/ieslosneveros\/files\/2025\/12\/Un-ano-mas-el-alumnado-del-IES-Los-Neveros-participa-en-la-Marcha-del-25N-en-el-Dia-internac-9-320x320.png 320w\" sizes=\"(max-width: 1080px) 100vw, 1080px\" \/> <img loading=\"lazy\" decoding=\"async\" class=\"alignnone size-full wp-image-2020\" src=\"https:\/\/blogsaverroes.juntadeandalucia.es\/ieslosneveros\/files\/2025\/12\/Un-ano-mas-el-alumnado-del-IES-Los-Neveros-participa-en-la-Marcha-del-25N-en-el-Dia-internac-10.png\" alt=\"\" width=\"1080\" height=\"1080\" srcset=\"https:\/\/blogsaverroes.juntadeandalucia.es\/ieslosneveros\/files\/2025\/12\/Un-ano-mas-el-alumnado-del-IES-Los-Neveros-participa-en-la-Marcha-del-25N-en-el-Dia-internac-10.png 1080w, https:\/\/blogsaverroes.juntadeandalucia.es\/ieslosneveros\/files\/2025\/12\/Un-ano-mas-el-alumnado-del-IES-Los-Neveros-participa-en-la-Marcha-del-25N-en-el-Dia-internac-10-300x300.png 300w, https:\/\/blogsaverroes.juntadeandalucia.es\/ieslosneveros\/files\/2025\/12\/Un-ano-mas-el-alumnado-del-IES-Los-Neveros-participa-en-la-Marcha-del-25N-en-el-Dia-internac-10-1024x1024.png 1024w, https:\/\/blogsaverroes.juntadeandalucia.es\/ieslosneveros\/files\/2025\/12\/Un-ano-mas-el-alumnado-del-IES-Los-Neveros-participa-en-la-Marcha-del-25N-en-el-Dia-internac-10-150x150.png 150w, https:\/\/blogsaverroes.juntadeandalucia.es\/ieslosneveros\/files\/2025\/12\/Un-ano-mas-el-alumnado-del-IES-Los-Neveros-participa-en-la-Marcha-del-25N-en-el-Dia-internac-10-768x768.png 768w, https:\/\/blogsaverroes.juntadeandalucia.es\/ieslosneveros\/files\/2025\/12\/Un-ano-mas-el-alumnado-del-IES-Los-Neveros-participa-en-la-Marcha-del-25N-en-el-Dia-internac-10-80x80.png 80w, https:\/\/blogsaverroes.juntadeandalucia.es\/ieslosneveros\/files\/2025\/12\/Un-ano-mas-el-alumnado-del-IES-Los-Neveros-participa-en-la-Marcha-del-25N-en-el-Dia-internac-10-320x320.png 320w\" sizes=\"(max-width: 1080px) 100vw, 1080px\" \/> <img loading=\"lazy\" decoding=\"async\" class=\"alignnone size-full wp-image-2021\" src=\"https:\/\/blogsaverroes.juntadeandalucia.es\/ieslosneveros\/files\/2025\/12\/Un-ano-mas-el-alumnado-del-IES-Los-Neveros-participa-en-la-Marcha-del-25N-en-el-Dia-internac-11.png\" alt=\"\" width=\"1080\" height=\"1080\" srcset=\"https:\/\/blogsaverroes.juntadeandalucia.es\/ieslosneveros\/files\/2025\/12\/Un-ano-mas-el-alumnado-del-IES-Los-Neveros-participa-en-la-Marcha-del-25N-en-el-Dia-internac-11.png 1080w, https:\/\/blogsaverroes.juntadeandalucia.es\/ieslosneveros\/files\/2025\/12\/Un-ano-mas-el-alumnado-del-IES-Los-Neveros-participa-en-la-Marcha-del-25N-en-el-Dia-internac-11-300x300.png 300w, https:\/\/blogsaverroes.juntadeandalucia.es\/ieslosneveros\/files\/2025\/12\/Un-ano-mas-el-alumnado-del-IES-Los-Neveros-participa-en-la-Marcha-del-25N-en-el-Dia-internac-11-1024x1024.png 1024w, https:\/\/blogsaverroes.juntadeandalucia.es\/ieslosneveros\/files\/2025\/12\/Un-ano-mas-el-alumnado-del-IES-Los-Neveros-participa-en-la-Marcha-del-25N-en-el-Dia-internac-11-150x150.png 150w, https:\/\/blogsaverroes.juntadeandalucia.es\/ieslosneveros\/files\/2025\/12\/Un-ano-mas-el-alumnado-del-IES-Los-Neveros-participa-en-la-Marcha-del-25N-en-el-Dia-internac-11-768x768.png 768w, https:\/\/blogsaverroes.juntadeandalucia.es\/ieslosneveros\/files\/2025\/12\/Un-ano-mas-el-alumnado-del-IES-Los-Neveros-participa-en-la-Marcha-del-25N-en-el-Dia-internac-11-80x80.png 80w, https:\/\/blogsaverroes.juntadeandalucia.es\/ieslosneveros\/files\/2025\/12\/Un-ano-mas-el-alumnado-del-IES-Los-Neveros-participa-en-la-Marcha-del-25N-en-el-Dia-internac-11-320x320.png 320w\" sizes=\"(max-width: 1080px) 100vw, 1080px\" \/> <img loading=\"lazy\" decoding=\"async\" class=\"alignnone size-full wp-image-2022\" src=\"https:\/\/blogsaverroes.juntadeandalucia.es\/ieslosneveros\/files\/2025\/12\/Un-ano-mas-el-alumnado-del-IES-Los-Neveros-participa-en-la-Marcha-del-25N-en-el-Dia-internac-12.png\" alt=\"\" width=\"1080\" height=\"1080\" srcset=\"https:\/\/blogsaverroes.juntadeandalucia.es\/ieslosneveros\/files\/2025\/12\/Un-ano-mas-el-alumnado-del-IES-Los-Neveros-participa-en-la-Marcha-del-25N-en-el-Dia-internac-12.png 1080w, https:\/\/blogsaverroes.juntadeandalucia.es\/ieslosneveros\/files\/2025\/12\/Un-ano-mas-el-alumnado-del-IES-Los-Neveros-participa-en-la-Marcha-del-25N-en-el-Dia-internac-12-300x300.png 300w, https:\/\/blogsaverroes.juntadeandalucia.es\/ieslosneveros\/files\/2025\/12\/Un-ano-mas-el-alumnado-del-IES-Los-Neveros-participa-en-la-Marcha-del-25N-en-el-Dia-internac-12-1024x1024.png 1024w, https:\/\/blogsaverroes.juntadeandalucia.es\/ieslosneveros\/files\/2025\/12\/Un-ano-mas-el-alumnado-del-IES-Los-Neveros-participa-en-la-Marcha-del-25N-en-el-Dia-internac-12-150x150.png 150w, https:\/\/blogsaverroes.juntadeandalucia.es\/ieslosneveros\/files\/2025\/12\/Un-ano-mas-el-alumnado-del-IES-Los-Neveros-participa-en-la-Marcha-del-25N-en-el-Dia-internac-12-768x768.png 768w, https:\/\/blogsaverroes.juntadeandalucia.es\/ieslosneveros\/files\/2025\/12\/Un-ano-mas-el-alumnado-del-IES-Los-Neveros-participa-en-la-Marcha-del-25N-en-el-Dia-internac-12-80x80.png 80w, https:\/\/blogsaverroes.juntadeandalucia.es\/ieslosneveros\/files\/2025\/12\/Un-ano-mas-el-alumnado-del-IES-Los-Neveros-participa-en-la-Marcha-del-25N-en-el-Dia-internac-12-320x320.png 320w\" sizes=\"(max-width: 1080px) 100vw, 1080px\" \/> <img loading=\"lazy\" decoding=\"async\" class=\"alignnone size-full wp-image-2023\" src=\"https:\/\/blogsaverroes.juntadeandalucia.es\/ieslosneveros\/files\/2025\/12\/Un-ano-mas-el-alumnado-del-IES-Los-Neveros-participa-en-la-Marcha-del-25N-en-el-Dia-internac-13.png\" alt=\"\" width=\"1080\" height=\"1080\" srcset=\"https:\/\/blogsaverroes.juntadeandalucia.es\/ieslosneveros\/files\/2025\/12\/Un-ano-mas-el-alumnado-del-IES-Los-Neveros-participa-en-la-Marcha-del-25N-en-el-Dia-internac-13.png 1080w, https:\/\/blogsaverroes.juntadeandalucia.es\/ieslosneveros\/files\/2025\/12\/Un-ano-mas-el-alumnado-del-IES-Los-Neveros-participa-en-la-Marcha-del-25N-en-el-Dia-internac-13-300x300.png 300w, https:\/\/blogsaverroes.juntadeandalucia.es\/ieslosneveros\/files\/2025\/12\/Un-ano-mas-el-alumnado-del-IES-Los-Neveros-participa-en-la-Marcha-del-25N-en-el-Dia-internac-13-1024x1024.png 1024w, https:\/\/blogsaverroes.juntadeandalucia.es\/ieslosneveros\/files\/2025\/12\/Un-ano-mas-el-alumnado-del-IES-Los-Neveros-participa-en-la-Marcha-del-25N-en-el-Dia-internac-13-150x150.png 150w, https:\/\/blogsaverroes.juntadeandalucia.es\/ieslosneveros\/files\/2025\/12\/Un-ano-mas-el-alumnado-del-IES-Los-Neveros-participa-en-la-Marcha-del-25N-en-el-Dia-internac-13-768x768.png 768w, https:\/\/blogsaverroes.juntadeandalucia.es\/ieslosneveros\/files\/2025\/12\/Un-ano-mas-el-alumnado-del-IES-Los-Neveros-participa-en-la-Marcha-del-25N-en-el-Dia-internac-13-80x80.png 80w, https:\/\/blogsaverroes.juntadeandalucia.es\/ieslosneveros\/files\/2025\/12\/Un-ano-mas-el-alumnado-del-IES-Los-Neveros-participa-en-la-Marcha-del-25N-en-el-Dia-internac-13-320x320.png 320w\" sizes=\"(max-width: 1080px) 100vw, 1080px\" \/> <img loading=\"lazy\" decoding=\"async\" class=\"alignnone size-full wp-image-2024\" src=\"https:\/\/blogsaverroes.juntadeandalucia.es\/ieslosneveros\/files\/2025\/12\/Un-ano-mas-el-alumnado-del-IES-Los-Neveros-participa-en-la-Marcha-del-25N-en-el-Dia-internac-14.png\" alt=\"\" width=\"1080\" height=\"1080\" srcset=\"https:\/\/blogsaverroes.juntadeandalucia.es\/ieslosneveros\/files\/2025\/12\/Un-ano-mas-el-alumnado-del-IES-Los-Neveros-participa-en-la-Marcha-del-25N-en-el-Dia-internac-14.png 1080w, https:\/\/blogsaverroes.juntadeandalucia.es\/ieslosneveros\/files\/2025\/12\/Un-ano-mas-el-alumnado-del-IES-Los-Neveros-participa-en-la-Marcha-del-25N-en-el-Dia-internac-14-300x300.png 300w, https:\/\/blogsaverroes.juntadeandalucia.es\/ieslosneveros\/files\/2025\/12\/Un-ano-mas-el-alumnado-del-IES-Los-Neveros-participa-en-la-Marcha-del-25N-en-el-Dia-internac-14-1024x1024.png 1024w, https:\/\/blogsaverroes.juntadeandalucia.es\/ieslosneveros\/files\/2025\/12\/Un-ano-mas-el-alumnado-del-IES-Los-Neveros-participa-en-la-Marcha-del-25N-en-el-Dia-internac-14-150x150.png 150w, https:\/\/blogsaverroes.juntadeandalucia.es\/ieslosneveros\/files\/2025\/12\/Un-ano-mas-el-alumnado-del-IES-Los-Neveros-participa-en-la-Marcha-del-25N-en-el-Dia-internac-14-768x768.png 768w, https:\/\/blogsaverroes.juntadeandalucia.es\/ieslosneveros\/files\/2025\/12\/Un-ano-mas-el-alumnado-del-IES-Los-Neveros-participa-en-la-Marcha-del-25N-en-el-Dia-internac-14-80x80.png 80w, https:\/\/blogsaverroes.juntadeandalucia.es\/ieslosneveros\/files\/2025\/12\/Un-ano-mas-el-alumnado-del-IES-Los-Neveros-participa-en-la-Marcha-del-25N-en-el-Dia-internac-14-320x320.png 320w\" sizes=\"(max-width: 1080px) 100vw, 1080px\" \/> <img loading=\"lazy\" decoding=\"async\" class=\"alignnone size-full wp-image-2025\" src=\"https:\/\/blogsaverroes.juntadeandalucia.es\/ieslosneveros\/files\/2025\/12\/Un-ano-mas-el-alumnado-del-IES-Los-Neveros-participa-en-la-Marcha-del-25N-en-el-Dia-internac-15.png\" alt=\"\" width=\"1080\" height=\"1080\" srcset=\"https:\/\/blogsaverroes.juntadeandalucia.es\/ieslosneveros\/files\/2025\/12\/Un-ano-mas-el-alumnado-del-IES-Los-Neveros-participa-en-la-Marcha-del-25N-en-el-Dia-internac-15.png 1080w, https:\/\/blogsaverroes.juntadeandalucia.es\/ieslosneveros\/files\/2025\/12\/Un-ano-mas-el-alumnado-del-IES-Los-Neveros-participa-en-la-Marcha-del-25N-en-el-Dia-internac-15-300x300.png 300w, https:\/\/blogsaverroes.juntadeandalucia.es\/ieslosneveros\/files\/2025\/12\/Un-ano-mas-el-alumnado-del-IES-Los-Neveros-participa-en-la-Marcha-del-25N-en-el-Dia-internac-15-1024x1024.png 1024w, https:\/\/blogsaverroes.juntadeandalucia.es\/ieslosneveros\/files\/2025\/12\/Un-ano-mas-el-alumnado-del-IES-Los-Neveros-participa-en-la-Marcha-del-25N-en-el-Dia-internac-15-150x150.png 150w, https:\/\/blogsaverroes.juntadeandalucia.es\/ieslosneveros\/files\/2025\/12\/Un-ano-mas-el-alumnado-del-IES-Los-Neveros-participa-en-la-Marcha-del-25N-en-el-Dia-internac-15-768x768.png 768w, https:\/\/blogsaverroes.juntadeandalucia.es\/ieslosneveros\/files\/2025\/12\/Un-ano-mas-el-alumnado-del-IES-Los-Neveros-participa-en-la-Marcha-del-25N-en-el-Dia-internac-15-80x80.png 80w, https:\/\/blogsaverroes.juntadeandalucia.es\/ieslosneveros\/files\/2025\/12\/Un-ano-mas-el-alumnado-del-IES-Los-Neveros-participa-en-la-Marcha-del-25N-en-el-Dia-internac-15-320x320.png 320w\" sizes=\"(max-width: 1080px) 100vw, 1080px\" \/><\/p>\n<div style=\"width: 480px;\" class=\"wp-video\"><!--[if lt IE 9]><script>document.createElement('video');<\/script><![endif]-->\n<video class=\"wp-video-shortcode\" id=\"video-2009-1\" width=\"480\" height=\"480\" preload=\"metadata\" controls=\"controls\"><source type=\"video\/mp4\" src=\"https:\/\/blogsaverroes.juntadeandalucia.es\/ieslosneveros\/files\/2025\/12\/Un-ano-mas-el-alumnado-del-IES-Los-Neveros-participa-en-la-Marcha-del-25N-en-el-Dia-internaci-1.mp4?_=1\" \/><a href=\"https:\/\/blogsaverroes.juntadeandalucia.es\/ieslosneveros\/files\/2025\/12\/Un-ano-mas-el-alumnado-del-IES-Los-Neveros-participa-en-la-Marcha-del-25N-en-el-Dia-internaci-1.mp4\">https:\/\/blogsaverroes.juntadeandalucia.es\/ieslosneveros\/files\/2025\/12\/Un-ano-mas-el-alumnado-del-IES-Los-Neveros-participa-en-la-Marcha-del-25N-en-el-Dia-internaci-1.mp4<\/a><\/video><\/div>\n<div style=\"width: 480px;\" class=\"wp-video\"><video class=\"wp-video-shortcode\" id=\"video-2009-2\" width=\"480\" height=\"480\" preload=\"metadata\" controls=\"controls\"><source type=\"video\/mp4\" src=\"https:\/\/blogsaverroes.juntadeandalucia.es\/ieslosneveros\/files\/2025\/12\/Un-ano-mas-el-alumnado-del-IES-Los-Neveros-participa-en-la-Marcha-del-25N-en-el-Dia-internaci.mp4?_=2\" \/><a href=\"https:\/\/blogsaverroes.juntadeandalucia.es\/ieslosneveros\/files\/2025\/12\/Un-ano-mas-el-alumnado-del-IES-Los-Neveros-participa-en-la-Marcha-del-25N-en-el-Dia-internaci.mp4\">https:\/\/blogsaverroes.juntadeandalucia.es\/ieslosneveros\/files\/2025\/12\/Un-ano-mas-el-alumnado-del-IES-Los-Neveros-participa-en-la-Marcha-del-25N-en-el-Dia-internaci.mp4<\/a><\/video><\/div>\n","protected":false},"excerpt":{"rendered":"<p>Un a\u00f1o m\u00e1s, el alumnado del IES Los Neveros participa en la Marcha del 25N en el D\u00eda internacional contra la violencia de g\u00e9nero \ud83d\udc9c. Con un maravilloso despliegue de&#46;&#46;&#46;<\/p>\n","protected":false},"author":18021,"featured_media":2021,"comment_status":"closed","ping_status":"open","sticky":false,"template":"","format":"standard","meta":{"ngg_post_thumbnail":0,"footnotes":""},"categories":[4],"tags":[],"aioseo_notices":[],"_links":{"self":[{"href":"https:\/\/blogsaverroes.juntadeandalucia.es\/ieslosneveros\/wp-json\/wp\/v2\/posts\/2009"}],"collection":[{"href":"https:\/\/blogsaverroes.juntadeandalucia.es\/ieslosneveros\/wp-json\/wp\/v2\/posts"}],"about":[{"href":"https:\/\/blogsaverroes.juntadeandalucia.es\/ieslosneveros\/wp-json\/wp\/v2\/types\/post"}],"author":[{"embeddable":true,"href":"https:\/\/blogsaverroes.juntadeandalucia.es\/ieslosneveros\/wp-json\/wp\/v2\/users\/18021"}],"replies":[{"embeddable":true,"href":"https:\/\/blogsaverroes.juntadeandalucia.es\/ieslosneveros\/wp-json\/wp\/v2\/comments?post=2009"}],"version-history":[{"count":1,"href":"https:\/\/blogsaverroes.juntadeandalucia.es\/ieslosneveros\/wp-json\/wp\/v2\/posts\/2009\/revisions"}],"predecessor-version":[{"id":2028,"href":"https:\/\/blogsaverroes.juntadeandalucia.es\/ieslosneveros\/wp-json\/wp\/v2\/posts\/2009\/revisions\/2028"}],"wp:featuredmedia":[{"embeddable":true,"href":"https:\/\/blogsaverroes.juntadeandalucia.es\/ieslosneveros\/wp-json\/wp\/v2\/media\/2021"}],"wp:attachment":[{"href":"https:\/\/blogsaverroes.juntadeandalucia.es\/ieslosneveros\/wp-json\/wp\/v2\/media?parent=2009"}],"wp:term":[{"taxonomy":"category","embeddable":true,"href":"https:\/\/blogsaverroes.juntadeandalucia.es\/ieslosneveros\/wp-json\/wp\/v2\/categories?post=2009"},{"taxonomy":"post_tag","embeddable":true,"href":"https:\/\/blogsaverroes.juntadeandalucia.es\/ieslosneveros\/wp-json\/wp\/v2\/tags?post=2009"}],"curies":[{"name":"wp","href":"https:\/\/api.w.org\/{rel}","templated":true}]}}