{"id":1403,"date":"2022-05-04T09:54:04","date_gmt":"2022-05-04T08:54:04","guid":{"rendered":"https:\/\/blogsaverroes.juntadeandalucia.es\/ieslucussolis\/?p=1403"},"modified":"2022-05-17T10:47:30","modified_gmt":"2022-05-17T09:47:30","slug":"1403-2","status":"publish","type":"post","link":"https:\/\/blogsaverroes.juntadeandalucia.es\/ieslucussolis\/1403-2\/","title":{"rendered":"Lista provisional de admitidos del programa Erasmus+ Aljarafe en Europa"},"content":{"rendered":"<p>Publicada la lista provisional de admitidos del programa Erasmus+ <i>Aljarafe en Europa<\/i> para movilidades de 15 d\u00edas de alumnos que cursen 1\u00ba de Grado Medio, correspondiente al a\u00f1o 2022. Se puede consultar en la web del centro, en la secci\u00f3n &#8220;internacional&#8221; y en el tabl\u00f3n de anuncios del edificio Aljarafe.<\/p>\n<p style=\"text-align: center\"><iframe loading=\"lazy\" src=\"https:\/\/drive.google.com\/file\/d\/1xjqoxFzspzed18FC-yIvQ7mXCBI7-htU\/preview\" width=\"640\" height=\"480\"><\/iframe><\/p>\n","protected":false},"excerpt":{"rendered":"<p>Publicada la lista provisional de admitidos del programa Erasmus+ Aljarafe en Europa para movilidades de 15 d\u00edas de alumnos que cursen 1\u00ba de Grado Medio, correspondiente al a\u00f1o 2022. Se puede consultar en la web del centro, en la secci\u00f3n &#8220;internacional&#8221; y en el tabl\u00f3n de anuncios del edificio Aljarafe.<\/p>\n","protected":false},"author":3321,"featured_media":0,"comment_status":"closed","ping_status":"open","sticky":false,"template":"","format":"standard","meta":{"_et_pb_use_builder":"","_et_pb_old_content":"","_et_gb_content_width":"","ngg_post_thumbnail":0,"footnotes":""},"categories":[27,21,4],"tags":[],"aioseo_notices":[],"_links":{"self":[{"href":"https:\/\/blogsaverroes.juntadeandalucia.es\/ieslucussolis\/wp-json\/wp\/v2\/posts\/1403"}],"collection":[{"href":"https:\/\/blogsaverroes.juntadeandalucia.es\/ieslucussolis\/wp-json\/wp\/v2\/posts"}],"about":[{"href":"https:\/\/blogsaverroes.juntadeandalucia.es\/ieslucussolis\/wp-json\/wp\/v2\/types\/post"}],"author":[{"embeddable":true,"href":"https:\/\/blogsaverroes.juntadeandalucia.es\/ieslucussolis\/wp-json\/wp\/v2\/users\/3321"}],"replies":[{"embeddable":true,"href":"https:\/\/blogsaverroes.juntadeandalucia.es\/ieslucussolis\/wp-json\/wp\/v2\/comments?post=1403"}],"version-history":[{"count":3,"href":"https:\/\/blogsaverroes.juntadeandalucia.es\/ieslucussolis\/wp-json\/wp\/v2\/posts\/1403\/revisions"}],"predecessor-version":[{"id":1415,"href":"https:\/\/blogsaverroes.juntadeandalucia.es\/ieslucussolis\/wp-json\/wp\/v2\/posts\/1403\/revisions\/1415"}],"wp:attachment":[{"href":"https:\/\/blogsaverroes.juntadeandalucia.es\/ieslucussolis\/wp-json\/wp\/v2\/media?parent=1403"}],"wp:term":[{"taxonomy":"category","embeddable":true,"href":"https:\/\/blogsaverroes.juntadeandalucia.es\/ieslucussolis\/wp-json\/wp\/v2\/categories?post=1403"},{"taxonomy":"post_tag","embeddable":true,"href":"https:\/\/blogsaverroes.juntadeandalucia.es\/ieslucussolis\/wp-json\/wp\/v2\/tags?post=1403"}],"curies":[{"name":"wp","href":"https:\/\/api.w.org\/{rel}","templated":true}]}}