{"id":1498,"date":"2022-06-15T08:01:20","date_gmt":"2022-06-15T07:01:20","guid":{"rendered":"https:\/\/blogsaverroes.juntadeandalucia.es\/ieslucussolis\/?p=1498"},"modified":"2022-06-15T08:02:33","modified_gmt":"2022-06-15T07:02:33","slug":"comienza-el-plazo-para-solicitar-plaza-en-fp-para-el-curso-2022-23","status":"publish","type":"post","link":"https:\/\/blogsaverroes.juntadeandalucia.es\/ieslucussolis\/comienza-el-plazo-para-solicitar-plaza-en-fp-para-el-curso-2022-23\/","title":{"rendered":"Comienza el plazo para solicitar plaza en FP para el curso 2022-23"},"content":{"rendered":"<p style=\"text-align: left\"><span style=\"font-size: 12pt\">La Consejer\u00eda de Educaci\u00f3n y Deporte abrir\u00e1 ma\u00f1ana, <strong>15 de junio, y hasta el pr\u00f3ximo d\u00eda 30<\/strong>, el plazo para el acceso a la oferta educativa de Formaci\u00f3n Profesional. La gesti\u00f3n de las solicitudes se realiza a trav\u00e9s de un distrito \u00fanico que permite asignar las plazas de forma centralizada atendiendo a las prioridades que los propios solicitantes se\u00f1alan en el impreso. El procedimiento puede realizarse \u00edntegramente a trav\u00e9s de Internet en la Secretar\u00eda virtual de la Consejer\u00eda&nbsp;y, por primera vez lo podr\u00e1n hacer para los <strong>programas espec\u00edficos de FP B\u00e1sica, entre el 23 y el 30 de junio<\/strong>.<\/span><\/p>\n<div style=\"width: 1080px;\" class=\"wp-video\"><!--[if lt IE 9]><script>document.createElement('video');<\/script><![endif]-->\n<video class=\"wp-video-shortcode\" id=\"video-1498-1\" width=\"1080\" height=\"608\" preload=\"metadata\" controls=\"controls\"><source type=\"video\/mp4\" src=\"https:\/\/blogsaverroes.juntadeandalucia.es\/ieslucussolis\/files\/2022\/06\/c7RlqCY23j3Sva7N.mp4?_=1\" \/><a href=\"https:\/\/blogsaverroes.juntadeandalucia.es\/ieslucussolis\/files\/2022\/06\/c7RlqCY23j3Sva7N.mp4\">https:\/\/blogsaverroes.juntadeandalucia.es\/ieslucussolis\/files\/2022\/06\/c7RlqCY23j3Sva7N.mp4<\/a><\/video><\/div>\n<p><a href=\"https:\/\/www.juntadeandalucia.es\/educacion\/portals\/web\/prensa\/inicio\/-\/noticia\/detalle\/comienza-manana-el-plazo-para-solicitar-plaza-de-formacion-profesional-para-el-proximo-curso\">Mas informaci\u00f3n<\/a><\/p>\n","protected":false},"excerpt":{"rendered":"<p>La Consejer\u00eda de Educaci\u00f3n y Deporte abrir\u00e1 ma\u00f1ana, 15 de junio, y hasta el pr\u00f3ximo d\u00eda 30, el plazo para el acceso a la oferta educativa de Formaci\u00f3n Profesional. La gesti\u00f3n de las solicitudes se realiza a trav\u00e9s de un distrito \u00fanico que permite asignar las plazas de forma centralizada atendiendo a las prioridades que [&hellip;]<\/p>\n","protected":false},"author":3321,"featured_media":0,"comment_status":"closed","ping_status":"open","sticky":false,"template":"","format":"standard","meta":{"_et_pb_use_builder":"","_et_pb_old_content":"","_et_gb_content_width":"","ngg_post_thumbnail":0,"footnotes":""},"categories":[27,41,4],"tags":[24,8],"aioseo_notices":[],"_links":{"self":[{"href":"https:\/\/blogsaverroes.juntadeandalucia.es\/ieslucussolis\/wp-json\/wp\/v2\/posts\/1498"}],"collection":[{"href":"https:\/\/blogsaverroes.juntadeandalucia.es\/ieslucussolis\/wp-json\/wp\/v2\/posts"}],"about":[{"href":"https:\/\/blogsaverroes.juntadeandalucia.es\/ieslucussolis\/wp-json\/wp\/v2\/types\/post"}],"author":[{"embeddable":true,"href":"https:\/\/blogsaverroes.juntadeandalucia.es\/ieslucussolis\/wp-json\/wp\/v2\/users\/3321"}],"replies":[{"embeddable":true,"href":"https:\/\/blogsaverroes.juntadeandalucia.es\/ieslucussolis\/wp-json\/wp\/v2\/comments?post=1498"}],"version-history":[{"count":2,"href":"https:\/\/blogsaverroes.juntadeandalucia.es\/ieslucussolis\/wp-json\/wp\/v2\/posts\/1498\/revisions"}],"predecessor-version":[{"id":1501,"href":"https:\/\/blogsaverroes.juntadeandalucia.es\/ieslucussolis\/wp-json\/wp\/v2\/posts\/1498\/revisions\/1501"}],"wp:attachment":[{"href":"https:\/\/blogsaverroes.juntadeandalucia.es\/ieslucussolis\/wp-json\/wp\/v2\/media?parent=1498"}],"wp:term":[{"taxonomy":"category","embeddable":true,"href":"https:\/\/blogsaverroes.juntadeandalucia.es\/ieslucussolis\/wp-json\/wp\/v2\/categories?post=1498"},{"taxonomy":"post_tag","embeddable":true,"href":"https:\/\/blogsaverroes.juntadeandalucia.es\/ieslucussolis\/wp-json\/wp\/v2\/tags?post=1498"}],"curies":[{"name":"wp","href":"https:\/\/api.w.org\/{rel}","templated":true}]}}