{"id":1612,"date":"2022-09-06T09:50:38","date_gmt":"2022-09-06T08:50:38","guid":{"rendered":"https:\/\/blogsaverroes.juntadeandalucia.es\/ieslucussolis\/?p=1612"},"modified":"2022-09-06T09:51:55","modified_gmt":"2022-09-06T08:51:55","slug":"periodo-de-aclaraciones-y-reclamaciones","status":"publish","type":"post","link":"https:\/\/blogsaverroes.juntadeandalucia.es\/ieslucussolis\/periodo-de-aclaraciones-y-reclamaciones\/","title":{"rendered":"Periodo de aclaraciones y reclamaciones"},"content":{"rendered":"<p>Hoy <strong>6 de septiembre<\/strong> se abre el periodo de<em> aclaraciones<\/em> para l@s alumn@s que se hayan presentado a las pruebas de septiembre. Este periodo se extender\u00e1 hasta el<strong> jueves 8<\/strong>. Igualmente se abre un periodo de <em>reclamaciones<\/em> ma\u00f1ana <strong>7 de septiembre<\/strong> que durar\u00e1 hasta el jueves <strong>8 de septiembre.<\/strong><\/p>\n","protected":false},"excerpt":{"rendered":"<p>Hoy 6 de septiembre se abre el periodo de aclaraciones para l@s alumn@s que se hayan presentado a las pruebas de septiembre. Este periodo se extender\u00e1 hasta el jueves 8. Igualmente se abre un periodo de reclamaciones ma\u00f1ana 7 de septiembre que durar\u00e1 hasta el jueves 8 de septiembre.<\/p>\n","protected":false},"author":3321,"featured_media":0,"comment_status":"closed","ping_status":"open","sticky":false,"template":"","format":"standard","meta":{"_et_pb_use_builder":"","_et_pb_old_content":"","_et_gb_content_width":"","ngg_post_thumbnail":0,"footnotes":""},"categories":[41,4,14],"tags":[],"aioseo_notices":[],"_links":{"self":[{"href":"https:\/\/blogsaverroes.juntadeandalucia.es\/ieslucussolis\/wp-json\/wp\/v2\/posts\/1612"}],"collection":[{"href":"https:\/\/blogsaverroes.juntadeandalucia.es\/ieslucussolis\/wp-json\/wp\/v2\/posts"}],"about":[{"href":"https:\/\/blogsaverroes.juntadeandalucia.es\/ieslucussolis\/wp-json\/wp\/v2\/types\/post"}],"author":[{"embeddable":true,"href":"https:\/\/blogsaverroes.juntadeandalucia.es\/ieslucussolis\/wp-json\/wp\/v2\/users\/3321"}],"replies":[{"embeddable":true,"href":"https:\/\/blogsaverroes.juntadeandalucia.es\/ieslucussolis\/wp-json\/wp\/v2\/comments?post=1612"}],"version-history":[{"count":1,"href":"https:\/\/blogsaverroes.juntadeandalucia.es\/ieslucussolis\/wp-json\/wp\/v2\/posts\/1612\/revisions"}],"predecessor-version":[{"id":1613,"href":"https:\/\/blogsaverroes.juntadeandalucia.es\/ieslucussolis\/wp-json\/wp\/v2\/posts\/1612\/revisions\/1613"}],"wp:attachment":[{"href":"https:\/\/blogsaverroes.juntadeandalucia.es\/ieslucussolis\/wp-json\/wp\/v2\/media?parent=1612"}],"wp:term":[{"taxonomy":"category","embeddable":true,"href":"https:\/\/blogsaverroes.juntadeandalucia.es\/ieslucussolis\/wp-json\/wp\/v2\/categories?post=1612"},{"taxonomy":"post_tag","embeddable":true,"href":"https:\/\/blogsaverroes.juntadeandalucia.es\/ieslucussolis\/wp-json\/wp\/v2\/tags?post=1612"}],"curies":[{"name":"wp","href":"https:\/\/api.w.org\/{rel}","templated":true}]}}