{"id":1627,"date":"2022-09-15T15:31:16","date_gmt":"2022-09-15T14:31:16","guid":{"rendered":"https:\/\/blogsaverroes.juntadeandalucia.es\/ieslucussolis\/?p=1627"},"modified":"2022-09-15T15:31:16","modified_gmt":"2022-09-15T14:31:16","slug":"nota-informativa-peac-2022-2a-edicion","status":"publish","type":"post","link":"https:\/\/blogsaverroes.juntadeandalucia.es\/ieslucussolis\/nota-informativa-peac-2022-2a-edicion\/","title":{"rendered":"NOTA INFORMATIVA PEAC 2022 2\u00aa EDICI\u00d3N"},"content":{"rendered":"<p style=\"font-weight: 400\"><span style=\"font-size: 12pt\"><strong>Relaci\u00f3n provisional de personas admitidas y no admitidas al procedimiento de evaluaci\u00f3n y acreditaci\u00f3n de las competencias profesionales.<\/strong><\/span><\/p>\n<p style=\"font-weight: 400\"><span style=\"font-size: 12pt\">Resoluci\u00f3n de 15 de septiembre de 2022 de la direcci\u00f3n del centro por la que&nbsp;<strong>se publica, en el tabl\u00f3n de anuncios del IES Lucus Solis de Sanl\u00facar la Mayor, la relaci\u00f3n provisional de personas admitidas y no admitidas al procedimiento de evaluaci\u00f3n y acreditaci\u00f3n de las competencias profesionales<\/strong>, regulado por el Real Decreto 1224\/2009, de 17 de julio, de reconocimiento de las competencias profesionales adquiridas por la experiencia laboral. En relaci\u00f3n con las solicitudes presentadas en este centro entre el 1 de abril y el 31 de agosto de 2022, para la admisi\u00f3n en el procedimiento de evaluaci\u00f3n y acreditaci\u00f3n de las competencias profesionales, regulado por el Real Decreto 1224\/2009, de 17 de julio, y en aplicaci\u00f3n de lo dispuesto en el art\u00edculo 19 de la Orden de 8 de junio de 2021, la direcci\u00f3n de este centro resuelve sobre la admisi\u00f3n provisional al procedimiento solicitado de las personas solicitantes, indicando para cada una de ellas la cualificaci\u00f3n o unidades de competencia solicitadas, el estado de su solicitud (admitida o no admitida), las observaciones y, en su caso, los motivos de su no admisi\u00f3n.<\/span><\/p>\n<p style=\"font-weight: 400\"><span style=\"font-size: 12pt\"><strong>Las personas interesadas podr\u00e1n presentar en el plazo de diez d\u00edas h\u00e1biles las alegaciones que estimen pertinentes, subsanar errores y aportar los documentos exigidos no presentados con su solicitud, a trav\u00e9s de la Secretar\u00eda Virtual de los centros educativos mediante el tr\u00e1mite denominado \u00abAcredita 2022 2\u00aa Edici\u00f3n:<\/strong>&nbsp;alegaciones listados provisionales y subsanaci\u00f3n de errores\u00bb, tambi\u00e9n accesible desde la web del IACP, dirigido al titular de este centro, que resolver\u00e1 sobre la admisi\u00f3n o no admisi\u00f3n definitiva al procedimiento solicitado.&#8221;<\/span><\/p>\n","protected":false},"excerpt":{"rendered":"<p>Relaci\u00f3n provisional de personas admitidas y no admitidas al procedimiento de evaluaci\u00f3n y acreditaci\u00f3n de las competencias profesionales. Resoluci\u00f3n de 15 de septiembre de 2022 de la direcci\u00f3n del centro por la que&nbsp;se publica, en el tabl\u00f3n de anuncios del IES Lucus Solis de Sanl\u00facar la Mayor, la relaci\u00f3n provisional de personas admitidas y no [&hellip;]<\/p>\n","protected":false},"author":3321,"featured_media":0,"comment_status":"closed","ping_status":"open","sticky":false,"template":"","format":"standard","meta":{"_et_pb_use_builder":"","_et_pb_old_content":"","_et_gb_content_width":"","ngg_post_thumbnail":0,"footnotes":""},"categories":[41,4,14],"tags":[32,8],"aioseo_notices":[],"_links":{"self":[{"href":"https:\/\/blogsaverroes.juntadeandalucia.es\/ieslucussolis\/wp-json\/wp\/v2\/posts\/1627"}],"collection":[{"href":"https:\/\/blogsaverroes.juntadeandalucia.es\/ieslucussolis\/wp-json\/wp\/v2\/posts"}],"about":[{"href":"https:\/\/blogsaverroes.juntadeandalucia.es\/ieslucussolis\/wp-json\/wp\/v2\/types\/post"}],"author":[{"embeddable":true,"href":"https:\/\/blogsaverroes.juntadeandalucia.es\/ieslucussolis\/wp-json\/wp\/v2\/users\/3321"}],"replies":[{"embeddable":true,"href":"https:\/\/blogsaverroes.juntadeandalucia.es\/ieslucussolis\/wp-json\/wp\/v2\/comments?post=1627"}],"version-history":[{"count":1,"href":"https:\/\/blogsaverroes.juntadeandalucia.es\/ieslucussolis\/wp-json\/wp\/v2\/posts\/1627\/revisions"}],"predecessor-version":[{"id":1628,"href":"https:\/\/blogsaverroes.juntadeandalucia.es\/ieslucussolis\/wp-json\/wp\/v2\/posts\/1627\/revisions\/1628"}],"wp:attachment":[{"href":"https:\/\/blogsaverroes.juntadeandalucia.es\/ieslucussolis\/wp-json\/wp\/v2\/media?parent=1627"}],"wp:term":[{"taxonomy":"category","embeddable":true,"href":"https:\/\/blogsaverroes.juntadeandalucia.es\/ieslucussolis\/wp-json\/wp\/v2\/categories?post=1627"},{"taxonomy":"post_tag","embeddable":true,"href":"https:\/\/blogsaverroes.juntadeandalucia.es\/ieslucussolis\/wp-json\/wp\/v2\/tags?post=1627"}],"curies":[{"name":"wp","href":"https:\/\/api.w.org\/{rel}","templated":true}]}}