{"id":1727,"date":"2023-01-20T11:57:49","date_gmt":"2023-01-20T10:57:49","guid":{"rendered":"https:\/\/blogsaverroes.juntadeandalucia.es\/ieslucussolis\/?p=1727"},"modified":"2023-03-09T10:39:37","modified_gmt":"2023-03-09T09:39:37","slug":"baremacion-provisional-alumns-erasmus-diva","status":"publish","type":"post","link":"https:\/\/blogsaverroes.juntadeandalucia.es\/ieslucussolis\/baremacion-provisional-alumns-erasmus-diva\/","title":{"rendered":"Baremaci\u00f3n provisional alumn@s Erasmus DIVA+"},"content":{"rendered":"<p>Publicada la baremaci\u00f3n provisional de los alumnos que solicitaron participar en el programa Erasmus DiVA+. Para garantizar la protecci\u00f3n de datos, los candidatos aparecen identificados con los cuatro \u00faltimos n\u00fameros y la letra de su DNI.<\/p>\n<p><iframe loading=\"lazy\" src=\"https:\/\/drive.google.com\/file\/d\/1DhwM0Rn3sVT6DPWRf8H5nKr7y51z-2vR\/preview\" width=\"640\" height=\"480\"><\/iframe><\/p>\n","protected":false},"excerpt":{"rendered":"<p>Publicada la baremaci\u00f3n provisional de los alumnos que solicitaron participar en el programa Erasmus DiVA+. Para garantizar la protecci\u00f3n de datos, los candidatos aparecen identificados con los cuatro \u00faltimos n\u00fameros y la letra de su DNI.<\/p>\n","protected":false},"author":3321,"featured_media":0,"comment_status":"closed","ping_status":"open","sticky":false,"template":"","format":"standard","meta":{"_et_pb_use_builder":"","_et_pb_old_content":"","_et_gb_content_width":"","ngg_post_thumbnail":0,"footnotes":""},"categories":[21],"tags":[25,8,22],"aioseo_notices":[],"_links":{"self":[{"href":"https:\/\/blogsaverroes.juntadeandalucia.es\/ieslucussolis\/wp-json\/wp\/v2\/posts\/1727"}],"collection":[{"href":"https:\/\/blogsaverroes.juntadeandalucia.es\/ieslucussolis\/wp-json\/wp\/v2\/posts"}],"about":[{"href":"https:\/\/blogsaverroes.juntadeandalucia.es\/ieslucussolis\/wp-json\/wp\/v2\/types\/post"}],"author":[{"embeddable":true,"href":"https:\/\/blogsaverroes.juntadeandalucia.es\/ieslucussolis\/wp-json\/wp\/v2\/users\/3321"}],"replies":[{"embeddable":true,"href":"https:\/\/blogsaverroes.juntadeandalucia.es\/ieslucussolis\/wp-json\/wp\/v2\/comments?post=1727"}],"version-history":[{"count":1,"href":"https:\/\/blogsaverroes.juntadeandalucia.es\/ieslucussolis\/wp-json\/wp\/v2\/posts\/1727\/revisions"}],"predecessor-version":[{"id":1728,"href":"https:\/\/blogsaverroes.juntadeandalucia.es\/ieslucussolis\/wp-json\/wp\/v2\/posts\/1727\/revisions\/1728"}],"wp:attachment":[{"href":"https:\/\/blogsaverroes.juntadeandalucia.es\/ieslucussolis\/wp-json\/wp\/v2\/media?parent=1727"}],"wp:term":[{"taxonomy":"category","embeddable":true,"href":"https:\/\/blogsaverroes.juntadeandalucia.es\/ieslucussolis\/wp-json\/wp\/v2\/categories?post=1727"},{"taxonomy":"post_tag","embeddable":true,"href":"https:\/\/blogsaverroes.juntadeandalucia.es\/ieslucussolis\/wp-json\/wp\/v2\/tags?post=1727"}],"curies":[{"name":"wp","href":"https:\/\/api.w.org\/{rel}","templated":true}]}}