{"id":2251,"date":"2023-06-07T15:33:15","date_gmt":"2023-06-07T14:33:15","guid":{"rendered":"https:\/\/blogsaverroes.juntadeandalucia.es\/ieslucussolis\/?p=2251"},"modified":"2023-06-07T15:33:15","modified_gmt":"2023-06-07T14:33:15","slug":"intercambios-escolares","status":"publish","type":"post","link":"https:\/\/blogsaverroes.juntadeandalucia.es\/ieslucussolis\/intercambios-escolares\/","title":{"rendered":"Intercambios Escolares"},"content":{"rendered":"<div dir=\"auto\">El IES Lucus Solis tiene previstos dos intercambios escolares durante el curso 2023-24 con alumnado matriculado en 1\u00ba de Bachillerato en esas fechas. Los destinos son dos institutos en Roma y Alemania (Hausach, Selva Negra).<\/div>\n<div dir=\"auto\">El pr\u00f3ximo d\u00eda 12 de junio, a las 17:30, celebraremos una reuni\u00f3n informativa con las familias interesadas en la biblioteca del IES Lucus Solis. No es necesario que los alumnos\/as est\u00e9n matriculados actualmente en nuestro centro, pero s\u00ed que tengan prevista su incorporaci\u00f3n a partir de septiembre.<\/div>\n<div dir=\"auto\">&nbsp;<\/div>\n","protected":false},"excerpt":{"rendered":"<p>El IES Lucus Solis tiene previstos dos intercambios escolares durante el curso 2023-24 con alumnado matriculado en 1\u00ba de Bachillerato en esas fechas. Los destinos son dos institutos en Roma y Alemania (Hausach, Selva Negra). El pr\u00f3ximo d\u00eda 12 de junio, a las 17:30, celebraremos una reuni\u00f3n informativa con las familias interesadas en la biblioteca [&hellip;]<\/p>\n","protected":false},"author":3321,"featured_media":0,"comment_status":"closed","ping_status":"open","sticky":false,"template":"","format":"standard","meta":{"_et_pb_use_builder":"","_et_pb_old_content":"","_et_gb_content_width":"","ngg_post_thumbnail":0,"footnotes":""},"categories":[27,4],"tags":[33,8],"aioseo_notices":[],"_links":{"self":[{"href":"https:\/\/blogsaverroes.juntadeandalucia.es\/ieslucussolis\/wp-json\/wp\/v2\/posts\/2251"}],"collection":[{"href":"https:\/\/blogsaverroes.juntadeandalucia.es\/ieslucussolis\/wp-json\/wp\/v2\/posts"}],"about":[{"href":"https:\/\/blogsaverroes.juntadeandalucia.es\/ieslucussolis\/wp-json\/wp\/v2\/types\/post"}],"author":[{"embeddable":true,"href":"https:\/\/blogsaverroes.juntadeandalucia.es\/ieslucussolis\/wp-json\/wp\/v2\/users\/3321"}],"replies":[{"embeddable":true,"href":"https:\/\/blogsaverroes.juntadeandalucia.es\/ieslucussolis\/wp-json\/wp\/v2\/comments?post=2251"}],"version-history":[{"count":1,"href":"https:\/\/blogsaverroes.juntadeandalucia.es\/ieslucussolis\/wp-json\/wp\/v2\/posts\/2251\/revisions"}],"predecessor-version":[{"id":2252,"href":"https:\/\/blogsaverroes.juntadeandalucia.es\/ieslucussolis\/wp-json\/wp\/v2\/posts\/2251\/revisions\/2252"}],"wp:attachment":[{"href":"https:\/\/blogsaverroes.juntadeandalucia.es\/ieslucussolis\/wp-json\/wp\/v2\/media?parent=2251"}],"wp:term":[{"taxonomy":"category","embeddable":true,"href":"https:\/\/blogsaverroes.juntadeandalucia.es\/ieslucussolis\/wp-json\/wp\/v2\/categories?post=2251"},{"taxonomy":"post_tag","embeddable":true,"href":"https:\/\/blogsaverroes.juntadeandalucia.es\/ieslucussolis\/wp-json\/wp\/v2\/tags?post=2251"}],"curies":[{"name":"wp","href":"https:\/\/api.w.org\/{rel}","templated":true}]}}