{"id":2311,"date":"2023-09-13T12:12:32","date_gmt":"2023-09-13T11:12:32","guid":{"rendered":"https:\/\/blogsaverroes.juntadeandalucia.es\/ieslucussolis\/?p=2311"},"modified":"2023-09-13T12:14:32","modified_gmt":"2023-09-13T11:14:32","slug":"publicacion-de-la-relacion-provisional-de-personas-admitidas-y-no-admitidas-al-procedimiento-de-evaluacion-y-acreditacion-de-las-competencias-profesionales-acredita-2023-2a-edicion","status":"publish","type":"post","link":"https:\/\/blogsaverroes.juntadeandalucia.es\/ieslucussolis\/publicacion-de-la-relacion-provisional-de-personas-admitidas-y-no-admitidas-al-procedimiento-de-evaluacion-y-acreditacion-de-las-competencias-profesionales-acredita-2023-2a-edicion\/","title":{"rendered":"Publicaci\u00f3n de la relaci\u00f3n provisional de personas admitidas y no admitidas al procedimiento de evaluaci\u00f3n y\u00a0acreditaci\u00f3n de las competencias profesionales.\u00a0\u201cACREDITA 2023 2\u00aa EDICI\u00d3N\u201d"},"content":{"rendered":"<p style=\"font-weight: 400\">Est\u00e1n&nbsp;disponibles en el tabl\u00f3n de anuncios del edificio Guadiamar del IES Lucus Solis de Sanl\u00facar la Mayor&nbsp;&nbsp;<strong>La relaci\u00f3n provisional de personas admitidas y no admitidas al procedimiento de evaluaci\u00f3n y&nbsp;acreditaci\u00f3n de las competencias profesionales.&nbsp;\u201cACREDITA 2023 2\u00aa EDICI\u00d3N\u201d<\/strong><\/p>\n<p style=\"font-weight: 400\">&nbsp; Resoluci\u00f3n de 13 de septiembre de 2023 de la direcci\u00f3n del centro, por la que se publica la relaci\u00f3n provisional de personas admitidas y no admitidas al procedimiento de acreditaci\u00f3n de las competencias profesionales adquiridas por experiencia laboral u otras v\u00edas no formales e informales, regulado por el Real Decreto 659\/2023, de 18 de julio, por el que se desarrolla la ordenaci\u00f3n del Sistema de Formaci\u00f3n Profesional. En relaci\u00f3n con las&nbsp;<strong>solicitudes presentadas en este centro entre el 1 de abril y el 31 de agosto de 2023<\/strong>, para la admisi\u00f3n en el procedimiento de evaluaci\u00f3n y acreditaci\u00f3n de las competencias profesionales, regulado por el Real Decreto 659\/2023, de 18 de julio, y en aplicaci\u00f3n de lo dispuesto en el art\u00edculo 19 de la Orden de 8 de junio de 2021, la direcci\u00f3n de este centro resuelve sobre la admisi\u00f3n provisional al procedimiento solicitado de las personas que a continuaci\u00f3n se relacionan, indicando para cada una de ellas la cualificaci\u00f3n o unidades de competencia solicitadas, el estado de su solicitud (admitida o no admitida), las observaciones y, en su caso, los motivos de su inadmisi\u00f3n.&nbsp;<\/p>\n<p><!--more--><\/p>\n<p style=\"font-weight: 400\">Las personas interesadas podr\u00e1n presentar en el plazo de diez d\u00edas h\u00e1biles las alegaciones que estimen pertinentes, subsanar errores y aportar los documentos exigidos no presentados con su solicitud, a trav\u00e9s de la Secretar\u00eda Virtual de los centros educativos mediante el tr\u00e1mite denominado \u00abAcredita 2023 2\u00aa Edici\u00f3n: alegaciones listados provisionales y subsanaci\u00f3n de errores\u00bb, tambi\u00e9n accesible desde la web del IACP, dirigido al titular de este centro, que resolver\u00e1 sobre la admisi\u00f3n o no admisi\u00f3n definitiva al procedimiento solicitado. La veracidad de la documentaci\u00f3n acreditativa de la experiencia o formaci\u00f3n no formal que presenten las personas admitidas al procedimiento, podr\u00e1 ser comprobada en las fases de asesoramiento y de evaluaci\u00f3n del mismo.&nbsp;&nbsp;<\/p>\n","protected":false},"excerpt":{"rendered":"<p>Est\u00e1n&nbsp;disponibles en el tabl\u00f3n de anuncios del edificio Guadiamar del IES Lucus Solis de Sanl\u00facar la Mayor&nbsp;&nbsp;La relaci\u00f3n provisional de personas admitidas y no admitidas al procedimiento de evaluaci\u00f3n y&nbsp;acreditaci\u00f3n de las competencias profesionales.&nbsp;\u201cACREDITA 2023 2\u00aa EDICI\u00d3N\u201d &nbsp; Resoluci\u00f3n de 13 de septiembre de 2023 de la direcci\u00f3n del centro, por la que se publica [&hellip;]<\/p>\n","protected":false},"author":3321,"featured_media":0,"comment_status":"closed","ping_status":"open","sticky":false,"template":"","format":"standard","meta":{"_et_pb_use_builder":"","_et_pb_old_content":"","_et_gb_content_width":"","ngg_post_thumbnail":0,"footnotes":""},"categories":[48,4],"tags":[32],"aioseo_notices":[],"_links":{"self":[{"href":"https:\/\/blogsaverroes.juntadeandalucia.es\/ieslucussolis\/wp-json\/wp\/v2\/posts\/2311"}],"collection":[{"href":"https:\/\/blogsaverroes.juntadeandalucia.es\/ieslucussolis\/wp-json\/wp\/v2\/posts"}],"about":[{"href":"https:\/\/blogsaverroes.juntadeandalucia.es\/ieslucussolis\/wp-json\/wp\/v2\/types\/post"}],"author":[{"embeddable":true,"href":"https:\/\/blogsaverroes.juntadeandalucia.es\/ieslucussolis\/wp-json\/wp\/v2\/users\/3321"}],"replies":[{"embeddable":true,"href":"https:\/\/blogsaverroes.juntadeandalucia.es\/ieslucussolis\/wp-json\/wp\/v2\/comments?post=2311"}],"version-history":[{"count":2,"href":"https:\/\/blogsaverroes.juntadeandalucia.es\/ieslucussolis\/wp-json\/wp\/v2\/posts\/2311\/revisions"}],"predecessor-version":[{"id":2313,"href":"https:\/\/blogsaverroes.juntadeandalucia.es\/ieslucussolis\/wp-json\/wp\/v2\/posts\/2311\/revisions\/2313"}],"wp:attachment":[{"href":"https:\/\/blogsaverroes.juntadeandalucia.es\/ieslucussolis\/wp-json\/wp\/v2\/media?parent=2311"}],"wp:term":[{"taxonomy":"category","embeddable":true,"href":"https:\/\/blogsaverroes.juntadeandalucia.es\/ieslucussolis\/wp-json\/wp\/v2\/categories?post=2311"},{"taxonomy":"post_tag","embeddable":true,"href":"https:\/\/blogsaverroes.juntadeandalucia.es\/ieslucussolis\/wp-json\/wp\/v2\/tags?post=2311"}],"curies":[{"name":"wp","href":"https:\/\/api.w.org\/{rel}","templated":true}]}}