{"id":2315,"date":"2023-09-28T18:23:18","date_gmt":"2023-09-28T17:23:18","guid":{"rendered":"https:\/\/blogsaverroes.juntadeandalucia.es\/ieslucussolis\/?p=2315"},"modified":"2023-09-28T18:30:12","modified_gmt":"2023-09-28T17:30:12","slug":"programa-diva","status":"publish","type":"post","link":"https:\/\/blogsaverroes.juntadeandalucia.es\/ieslucussolis\/programa-diva\/","title":{"rendered":"Programa DiVA+"},"content":{"rendered":"<div class=\"gmail_default\">Publicada la tercera convocatoria para la participaci\u00f3n en el programa DiVA+ dirigida a alumnos que est\u00e9n cursando 3\u00ba de ESO. Las familias interesadas pueden acudir a una reuni\u00f3n informativa en el instituto el d\u00eda 2 de octubre, lunes, a las 17:30.<\/div>\n<div class=\"gmail_default\">Las bases y el formulario de inscripci\u00f3n las pod\u00e9is descargar en estos enlaces.<\/div>\n<div class=\"gmail_default\"><a href=\"https:\/\/drive.google.com\/file\/d\/11_r4U2hefAzZO-pVWe2g8ZfXURZxqKFK\/view?usp=sharing\">BASES<\/a><\/div>\n<div><a href=\"https:\/\/drive.google.com\/file\/d\/1961EZNihjEGRhO6yYIY9mRN1iZadB2Ua\/view?usp=sharing\">FORMULARIO<\/a><\/div>\n","protected":false},"excerpt":{"rendered":"<p>Publicada la tercera convocatoria para la participaci\u00f3n en el programa DiVA+ dirigida a alumnos que est\u00e9n cursando 3\u00ba de ESO. Las familias interesadas pueden acudir a una reuni\u00f3n informativa en el instituto el d\u00eda 2 de octubre, lunes, a las 17:30. Las bases y el formulario de inscripci\u00f3n las pod\u00e9is descargar en estos enlaces. BASES [&hellip;]<\/p>\n","protected":false},"author":3321,"featured_media":0,"comment_status":"closed","ping_status":"open","sticky":false,"template":"","format":"standard","meta":{"_et_pb_use_builder":"","_et_pb_old_content":"","_et_gb_content_width":"","ngg_post_thumbnail":0,"footnotes":""},"categories":[27,21,4],"tags":[],"aioseo_notices":[],"_links":{"self":[{"href":"https:\/\/blogsaverroes.juntadeandalucia.es\/ieslucussolis\/wp-json\/wp\/v2\/posts\/2315"}],"collection":[{"href":"https:\/\/blogsaverroes.juntadeandalucia.es\/ieslucussolis\/wp-json\/wp\/v2\/posts"}],"about":[{"href":"https:\/\/blogsaverroes.juntadeandalucia.es\/ieslucussolis\/wp-json\/wp\/v2\/types\/post"}],"author":[{"embeddable":true,"href":"https:\/\/blogsaverroes.juntadeandalucia.es\/ieslucussolis\/wp-json\/wp\/v2\/users\/3321"}],"replies":[{"embeddable":true,"href":"https:\/\/blogsaverroes.juntadeandalucia.es\/ieslucussolis\/wp-json\/wp\/v2\/comments?post=2315"}],"version-history":[{"count":4,"href":"https:\/\/blogsaverroes.juntadeandalucia.es\/ieslucussolis\/wp-json\/wp\/v2\/posts\/2315\/revisions"}],"predecessor-version":[{"id":2319,"href":"https:\/\/blogsaverroes.juntadeandalucia.es\/ieslucussolis\/wp-json\/wp\/v2\/posts\/2315\/revisions\/2319"}],"wp:attachment":[{"href":"https:\/\/blogsaverroes.juntadeandalucia.es\/ieslucussolis\/wp-json\/wp\/v2\/media?parent=2315"}],"wp:term":[{"taxonomy":"category","embeddable":true,"href":"https:\/\/blogsaverroes.juntadeandalucia.es\/ieslucussolis\/wp-json\/wp\/v2\/categories?post=2315"},{"taxonomy":"post_tag","embeddable":true,"href":"https:\/\/blogsaverroes.juntadeandalucia.es\/ieslucussolis\/wp-json\/wp\/v2\/tags?post=2315"}],"curies":[{"name":"wp","href":"https:\/\/api.w.org\/{rel}","templated":true}]}}