{"id":2419,"date":"2023-10-30T09:25:10","date_gmt":"2023-10-30T08:25:10","guid":{"rendered":"https:\/\/blogsaverroes.juntadeandalucia.es\/ieslucussolis\/?p=2419"},"modified":"2023-10-30T09:32:17","modified_gmt":"2023-10-30T08:32:17","slug":"2419-2","status":"publish","type":"post","link":"https:\/\/blogsaverroes.juntadeandalucia.es\/ieslucussolis\/2419-2\/","title":{"rendered":"Aljarafe en Europa (profesorado)"},"content":{"rendered":"<p style=\"font-weight: 400\">El&nbsp;&nbsp;<strong>IES LUCUS SOLIS<\/strong>&nbsp;forma parte del Consorcio de Movilidad que promueve el Proyecto&nbsp;<b>\u201cALJARAFE EN EUROPA\u201d&nbsp;<\/b>donde puede participar el alumnado y&nbsp; el profesorado de nuestro centro<\/p>\n<p>El mes pasado se abri\u00f3 la convocatoria para el alumnado de 2\u00ba curso de ciclos formativos y ahora es el turno del personal del centro (equipo directivo y profesorado adscrito a la impartici\u00f3n de&nbsp;Ciclos Formativos de Grado Medio y FP B\u00e1sica&nbsp;.&nbsp; A continuaci\u00f3n, se resume&nbsp; los datos m\u00e1s relevantes (L\u00c9ASE LAS BASES ADJUNTA para m\u00e1s detalle)<\/p>\n<p><a href=\"https:\/\/drive.google.com\/file\/d\/1IAwJn3U4VYsFHoj1zGr_IzvS8QmRX4pK\/view?usp=sharing\">BASES<\/a><\/p>\n<p><a href=\"https:\/\/drive.google.com\/file\/d\/1FHUdKMHEtIrYlLkZD1Me-upy_6ETDEjJ\/view?usp=sharing\">SOLICITUD<\/a><\/p>\n<p><!--more--><\/p>\n<ul>\n<li>Se convoca&nbsp; <strong>1<\/strong>&nbsp;becas Erasmus+ de movilidad para formaci\u00f3n (Job Shadowing) de cinco d\u00edas de duraci\u00f3n m\u00e1s dos de viaje a:&nbsp;<strong>DINAMARCA (Copenhague)<\/strong><\/li>\n<li><strong>La<\/strong>&nbsp;<strong>duraci\u00f3n m\u00e1xima de la actividad ser\u00e1 de 5 d\u00edas de trabajo m\u00e1s un per\u00edodo de viaje de 2 d\u00edas<\/strong><\/li>\n<li>Las fechas previstas de realizaci\u00f3n de la estancia formativa, :&nbsp;<strong>ABRIL \u2013 MAYO DE 2024 u OCTUBRE \u2013 NOVIEMBRE DE 2024<\/strong><\/li>\n<li>Las bases del Programa, y la&nbsp; solicitud se encuentra disponible en la web del centro, adjunta en este correo o bien podr\u00e1 ser solicitada al representante Erasmus+. (Teresa Rodr\u00edguez, Vicedirecci\u00f3n)<\/li>\n<\/ul>\n<ul>\n<li>La ficha de inscripci\u00f3n se presentar\u00e1 en Administraci\u00f3n (Ed. Aljarafe) con registro de Entrada<b>&nbsp;<\/b>y se entregar\u00e1 junto con la documentaci\u00f3n justificativa del nivel de idiomas descrito en el Formulario de Solicitud<\/li>\n<\/ul>\n<ul>\n<li>El plazo de presentaci\u00f3n de solicitudes finaliza el&nbsp;<strong>10\/11\/2023.&nbsp;<\/strong><\/li>\n<li><strong><span style=\"font-weight: 400\">La fecha de publicaci\u00f3n del listado provisional es<\/span><span style=\"font-weight: 400\">&nbsp;el&nbsp;<\/span>15\/11\/2023<\/strong><\/li>\n<li><strong><span style=\"font-weight: 400\">Resueltas las alegaciones se proceder\u00e1 a la publicaci\u00f3n el&nbsp;<\/span>22\/11\/2023<span style=\"font-weight: 400\">&nbsp;<\/span><span style=\"font-weight: 400\">en el tabl\u00f3n de la sala de profesores de la lista definitiva de solicitudes admitidas y excluidas y adjudicaci\u00f3n de plazas, as\u00ed como listado de reservas si procede.<\/span><\/strong><\/li>\n<\/ul>\n","protected":false},"excerpt":{"rendered":"<p>El&nbsp;&nbsp;IES LUCUS SOLIS&nbsp;forma parte del Consorcio de Movilidad que promueve el Proyecto&nbsp;\u201cALJARAFE EN EUROPA\u201d&nbsp;donde puede participar el alumnado y&nbsp; el profesorado de nuestro centro El mes pasado se abri\u00f3 la convocatoria para el alumnado de 2\u00ba curso de ciclos formativos y ahora es el turno del personal del centro (equipo directivo y profesorado adscrito a [&hellip;]<\/p>\n","protected":false},"author":3321,"featured_media":0,"comment_status":"closed","ping_status":"open","sticky":false,"template":"","format":"standard","meta":{"_et_pb_use_builder":"","_et_pb_old_content":"","_et_gb_content_width":"","ngg_post_thumbnail":0,"footnotes":""},"categories":[21,4],"tags":[],"aioseo_notices":[],"_links":{"self":[{"href":"https:\/\/blogsaverroes.juntadeandalucia.es\/ieslucussolis\/wp-json\/wp\/v2\/posts\/2419"}],"collection":[{"href":"https:\/\/blogsaverroes.juntadeandalucia.es\/ieslucussolis\/wp-json\/wp\/v2\/posts"}],"about":[{"href":"https:\/\/blogsaverroes.juntadeandalucia.es\/ieslucussolis\/wp-json\/wp\/v2\/types\/post"}],"author":[{"embeddable":true,"href":"https:\/\/blogsaverroes.juntadeandalucia.es\/ieslucussolis\/wp-json\/wp\/v2\/users\/3321"}],"replies":[{"embeddable":true,"href":"https:\/\/blogsaverroes.juntadeandalucia.es\/ieslucussolis\/wp-json\/wp\/v2\/comments?post=2419"}],"version-history":[{"count":3,"href":"https:\/\/blogsaverroes.juntadeandalucia.es\/ieslucussolis\/wp-json\/wp\/v2\/posts\/2419\/revisions"}],"predecessor-version":[{"id":2422,"href":"https:\/\/blogsaverroes.juntadeandalucia.es\/ieslucussolis\/wp-json\/wp\/v2\/posts\/2419\/revisions\/2422"}],"wp:attachment":[{"href":"https:\/\/blogsaverroes.juntadeandalucia.es\/ieslucussolis\/wp-json\/wp\/v2\/media?parent=2419"}],"wp:term":[{"taxonomy":"category","embeddable":true,"href":"https:\/\/blogsaverroes.juntadeandalucia.es\/ieslucussolis\/wp-json\/wp\/v2\/categories?post=2419"},{"taxonomy":"post_tag","embeddable":true,"href":"https:\/\/blogsaverroes.juntadeandalucia.es\/ieslucussolis\/wp-json\/wp\/v2\/tags?post=2419"}],"curies":[{"name":"wp","href":"https:\/\/api.w.org\/{rel}","templated":true}]}}