{"id":2428,"date":"2023-11-10T15:36:17","date_gmt":"2023-11-10T14:36:17","guid":{"rendered":"https:\/\/blogsaverroes.juntadeandalucia.es\/ieslucussolis\/?p=2428"},"modified":"2023-11-10T15:36:17","modified_gmt":"2023-11-10T14:36:17","slug":"ley-de-dependencia","status":"publish","type":"post","link":"https:\/\/blogsaverroes.juntadeandalucia.es\/ieslucussolis\/ley-de-dependencia\/","title":{"rendered":"Ley de dependencia"},"content":{"rendered":"<p>Agradecemos&nbsp; a los Servicios Sociales Comunitarios del ayuntamiento de Sanl\u00facar la Mayor, la charla que hoy ha recibido el alumnado de Atenci\u00f3n a Personas Dependientes,&nbsp; de mano de Rosa Bland\u00f3n Peral trabajadora social encargada del SAD y Mar\u00eda Figueras Jim\u00e9nez trabajadora social de la diputaci\u00f3n de Sevilla,&nbsp; sobre las prestaciones de la ley de dependencia y el servicio de ayuda a domicilio. Gracias por contribuir de forma tan enriquecedora a la formaci\u00f3n de nuestro alumnado.<\/p>\n<p><img decoding=\"async\" src=\"https:\/\/scontent-mad1-1.xx.fbcdn.net\/v\/t39.30808-6\/400811207_1746824422499146_4118809793259058324_n.jpg?_nc_cat=101&amp;ccb=1-7&amp;_nc_sid=5f2048&amp;_nc_ohc=rbNF_NsdbegAX_VSurm&amp;_nc_ht=scontent-mad1-1.xx&amp;oh=00_AfC0SiaHfXuVEDYTvXnqcleGfutk4VWBxXcw10sv5h0sJQ&amp;oe=655339C1\" alt=\"Puede ser una imagen de 9 personas y personas estudiando\"><\/p>\n","protected":false},"excerpt":{"rendered":"<p>Agradecemos&nbsp; a los Servicios Sociales Comunitarios del ayuntamiento de Sanl\u00facar la Mayor, la charla que hoy ha recibido el alumnado de Atenci\u00f3n a Personas Dependientes,&nbsp; de mano de Rosa Bland\u00f3n Peral trabajadora social encargada del SAD y Mar\u00eda Figueras Jim\u00e9nez trabajadora social de la diputaci\u00f3n de Sevilla,&nbsp; sobre las prestaciones de la ley de dependencia [&hellip;]<\/p>\n","protected":false},"author":3321,"featured_media":0,"comment_status":"closed","ping_status":"open","sticky":false,"template":"","format":"standard","meta":{"_et_pb_use_builder":"","_et_pb_old_content":"","_et_gb_content_width":"","ngg_post_thumbnail":0,"footnotes":""},"categories":[4],"tags":[24],"aioseo_notices":[],"_links":{"self":[{"href":"https:\/\/blogsaverroes.juntadeandalucia.es\/ieslucussolis\/wp-json\/wp\/v2\/posts\/2428"}],"collection":[{"href":"https:\/\/blogsaverroes.juntadeandalucia.es\/ieslucussolis\/wp-json\/wp\/v2\/posts"}],"about":[{"href":"https:\/\/blogsaverroes.juntadeandalucia.es\/ieslucussolis\/wp-json\/wp\/v2\/types\/post"}],"author":[{"embeddable":true,"href":"https:\/\/blogsaverroes.juntadeandalucia.es\/ieslucussolis\/wp-json\/wp\/v2\/users\/3321"}],"replies":[{"embeddable":true,"href":"https:\/\/blogsaverroes.juntadeandalucia.es\/ieslucussolis\/wp-json\/wp\/v2\/comments?post=2428"}],"version-history":[{"count":1,"href":"https:\/\/blogsaverroes.juntadeandalucia.es\/ieslucussolis\/wp-json\/wp\/v2\/posts\/2428\/revisions"}],"predecessor-version":[{"id":2429,"href":"https:\/\/blogsaverroes.juntadeandalucia.es\/ieslucussolis\/wp-json\/wp\/v2\/posts\/2428\/revisions\/2429"}],"wp:attachment":[{"href":"https:\/\/blogsaverroes.juntadeandalucia.es\/ieslucussolis\/wp-json\/wp\/v2\/media?parent=2428"}],"wp:term":[{"taxonomy":"category","embeddable":true,"href":"https:\/\/blogsaverroes.juntadeandalucia.es\/ieslucussolis\/wp-json\/wp\/v2\/categories?post=2428"},{"taxonomy":"post_tag","embeddable":true,"href":"https:\/\/blogsaverroes.juntadeandalucia.es\/ieslucussolis\/wp-json\/wp\/v2\/tags?post=2428"}],"curies":[{"name":"wp","href":"https:\/\/api.w.org\/{rel}","templated":true}]}}