{"id":2574,"date":"2024-03-20T09:32:51","date_gmt":"2024-03-20T08:32:51","guid":{"rendered":"https:\/\/blogsaverroes.juntadeandalucia.es\/ieslucussolis\/?p=2574"},"modified":"2024-03-20T09:32:51","modified_gmt":"2024-03-20T08:32:51","slug":"nudos","status":"publish","type":"post","link":"https:\/\/blogsaverroes.juntadeandalucia.es\/ieslucussolis\/nudos\/","title":{"rendered":"NUDOS"},"content":{"rendered":"<p>En el d\u00eda de hoy, dentro de la Semana Cultural de nuestro centro, hemos tenido un&nbsp;<strong>Taller de Nudos<\/strong>&nbsp;donde el alumnado de 3\u00ba de ESO ha podido aprender a hacer nudos de tap\u00f3n, anillas, nudos corredizos etc.. El taller ha sido impartido por el alumnado de 1\u00ba de bachillerato que cursa las optativas de Creaci\u00f3n Digital y Tic, ambas del Departamento de Inform\u00e1tica. Adem\u00e1s por si os hab\u00e9is quedado con ganas de seguir haciendo m\u00e1s nudos, aqu\u00ed ten\u00e9is una web para poder consultar los nudos m\u00e1s habituales.<\/p>\n<p><a href=\"https:\/\/sites.google.com\/ieslucussolis.es\/tallerdenudos\/home\" target=\"_blank\" rel=\"noopener noreferrer\">https:\/\/sites.google.com\/ieslucussolis.es\/tallerdenudos\/home<\/a><\/p>\n<p><img decoding=\"async\" src=\"https:\/\/scontent-mad1-1.xx.fbcdn.net\/v\/t39.30808-6\/431559831_1826396347875286_4438530870768403876_n.jpg?_nc_cat=105&amp;ccb=1-7&amp;_nc_sid=5f2048&amp;_nc_ohc=nKifw1WFBmEAX-D6Wzj&amp;_nc_ht=scontent-mad1-1.xx&amp;oh=00_AfC_gSN3mUeBcVNctpW4wau_oTb2sJpmpBXgiB5fsJ7iOQ&amp;oe=65FF85A4\" alt=\"Puede ser una imagen de 6 personas, personas estudiando y texto\"><\/p>\n","protected":false},"excerpt":{"rendered":"<p>En el d\u00eda de hoy, dentro de la Semana Cultural de nuestro centro, hemos tenido un&nbsp;Taller de Nudos&nbsp;donde el alumnado de 3\u00ba de ESO ha podido aprender a hacer nudos de tap\u00f3n, anillas, nudos corredizos etc.. El taller ha sido impartido por el alumnado de 1\u00ba de bachillerato que cursa las optativas de Creaci\u00f3n Digital [&hellip;]<\/p>\n","protected":false},"author":3321,"featured_media":0,"comment_status":"closed","ping_status":"open","sticky":false,"template":"","format":"standard","meta":{"_et_pb_use_builder":"","_et_pb_old_content":"","_et_gb_content_width":"","ngg_post_thumbnail":0,"footnotes":""},"categories":[4],"tags":[],"aioseo_notices":[],"_links":{"self":[{"href":"https:\/\/blogsaverroes.juntadeandalucia.es\/ieslucussolis\/wp-json\/wp\/v2\/posts\/2574"}],"collection":[{"href":"https:\/\/blogsaverroes.juntadeandalucia.es\/ieslucussolis\/wp-json\/wp\/v2\/posts"}],"about":[{"href":"https:\/\/blogsaverroes.juntadeandalucia.es\/ieslucussolis\/wp-json\/wp\/v2\/types\/post"}],"author":[{"embeddable":true,"href":"https:\/\/blogsaverroes.juntadeandalucia.es\/ieslucussolis\/wp-json\/wp\/v2\/users\/3321"}],"replies":[{"embeddable":true,"href":"https:\/\/blogsaverroes.juntadeandalucia.es\/ieslucussolis\/wp-json\/wp\/v2\/comments?post=2574"}],"version-history":[{"count":1,"href":"https:\/\/blogsaverroes.juntadeandalucia.es\/ieslucussolis\/wp-json\/wp\/v2\/posts\/2574\/revisions"}],"predecessor-version":[{"id":2575,"href":"https:\/\/blogsaverroes.juntadeandalucia.es\/ieslucussolis\/wp-json\/wp\/v2\/posts\/2574\/revisions\/2575"}],"wp:attachment":[{"href":"https:\/\/blogsaverroes.juntadeandalucia.es\/ieslucussolis\/wp-json\/wp\/v2\/media?parent=2574"}],"wp:term":[{"taxonomy":"category","embeddable":true,"href":"https:\/\/blogsaverroes.juntadeandalucia.es\/ieslucussolis\/wp-json\/wp\/v2\/categories?post=2574"},{"taxonomy":"post_tag","embeddable":true,"href":"https:\/\/blogsaverroes.juntadeandalucia.es\/ieslucussolis\/wp-json\/wp\/v2\/tags?post=2574"}],"curies":[{"name":"wp","href":"https:\/\/api.w.org\/{rel}","templated":true}]}}