{"id":2642,"date":"2024-06-21T10:17:37","date_gmt":"2024-06-21T09:17:37","guid":{"rendered":"https:\/\/blogsaverroes.juntadeandalucia.es\/ieslucussolis\/?p=2642"},"modified":"2024-06-21T10:48:19","modified_gmt":"2024-06-21T09:48:19","slug":"matriculacion-itinerarios-oferta-educativa","status":"publish","type":"post","link":"https:\/\/blogsaverroes.juntadeandalucia.es\/ieslucussolis\/matriculacion-itinerarios-oferta-educativa\/","title":{"rendered":"MATRICULACI\u00d3N \/ ITINERARIOS \/ OFERTA EDUCATIVA"},"content":{"rendered":"<p><span style=\"font-size: 12pt\">El periodo de matriculaci\u00f3n comienza el 1 de julio y finaliza el 10 de julio.<\/span><\/p>\n<p><span style=\"font-size: 12pt\">Con el fin de agilizar los tr\u00e1mites sugerimos que la matriculaci\u00f3n se realice de la siguiente forma:<\/span><\/p>\n<ul>\n<li>D\u00edas 1,2 y 3 de julio: matriculaci\u00f3n del alumnado de 1\u00ba y 2\u00ba de ESO.<\/li>\n<li>D\u00edas 4 y 5 de julio: matriculaci\u00f3n del alumnado de 3\u00ba y 4\u00ba de ESO.<\/li>\n<li>D\u00edas 8 y 9 de julio: matriculaci\u00f3n del alumnado de 1\u00ba y 2\u00ba de bachillerato.<\/li>\n<li>D\u00edas 6, 7 y 10: matriculaci\u00f3n de aquellos que por alguna incidencia no hayan podido matricularse en las fechas indicadas.<\/li>\n<\/ul>\n<p style=\"text-align: center\"><a href=\"https:\/\/drive.google.com\/drive\/folders\/11pfFdvJcXcns7hPculXevA9LN7mM3I9D?usp=sharing\">PINCHA EN LA IMAGEN PARA VER NUESTROS ITINERARIOS<br \/>\n<img loading=\"lazy\" decoding=\"async\" class=\"alignnone size-medium wp-image-2643 aligncenter\" src=\"https:\/\/blogsaverroes.juntadeandalucia.es\/ieslucussolis\/files\/2024\/06\/Captura-de-pantalla-2024-06-21-111600-300x190.jpg\" alt=\"\" width=\"300\" height=\"190\"><\/a><\/p>\n","protected":false},"excerpt":{"rendered":"<p>El periodo de matriculaci\u00f3n comienza el 1 de julio y finaliza el 10 de julio. Con el fin de agilizar los tr\u00e1mites sugerimos que la matriculaci\u00f3n se realice de la siguiente forma: D\u00edas 1,2 y 3 de julio: matriculaci\u00f3n del alumnado de 1\u00ba y 2\u00ba de ESO. D\u00edas 4 y 5 de julio: matriculaci\u00f3n del [&hellip;]<\/p>\n","protected":false},"author":3321,"featured_media":0,"comment_status":"closed","ping_status":"open","sticky":true,"template":"","format":"standard","meta":{"_et_pb_use_builder":"","_et_pb_old_content":"","_et_gb_content_width":"","ngg_post_thumbnail":0,"footnotes":""},"categories":[16,27,41,4,1],"tags":[],"aioseo_notices":[],"_links":{"self":[{"href":"https:\/\/blogsaverroes.juntadeandalucia.es\/ieslucussolis\/wp-json\/wp\/v2\/posts\/2642"}],"collection":[{"href":"https:\/\/blogsaverroes.juntadeandalucia.es\/ieslucussolis\/wp-json\/wp\/v2\/posts"}],"about":[{"href":"https:\/\/blogsaverroes.juntadeandalucia.es\/ieslucussolis\/wp-json\/wp\/v2\/types\/post"}],"author":[{"embeddable":true,"href":"https:\/\/blogsaverroes.juntadeandalucia.es\/ieslucussolis\/wp-json\/wp\/v2\/users\/3321"}],"replies":[{"embeddable":true,"href":"https:\/\/blogsaverroes.juntadeandalucia.es\/ieslucussolis\/wp-json\/wp\/v2\/comments?post=2642"}],"version-history":[{"count":4,"href":"https:\/\/blogsaverroes.juntadeandalucia.es\/ieslucussolis\/wp-json\/wp\/v2\/posts\/2642\/revisions"}],"predecessor-version":[{"id":2653,"href":"https:\/\/blogsaverroes.juntadeandalucia.es\/ieslucussolis\/wp-json\/wp\/v2\/posts\/2642\/revisions\/2653"}],"wp:attachment":[{"href":"https:\/\/blogsaverroes.juntadeandalucia.es\/ieslucussolis\/wp-json\/wp\/v2\/media?parent=2642"}],"wp:term":[{"taxonomy":"category","embeddable":true,"href":"https:\/\/blogsaverroes.juntadeandalucia.es\/ieslucussolis\/wp-json\/wp\/v2\/categories?post=2642"},{"taxonomy":"post_tag","embeddable":true,"href":"https:\/\/blogsaverroes.juntadeandalucia.es\/ieslucussolis\/wp-json\/wp\/v2\/tags?post=2642"}],"curies":[{"name":"wp","href":"https:\/\/api.w.org\/{rel}","templated":true}]}}