{"id":972,"date":"2021-12-11T17:50:31","date_gmt":"2021-12-11T16:50:31","guid":{"rendered":"https:\/\/blogsaverroes.juntadeandalucia.es\/ieslucussolis\/?p=972"},"modified":"2021-12-11T17:50:31","modified_gmt":"2021-12-11T16:50:31","slug":"erasmus-en-roma","status":"publish","type":"post","link":"https:\/\/blogsaverroes.juntadeandalucia.es\/ieslucussolis\/erasmus-en-roma\/","title":{"rendered":"Erasmus + en Roma"},"content":{"rendered":"<p style=\"text-align: justify\"><span style=\"font-size: 12pt\"><span style=\"font-family: tahoma, sans-serif\">Dos profesoras de formaci\u00f3n profesional de nuestro centro educativo participan en el programa Erasmus+ Aljarafe en Europa. Esta movilidad ha tenido como destino Roma, donde han podido visitar escuelas de formaci\u00f3n profesional de Administraci\u00f3n y Gesti\u00f3n, Sociosanitaria, Hosteler\u00eda y Moda, entre otros; tambi\u00e9n visitaron una empresa de Atenci\u00f3n Sociosanitaria. Esta movilidad tiene como objetivo conocer el sistema educativo en este Pa\u00eds, dado que tenemos alumnado que realiza&nbsp;pr\u00e1cticas dentro de este programa en Italia<\/span>.&nbsp;<\/span><\/p>\n<p style=\"text-align: justify\">&nbsp;<\/p>\n<p style=\"text-align: justify\"><span style=\"font-size: 12pt\"><img loading=\"lazy\" decoding=\"async\" src=\"images\/ERASMUS_5.jpg\" alt=\"\" width=\"590\" height=\"440\" \/><\/span><\/p>\n<p style=\"text-align: center\"><span style=\"font-size: 12pt\"><img loading=\"lazy\" decoding=\"async\" src=\"images\/ERASMUS_ROMA.jpg\" alt=\"\" width=\"263\" height=\"197\" \/>&nbsp;<img loading=\"lazy\" decoding=\"async\" src=\"images\/ERASMUS_ROMA_2.jpg\" alt=\"\" width=\"261\" height=\"196\" \/><\/span><\/p>\n<p style=\"text-align: center\"><span style=\"font-size: 12pt\"><img loading=\"lazy\" decoding=\"async\" src=\"images\/ERASMUS_ROMA_3.jpg\" alt=\"\" width=\"551\" height=\"413\" \/><\/span><\/p>\n","protected":false},"excerpt":{"rendered":"<p>Dos profesoras de formaci\u00f3n profesional de nuestro centro educativo participan en el programa Erasmus+ Aljarafe en Europa. Esta movilidad ha tenido como destino Roma, donde han podido visitar escuelas de formaci\u00f3n profesional de Administraci\u00f3n y Gesti\u00f3n, Sociosanitaria, Hosteler\u00eda y Moda, entre otros; tambi\u00e9n visitaron una empresa de Atenci\u00f3n Sociosanitaria. Esta movilidad tiene como objetivo conocer [&hellip;]<\/p>\n","protected":false},"author":3321,"featured_media":0,"comment_status":"closed","ping_status":"open","sticky":false,"template":"","format":"standard","meta":{"_et_pb_use_builder":"","_et_pb_old_content":"","_et_gb_content_width":"","ngg_post_thumbnail":0,"footnotes":""},"categories":[21],"tags":[25,22],"aioseo_notices":[],"_links":{"self":[{"href":"https:\/\/blogsaverroes.juntadeandalucia.es\/ieslucussolis\/wp-json\/wp\/v2\/posts\/972"}],"collection":[{"href":"https:\/\/blogsaverroes.juntadeandalucia.es\/ieslucussolis\/wp-json\/wp\/v2\/posts"}],"about":[{"href":"https:\/\/blogsaverroes.juntadeandalucia.es\/ieslucussolis\/wp-json\/wp\/v2\/types\/post"}],"author":[{"embeddable":true,"href":"https:\/\/blogsaverroes.juntadeandalucia.es\/ieslucussolis\/wp-json\/wp\/v2\/users\/3321"}],"replies":[{"embeddable":true,"href":"https:\/\/blogsaverroes.juntadeandalucia.es\/ieslucussolis\/wp-json\/wp\/v2\/comments?post=972"}],"version-history":[{"count":1,"href":"https:\/\/blogsaverroes.juntadeandalucia.es\/ieslucussolis\/wp-json\/wp\/v2\/posts\/972\/revisions"}],"predecessor-version":[{"id":973,"href":"https:\/\/blogsaverroes.juntadeandalucia.es\/ieslucussolis\/wp-json\/wp\/v2\/posts\/972\/revisions\/973"}],"wp:attachment":[{"href":"https:\/\/blogsaverroes.juntadeandalucia.es\/ieslucussolis\/wp-json\/wp\/v2\/media?parent=972"}],"wp:term":[{"taxonomy":"category","embeddable":true,"href":"https:\/\/blogsaverroes.juntadeandalucia.es\/ieslucussolis\/wp-json\/wp\/v2\/categories?post=972"},{"taxonomy":"post_tag","embeddable":true,"href":"https:\/\/blogsaverroes.juntadeandalucia.es\/ieslucussolis\/wp-json\/wp\/v2\/tags?post=972"}],"curies":[{"name":"wp","href":"https:\/\/api.w.org\/{rel}","templated":true}]}}