{"id":2504,"date":"2025-09-22T10:22:05","date_gmt":"2025-09-22T09:22:05","guid":{"rendered":"https:\/\/blogsaverroes.juntadeandalucia.es\/iesluisvelezdeguevara\/?p=2504"},"modified":"2025-09-22T08:49:32","modified_gmt":"2025-09-22T07:49:32","slug":"plan-estrategico-para-la-igualdad-de-mujeres-y-hombres-en-andalucia-2022-2028","status":"publish","type":"post","link":"https:\/\/blogsaverroes.juntadeandalucia.es\/iesluisvelezdeguevara\/blogs\/plan-estrategico-para-la-igualdad-de-mujeres-y-hombres-en-andalucia-2022-2028\/","title":{"rendered":"III Plan de igualdad de g\u00e9nero en educaci\u00f3n"},"content":{"rendered":"<div class=\"inner_cuerpo\">\n<p><img decoding=\"async\" title=\"Banner general\" src=\"https:\/\/www.juntadeandalucia.es\/educacion\/portals\/delegate\/content\/7ce06f75-65da-442b-86e3-1403da69aaa7\" alt=\"Banner general\" \/><\/p>\n<p>Mediante la Orden de 7 de junio de 2024, por la que se aprueba el III Plan de Igualdad de G\u00e9nero en Educaci\u00f3n 2024-2028, la Consejer\u00eda de Desarrollo Educativo y Formaci\u00f3n Profesional aborda la puesta en marcha de un nuevo Plan de Igualdad de G\u00e9nero en Educaci\u00f3n para el periodo 2024\/2028 con la ilusi\u00f3n renovada por afianzar la estrategia de coeducaci\u00f3n en el Sistema Educativo de la Comunidad Aut\u00f3noma de Andaluc\u00eda.<\/p>\n<p>Con esta ya su tercera edici\u00f3n, se sigue apostando por dotar de un marco de referencia a la implantaci\u00f3n de diversas iniciativas y metodolog\u00edas en los centros docentes andaluces para trabajar la Igualdad entre Mujeres y Hombres, la Transversalidad de G\u00e9nero, la Eliminaci\u00f3n de las Desigualdades y la mejora de la Convivencia.<\/p>\n<p>Desde esta estructura, se asume un nuevo enfoque en la intervenci\u00f3n p\u00fablica integrando la perspectiva de g\u00e9nero. En este enfoque todos los elementos est\u00e1n interconectados de tal modo que es el conjunto de la actuaci\u00f3n la que justifica su l\u00f3gica interna y permite avanzar hacia la superaci\u00f3n de las desigualdades entre mujeres y hombres.<\/p>\n<p>La raz\u00f3n de ser de este III Plan es lograr que la estrategia de igualdad de g\u00e9nero en el \u00e1mbito educativo de Andaluc\u00eda sea una realidad plena y efectiva, sin marcha atr\u00e1s.<\/p>\n<p>En concreto, el III Plan viene a afianzar los pasos y consolidar las medidas y actuaciones ya iniciadas en ediciones anteriores con el prop\u00f3sito de incidir en aquellos puntos en los que la evaluaci\u00f3n del II Plan hubiera detectado algunas debilidades. De ah\u00ed que las intervenciones objeto de este III Plan est\u00e9n encaminadas a contribuir en la eliminaci\u00f3n de las brechas de g\u00e9nero previamente detectadas.<\/p>\n<p>Misi\u00f3n del III Plan de Igualdad de G\u00e9nero en Educaci\u00f3n<br \/>\nLa raz\u00f3n de ser de este III Plan es lograr que la estrategia de igualdad de g\u00e9nero en el \u00e1mbito educativo de Andaluc\u00eda sea una realidad plena y efectiva, sin marcha atr\u00e1s. En concreto, el III Plan viene a afianzar los pasos y consolidar las medidas y actuaciones ya iniciadas en ediciones anteriores con el prop\u00f3sito de incidir en aquellos puntos en los que la evaluaci\u00f3n del II Plan hubiera detectado algunas debilidades. De ah\u00ed que las intervenciones objeto de este III Plan est\u00e9n encaminadas a contribuir en la eliminaci\u00f3n de las brechas de g\u00e9nero previamente detectadas<\/p>\n<\/div>\n<p><a href=\"https:\/\/www.juntadeandalucia.es\/educacion\/portals\/delegate\/content\/409e68ae-a4ef-4232-82d4-b66eeff03665\/III%20Plan%20de%20Igualdad%20de%20G%C3%A9nero%20en%20Educaci%C3%B3n%202024\/2028\">III Plan Estrat\u00e9gico Igualdad 2024-2028<\/a><\/p>\n","protected":false},"excerpt":{"rendered":"<p>Mediante la Orden de 7 de junio de 2024, por la que se aprueba el III Plan de Igualdad de G\u00e9nero en Educaci\u00f3n 2024-2028, la Consejer\u00eda de Desarrollo Educativo y Formaci\u00f3n Profesional aborda la puesta en marcha de un nuevo Plan de Igualdad de G\u00e9nero en Educaci\u00f3n para el periodo 2024\/2028 con la ilusi\u00f3n renovada [&hellip;]<\/p>\n","protected":false},"author":17814,"featured_media":2506,"comment_status":"closed","ping_status":"open","sticky":false,"template":"","format":"standard","meta":{"_et_pb_use_builder":"","_et_pb_old_content":"","_et_gb_content_width":"","ngg_post_thumbnail":0,"footnotes":""},"categories":[2,14,53,17],"tags":[49,76,62,43,79,61],"aioseo_notices":[],"_links":{"self":[{"href":"https:\/\/blogsaverroes.juntadeandalucia.es\/iesluisvelezdeguevara\/wp-json\/wp\/v2\/posts\/2504"}],"collection":[{"href":"https:\/\/blogsaverroes.juntadeandalucia.es\/iesluisvelezdeguevara\/wp-json\/wp\/v2\/posts"}],"about":[{"href":"https:\/\/blogsaverroes.juntadeandalucia.es\/iesluisvelezdeguevara\/wp-json\/wp\/v2\/types\/post"}],"author":[{"embeddable":true,"href":"https:\/\/blogsaverroes.juntadeandalucia.es\/iesluisvelezdeguevara\/wp-json\/wp\/v2\/users\/17814"}],"replies":[{"embeddable":true,"href":"https:\/\/blogsaverroes.juntadeandalucia.es\/iesluisvelezdeguevara\/wp-json\/wp\/v2\/comments?post=2504"}],"version-history":[{"count":5,"href":"https:\/\/blogsaverroes.juntadeandalucia.es\/iesluisvelezdeguevara\/wp-json\/wp\/v2\/posts\/2504\/revisions"}],"predecessor-version":[{"id":2698,"href":"https:\/\/blogsaverroes.juntadeandalucia.es\/iesluisvelezdeguevara\/wp-json\/wp\/v2\/posts\/2504\/revisions\/2698"}],"wp:featuredmedia":[{"embeddable":true,"href":"https:\/\/blogsaverroes.juntadeandalucia.es\/iesluisvelezdeguevara\/wp-json\/wp\/v2\/media\/2506"}],"wp:attachment":[{"href":"https:\/\/blogsaverroes.juntadeandalucia.es\/iesluisvelezdeguevara\/wp-json\/wp\/v2\/media?parent=2504"}],"wp:term":[{"taxonomy":"category","embeddable":true,"href":"https:\/\/blogsaverroes.juntadeandalucia.es\/iesluisvelezdeguevara\/wp-json\/wp\/v2\/categories?post=2504"},{"taxonomy":"post_tag","embeddable":true,"href":"https:\/\/blogsaverroes.juntadeandalucia.es\/iesluisvelezdeguevara\/wp-json\/wp\/v2\/tags?post=2504"}],"curies":[{"name":"wp","href":"https:\/\/api.w.org\/{rel}","templated":true}]}}