{"id":2598,"date":"2025-03-22T16:54:26","date_gmt":"2025-03-22T15:54:26","guid":{"rendered":"https:\/\/blogsaverroes.juntadeandalucia.es\/iesluisvelezdeguevara\/?p=2598"},"modified":"2025-03-22T17:06:26","modified_gmt":"2025-03-22T16:06:26","slug":"el-ies-luis-velez-de-guevara-derriba-barreras-con-tecnologia-inclusiva","status":"publish","type":"post","link":"https:\/\/blogsaverroes.juntadeandalucia.es\/iesluisvelezdeguevara\/blogs\/tde\/el-ies-luis-velez-de-guevara-derriba-barreras-con-tecnologia-inclusiva\/","title":{"rendered":"El IES Luis V\u00e9lez de Guevara derriba barreras con tecnolog\u00eda inclusiva"},"content":{"rendered":"<p>En el IES Luis V\u00e9lez de Guevara, la inform\u00e1tica se pone al servicio de la inclusi\u00f3n. El equipo de Transformaci\u00f3n Digital Educativa ha desarrollado un ingenioso sistema para mejorar la calidad de vida de Pilar, una alumna con dificultades auditivas. Gracias a la instalaci\u00f3n de un port\u00e1til con micr\u00f3fono y conexi\u00f3n Bluetooth, y un programa espec\u00edficamente dise\u00f1ado para ella, que consigue que el sonido ambiente se transmita a unos auriculares \u00f3seos que Pilar lleva, permiti\u00e9ndole escuchar con mayor claridad y participar activamente en clase.<\/p>\n<p>Este proyecto, fruto del trabajo desinteresado del departamento de inform\u00e1tica, ha transformado la experiencia educativa de Pilar, fomentando su independencia y participaci\u00f3n.<\/p>\n<p>Adem\u00e1s, con ayuda del alumnado del C.F.G.S. de Desarrollo de Aplicaciones Web, se est\u00e1 ideando un dispositivo electr\u00f3nico m\u00e1s ligero y port\u00e1til para intentar sustituir el port\u00e1til actual, ofreciendo a\u00fan m\u00e1s libertad y comodidad a Pilar.<\/p>\n<p><img loading=\"lazy\" decoding=\"async\" class=\"alignnone size-medium wp-image-2599\" src=\"https:\/\/blogsaverroes.juntadeandalucia.es\/iesluisvelezdeguevara\/files\/2025\/03\/sistema_audicion_01-300x225.jpg\" alt=\"\" width=\"300\" height=\"225\"> <img loading=\"lazy\" decoding=\"async\" class=\"alignnone size-medium wp-image-2600\" src=\"https:\/\/blogsaverroes.juntadeandalucia.es\/iesluisvelezdeguevara\/files\/2025\/03\/sistema_audicion_02-300x225.jpg\" alt=\"\" width=\"300\" height=\"225\"> <img loading=\"lazy\" decoding=\"async\" class=\"alignnone size-medium wp-image-2601\" src=\"https:\/\/blogsaverroes.juntadeandalucia.es\/iesluisvelezdeguevara\/files\/2025\/03\/sistema_audicion_03-300x225.jpg\" alt=\"\" width=\"300\" height=\"225\"> <img loading=\"lazy\" decoding=\"async\" class=\"alignnone size-medium wp-image-2602\" src=\"https:\/\/blogsaverroes.juntadeandalucia.es\/iesluisvelezdeguevara\/files\/2025\/03\/sistema_audicion_04-300x225.jpg\" alt=\"\" width=\"300\" height=\"225\"> <img loading=\"lazy\" decoding=\"async\" class=\"alignnone size-medium wp-image-2603\" src=\"https:\/\/blogsaverroes.juntadeandalucia.es\/iesluisvelezdeguevara\/files\/2025\/03\/sistema_audicion_05-300x225.jpg\" alt=\"\" width=\"300\" height=\"225\"> <img loading=\"lazy\" decoding=\"async\" class=\"alignnone size-medium wp-image-2604\" src=\"https:\/\/blogsaverroes.juntadeandalucia.es\/iesluisvelezdeguevara\/files\/2025\/03\/sistema_audicion_06-300x225.jpg\" alt=\"\" width=\"300\" height=\"225\"><\/p>\n","protected":false},"excerpt":{"rendered":"<p>En el IES Luis V\u00e9lez de Guevara, la inform\u00e1tica se pone al servicio de la inclusi\u00f3n. El equipo de Transformaci\u00f3n Digital Educativa ha desarrollado un ingenioso sistema para mejorar la calidad de vida de Pilar, una alumna con dificultades auditivas. Gracias a la instalaci\u00f3n de un port\u00e1til con micr\u00f3fono y conexi\u00f3n Bluetooth, y un programa [&hellip;]<\/p>\n","protected":false},"author":17369,"featured_media":2599,"comment_status":"closed","ping_status":"open","sticky":false,"template":"","format":"standard","meta":{"_et_pb_use_builder":"","_et_pb_old_content":"","_et_gb_content_width":"","ngg_post_thumbnail":0,"footnotes":""},"categories":[60],"tags":[],"aioseo_notices":[],"_links":{"self":[{"href":"https:\/\/blogsaverroes.juntadeandalucia.es\/iesluisvelezdeguevara\/wp-json\/wp\/v2\/posts\/2598"}],"collection":[{"href":"https:\/\/blogsaverroes.juntadeandalucia.es\/iesluisvelezdeguevara\/wp-json\/wp\/v2\/posts"}],"about":[{"href":"https:\/\/blogsaverroes.juntadeandalucia.es\/iesluisvelezdeguevara\/wp-json\/wp\/v2\/types\/post"}],"author":[{"embeddable":true,"href":"https:\/\/blogsaverroes.juntadeandalucia.es\/iesluisvelezdeguevara\/wp-json\/wp\/v2\/users\/17369"}],"replies":[{"embeddable":true,"href":"https:\/\/blogsaverroes.juntadeandalucia.es\/iesluisvelezdeguevara\/wp-json\/wp\/v2\/comments?post=2598"}],"version-history":[{"count":6,"href":"https:\/\/blogsaverroes.juntadeandalucia.es\/iesluisvelezdeguevara\/wp-json\/wp\/v2\/posts\/2598\/revisions"}],"predecessor-version":[{"id":2610,"href":"https:\/\/blogsaverroes.juntadeandalucia.es\/iesluisvelezdeguevara\/wp-json\/wp\/v2\/posts\/2598\/revisions\/2610"}],"wp:featuredmedia":[{"embeddable":true,"href":"https:\/\/blogsaverroes.juntadeandalucia.es\/iesluisvelezdeguevara\/wp-json\/wp\/v2\/media\/2599"}],"wp:attachment":[{"href":"https:\/\/blogsaverroes.juntadeandalucia.es\/iesluisvelezdeguevara\/wp-json\/wp\/v2\/media?parent=2598"}],"wp:term":[{"taxonomy":"category","embeddable":true,"href":"https:\/\/blogsaverroes.juntadeandalucia.es\/iesluisvelezdeguevara\/wp-json\/wp\/v2\/categories?post=2598"},{"taxonomy":"post_tag","embeddable":true,"href":"https:\/\/blogsaverroes.juntadeandalucia.es\/iesluisvelezdeguevara\/wp-json\/wp\/v2\/tags?post=2598"}],"curies":[{"name":"wp","href":"https:\/\/api.w.org\/{rel}","templated":true}]}}