{"id":2660,"date":"2025-06-09T19:22:18","date_gmt":"2025-06-09T18:22:18","guid":{"rendered":"https:\/\/blogsaverroes.juntadeandalucia.es\/iesluisvelezdeguevara\/?p=2660"},"modified":"2025-11-16T17:54:48","modified_gmt":"2025-11-16T16:54:48","slug":"ii-torneo-futbol-femenino","status":"publish","type":"post","link":"https:\/\/blogsaverroes.juntadeandalucia.es\/iesluisvelezdeguevara\/blogs\/convivencia\/ii-torneo-futbol-femenino\/","title":{"rendered":"II Torneo F\u00fatbol femenino"},"content":{"rendered":"<p>Este a\u00f1o hemos seguido impulsando la l\u00ednea de deporte inclusivo y trabajando la igualdad desde el deporte, en colaboraci\u00f3n con el CMIM del Ayto. de \u00c9cija y la participaci\u00f3n de todos los centros de Secundaria de la localidad, hemos llevado a cabo el II torneo de f\u00fatbol femenino.<\/p>\n<p>En nuestro caso hemos participado en dos sesiones, la jornada del IES Nicol\u00e1s Cop\u00e9rnico, en noviembre y la jornada final de SAFA, en mayo. Un trato exquisito y unas jornadas de convivencia, deporte e igualdad muy sanas para toda la comunidad educativa.\u00a0 Asistimos con un grupo de 10 alumnas de 1\u00ba, 2\u00ba y 3\u00ba y 4\u00ba. El <strong>21 de noviembre<\/strong>, dentro del II Torneo de F\u00fatbol intercentros, en la primera jornada, el IES Luis V\u00e9lez de Guevara hemos visitado el IES Nicol\u00e1s Cop\u00e9rnico, donde nos hemos reunido el resto de centros\u00a0 en una jornada de convivencia y deporte con una experiencia muy positiva con la intenci\u00f3n.<\/p>\n<p>La jornada prevista para nuestro centro, en marzo, tuvimos que posponerla y, finalmente cancelarla por motivos meteorol\u00f3gicos. Y es que marzo fue un mes lluvioso que apenas nos permiti\u00f3 encajar nuestras actividades.<\/p>\n<p>Y la segunda jornada y final del torneo de f\u00fatbol femenino se desarroll\u00f3 el <strong>7 de mayo<\/strong> en la SAFA Fundaci\u00f3n Pe\u00f1aflor que re\u00fane a todos los centros participantes para finalizar esta primera experiencia de torneo de f\u00fatbol femenino, al que asistimos con un grupo de 10 alumnas de 1\u00ba, 2\u00ba y 3\u00ba y 4. En esta ocasi\u00f3n, lo de menos son los resultados, pero nuestras chicas ganaron todos los partidos, excepto un empate.<br \/>\nAll\u00ed se acercaron representantes del Ayuntamiento, las Delegadas de Juventud y Deportes, Ana Mar\u00eda Carmona e Inclusi\u00f3n Social e\u00a0 Igualdad,\u00a0 Esther Ostos, as\u00ed como las propias trabajadoras del Centro de Informaci\u00f3n a la Mujer, Yolanda y \u00c1ngeles.<\/p>\n<div style=\"width: 720px;\" class=\"wp-video\"><!--[if lt IE 9]><script>document.createElement('video');<\/script><![endif]-->\n<video class=\"wp-video-shortcode\" id=\"video-2660-1\" width=\"720\" height=\"1280\" preload=\"metadata\" controls=\"controls\"><source type=\"video\/mp4\" src=\"https:\/\/blogsaverroes.juntadeandalucia.es\/iesluisvelezdeguevara\/files\/2025\/06\/VID20241122113021.mp4?_=1\" \/><a href=\"https:\/\/blogsaverroes.juntadeandalucia.es\/iesluisvelezdeguevara\/files\/2025\/06\/VID20241122113021.mp4\">https:\/\/blogsaverroes.juntadeandalucia.es\/iesluisvelezdeguevara\/files\/2025\/06\/VID20241122113021.mp4<\/a><\/video><\/div>\n<p><img loading=\"lazy\" decoding=\"async\" class=\"alignnone size-medium wp-image-2649\" src=\"https:\/\/blogsaverroes.juntadeandalucia.es\/iesluisvelezdeguevara\/files\/2025\/06\/IMG20241122114451-300x225.jpg\" alt=\"\" width=\"300\" height=\"225\" \/> <img loading=\"lazy\" decoding=\"async\" class=\"alignnone size-medium wp-image-2648\" src=\"https:\/\/blogsaverroes.juntadeandalucia.es\/iesluisvelezdeguevara\/files\/2025\/06\/IMG20241122113017-300x225.jpg\" alt=\"\" width=\"300\" height=\"225\" \/> <img loading=\"lazy\" decoding=\"async\" class=\"alignnone size-medium wp-image-2647\" src=\"https:\/\/blogsaverroes.juntadeandalucia.es\/iesluisvelezdeguevara\/files\/2025\/06\/IMG20241122104005-300x135.jpg\" alt=\"\" width=\"300\" height=\"135\" \/> <img loading=\"lazy\" decoding=\"async\" class=\"alignnone size-medium wp-image-2629\" src=\"https:\/\/blogsaverroes.juntadeandalucia.es\/iesluisvelezdeguevara\/files\/2025\/06\/IMG20241122104004-300x135.jpg\" alt=\"\" width=\"300\" height=\"135\" \/> <img loading=\"lazy\" decoding=\"async\" class=\"alignnone size-medium wp-image-2628\" src=\"https:\/\/blogsaverroes.juntadeandalucia.es\/iesluisvelezdeguevara\/files\/2025\/06\/IMG20241122103551-300x135.jpg\" alt=\"\" width=\"300\" height=\"135\" \/><\/p>\n<p><a href=\"https:\/\/blogsaverroes.juntadeandalucia.es\/iesluisvelezdeguevara\/files\/2025\/06\/IMG_0322.mov\">IMG_0322<\/a><\/p>\n<p><img decoding=\"async\" class=\"transparent\" src=\"https:\/\/www.juntadeandalucia.es\/educacion\/portals\/delegate\/content\/7ce06f75-65da-442b-86e3-1403da69aaa7\" alt=\"https:\/\/www.juntadeandalucia.es\/educacion\/portals\/delegate\/content\/7ce06f75-65da-442b-86e3-1403da69aaa7\" \/><\/p>\n","protected":false},"excerpt":{"rendered":"<p>Este a\u00f1o hemos seguido impulsando la l\u00ednea de deporte inclusivo y trabajando la igualdad desde el deporte, en colaboraci\u00f3n con el CMIM del Ayto. de \u00c9cija y la participaci\u00f3n de todos los centros de Secundaria de la localidad, hemos llevado a cabo el II torneo de f\u00fatbol femenino. En nuestro caso hemos participado en dos [&hellip;]<\/p>\n","protected":false},"author":17814,"featured_media":2544,"comment_status":"closed","ping_status":"open","sticky":false,"template":"","format":"standard","meta":{"_et_pb_use_builder":"","_et_pb_old_content":"","_et_gb_content_width":"","ngg_post_thumbnail":0,"footnotes":""},"categories":[15,53,17],"tags":[76,63,43,77,75,61],"aioseo_notices":[],"_links":{"self":[{"href":"https:\/\/blogsaverroes.juntadeandalucia.es\/iesluisvelezdeguevara\/wp-json\/wp\/v2\/posts\/2660"}],"collection":[{"href":"https:\/\/blogsaverroes.juntadeandalucia.es\/iesluisvelezdeguevara\/wp-json\/wp\/v2\/posts"}],"about":[{"href":"https:\/\/blogsaverroes.juntadeandalucia.es\/iesluisvelezdeguevara\/wp-json\/wp\/v2\/types\/post"}],"author":[{"embeddable":true,"href":"https:\/\/blogsaverroes.juntadeandalucia.es\/iesluisvelezdeguevara\/wp-json\/wp\/v2\/users\/17814"}],"replies":[{"embeddable":true,"href":"https:\/\/blogsaverroes.juntadeandalucia.es\/iesluisvelezdeguevara\/wp-json\/wp\/v2\/comments?post=2660"}],"version-history":[{"count":3,"href":"https:\/\/blogsaverroes.juntadeandalucia.es\/iesluisvelezdeguevara\/wp-json\/wp\/v2\/posts\/2660\/revisions"}],"predecessor-version":[{"id":2699,"href":"https:\/\/blogsaverroes.juntadeandalucia.es\/iesluisvelezdeguevara\/wp-json\/wp\/v2\/posts\/2660\/revisions\/2699"}],"wp:featuredmedia":[{"embeddable":true,"href":"https:\/\/blogsaverroes.juntadeandalucia.es\/iesluisvelezdeguevara\/wp-json\/wp\/v2\/media\/2544"}],"wp:attachment":[{"href":"https:\/\/blogsaverroes.juntadeandalucia.es\/iesluisvelezdeguevara\/wp-json\/wp\/v2\/media?parent=2660"}],"wp:term":[{"taxonomy":"category","embeddable":true,"href":"https:\/\/blogsaverroes.juntadeandalucia.es\/iesluisvelezdeguevara\/wp-json\/wp\/v2\/categories?post=2660"},{"taxonomy":"post_tag","embeddable":true,"href":"https:\/\/blogsaverroes.juntadeandalucia.es\/iesluisvelezdeguevara\/wp-json\/wp\/v2\/tags?post=2660"}],"curies":[{"name":"wp","href":"https:\/\/api.w.org\/{rel}","templated":true}]}}