{"id":245,"date":"2015-03-17T11:07:51","date_gmt":"2015-03-17T11:07:51","guid":{"rendered":"http:\/\/blogsaverroes.juntadeandalucia.es\/pre\/ceip\/?p=245"},"modified":"2024-05-19T11:54:54","modified_gmt":"2024-05-19T09:54:54","slug":"escolarizacion-201516","status":"publish","type":"post","link":"https:\/\/blogsaverroes.juntadeandalucia.es\/iesmacarena\/escolarizacion-201516\/","title":{"rendered":"Escolarizaci\u00f3n 2015\/16"},"content":{"rendered":"<p><a href=\"http:\/\/www.juntadeandalucia.es\/educacion\/webportal\/web\/portal-escolarizacion\/infantil-primaria-eso-bachillerato\" target=\"_blank\" rel=\"noopener\"><img loading=\"lazy\" decoding=\"async\" class=\" size-medium wp-image-258 alignnone\" src=\"http:\/\/blogsaverroes.juntadeandalucia.es\/pre\/ceip\/files\/2015\/03\/escolarizacion2-300x131.jpg\" alt=\"escolarizacion2\" width=\"300\" height=\"131\"><\/a><\/p>\n<p style=\"text-align: left\"><a href=\"http:\/\/www.juntadeandalucia.es\/educacion\/webportal\/web\/portal-escolarizacion\/infantil-primaria-eso-bachillerato\" target=\"_blank\" rel=\"noopener\">La Consejer\u00eda de Educaci\u00f3n, Cultura y Deporte convoca el procedimiento de admisi\u00f3n del alumnado<\/a> en los centros docentes p\u00fablicos y privados concertados para cursar las ense\u00f1anzas de segundo ciclo de educaci\u00f3n infantil, educaci\u00f3n primaria, educaci\u00f3n especial, educaci\u00f3n secundaria obligatoria y bachillerato para el curso escolar 2015\/16<\/p>\n<p><a href=\"https:\/\/dereferer.me\/?https:\/\/www3.gobiernodecanarias.org\/cultura\/ocio\/teatroguiniguada\/10-casinos-online-mas-fiables-de-espana\/5821\/\"><span data-sheets-root=\"1\" data-sheets-value=\"{&quot;1&quot;:2,&quot;2&quot;:&quot;Learn more&quot;}\" data-sheets-userformat=\"{&quot;2&quot;:513,&quot;3&quot;:{&quot;1&quot;:0},&quot;12&quot;:0}\">Learn more<\/span><\/a><\/p>\n","protected":false},"excerpt":{"rendered":"<p>La Consejer\u00eda de Educaci\u00f3n, Cultura y Deporte convoca el procedimiento de admisi\u00f3n del alumnado en los centros docentes p\u00fablicos y privados concertados para cursar las ense\u00f1anzas de segundo ciclo de educaci\u00f3n infantil, educaci\u00f3n primaria,&#46;&#46;&#46;<\/p>\n","protected":false},"author":1,"featured_media":0,"comment_status":"closed","ping_status":"open","sticky":false,"template":"","format":"standard","meta":{"ngg_post_thumbnail":0,"footnotes":""},"categories":[526],"tags":[8689],"aioseo_notices":[],"_links":{"self":[{"href":"https:\/\/blogsaverroes.juntadeandalucia.es\/iesmacarena\/wp-json\/wp\/v2\/posts\/245"}],"collection":[{"href":"https:\/\/blogsaverroes.juntadeandalucia.es\/iesmacarena\/wp-json\/wp\/v2\/posts"}],"about":[{"href":"https:\/\/blogsaverroes.juntadeandalucia.es\/iesmacarena\/wp-json\/wp\/v2\/types\/post"}],"author":[{"embeddable":true,"href":"https:\/\/blogsaverroes.juntadeandalucia.es\/iesmacarena\/wp-json\/wp\/v2\/users\/1"}],"replies":[{"embeddable":true,"href":"https:\/\/blogsaverroes.juntadeandalucia.es\/iesmacarena\/wp-json\/wp\/v2\/comments?post=245"}],"version-history":[{"count":2,"href":"https:\/\/blogsaverroes.juntadeandalucia.es\/iesmacarena\/wp-json\/wp\/v2\/posts\/245\/revisions"}],"predecessor-version":[{"id":4047,"href":"https:\/\/blogsaverroes.juntadeandalucia.es\/iesmacarena\/wp-json\/wp\/v2\/posts\/245\/revisions\/4047"}],"wp:attachment":[{"href":"https:\/\/blogsaverroes.juntadeandalucia.es\/iesmacarena\/wp-json\/wp\/v2\/media?parent=245"}],"wp:term":[{"taxonomy":"category","embeddable":true,"href":"https:\/\/blogsaverroes.juntadeandalucia.es\/iesmacarena\/wp-json\/wp\/v2\/categories?post=245"},{"taxonomy":"post_tag","embeddable":true,"href":"https:\/\/blogsaverroes.juntadeandalucia.es\/iesmacarena\/wp-json\/wp\/v2\/tags?post=245"}],"curies":[{"name":"wp","href":"https:\/\/api.w.org\/{rel}","templated":true}]}}