{"id":4037,"date":"2016-05-13T12:49:38","date_gmt":"2016-05-13T11:49:38","guid":{"rendered":"https:\/\/blogsaverroes.juntadeandalucia.es\/iesmarazul\/?p=4037"},"modified":"2023-01-02T12:51:14","modified_gmt":"2023-01-02T11:51:14","slug":"dia-del-libro-2016","status":"publish","type":"post","link":"https:\/\/blogsaverroes.juntadeandalucia.es\/iesmarazul\/dia-del-libro-2016\/","title":{"rendered":"D\u00eda del Libro 2016"},"content":{"rendered":"<p align=\"JUSTIFY\">&nbsp; Un a\u00f1o m\u00e1s se conmemor\u00f3 el d\u00eda del Libro en nuestro centro. Se llevaron a cabo distintas actividades encaminadas al fomento de la lectura y escritura:<\/p>\n<p align=\"JUSTIFY\">&nbsp;&nbsp;&nbsp;&nbsp;&nbsp;&nbsp;&nbsp;&nbsp;A lo largo de toda la semana se fueron seleccionando y exponiendo, en distintos espacios del centro, citas de los escritores R. Dahl, R. Kipling, M. de Cervantes y W. Shakespeare, con motivo del centenario o centenarios de sus muertes o nacimientos.<\/p>\n<p align=\"JUSTIFY\">&nbsp;&nbsp;&nbsp;&nbsp;&nbsp;&nbsp;&nbsp;&nbsp;Durante el tiempo de recreo, que se ampli\u00f3 hasta las 13.00 horas, se mont\u00f3 un mercadillo con car\u00e1cter solidario (los beneficios del mismo ir\u00e1n destinados a la ONG \u2018Acci\u00f3n contra el hambre\u2019) de libros usados, manualidades hechas por el alumnado y desayunos.<\/p>\n<p align=\"JUSTIFY\">&nbsp;&nbsp;&nbsp;&nbsp;&nbsp;&nbsp;&nbsp;&nbsp;Finalmente se clausur\u00f3 la jornada con la entrega de premios de los concursos que se han ido desarrollando a lo largo del presente curso: concurso de microrrelatos, concurso \u2018Adivina qui\u00e9n es\u2019 y el concurso sobre el litoral andaluz.<\/p>\n<p align=\"JUSTIFY\">&nbsp;&nbsp;&nbsp;&nbsp;&nbsp;&nbsp;&nbsp;&nbsp;\u00a1Enhorabuena a todos\/as los\/as ganadores\/as!<\/p>\n\n\t\t<style>\n\t\t\t#gallery-1 {\n\t\t\t\tmargin: auto;\n\t\t\t}\n\t\t\t#gallery-1 .gallery-item {\n\t\t\t\tfloat: left;\n\t\t\t\tmargin-top: 10px;\n\t\t\t\ttext-align: center;\n\t\t\t\twidth: 33%;\n\t\t\t}\n\t\t\t#gallery-1 img {\n\t\t\t\tborder: 2px solid #cfcfcf;\n\t\t\t}\n\t\t\t#gallery-1 .gallery-caption {\n\t\t\t\tmargin-left: 0;\n\t\t\t}\n\t\t\t\/* see gallery_shortcode() in wp-includes\/media.php *\/\n\t\t<\/style>\n\t\t<div id='gallery-1' class='gallery galleryid-4037 gallery-columns-3 gallery-size-full'><dl class='gallery-item'>\n\t\t\t<dt class='gallery-icon portrait'>\n\t\t\t\t<a href='https:\/\/blogsaverroes.juntadeandalucia.es\/iesmarazul\/206-2\/'><img loading=\"lazy\" decoding=\"async\" width=\"1920\" height=\"2560\" src=\"https:\/\/blogsaverroes.juntadeandalucia.es\/iesmarazul\/files\/2016\/05\/206-scaled.jpg\" class=\"attachment-full size-full\" alt=\"\" srcset=\"https:\/\/blogsaverroes.juntadeandalucia.es\/iesmarazul\/files\/2016\/05\/206-scaled.jpg 1920w, https:\/\/blogsaverroes.juntadeandalucia.es\/iesmarazul\/files\/2016\/05\/206-225x300.jpg 225w, https:\/\/blogsaverroes.juntadeandalucia.es\/iesmarazul\/files\/2016\/05\/206-768x1024.jpg 768w, https:\/\/blogsaverroes.juntadeandalucia.es\/iesmarazul\/files\/2016\/05\/206-1152x1536.jpg 1152w, https:\/\/blogsaverroes.juntadeandalucia.es\/iesmarazul\/files\/2016\/05\/206-1536x2048.jpg 1536w, https:\/\/blogsaverroes.juntadeandalucia.es\/iesmarazul\/files\/2016\/05\/206-1080x1440.jpg 1080w, https:\/\/blogsaverroes.juntadeandalucia.es\/iesmarazul\/files\/2016\/05\/206-1280x1707.jpg 1280w, https:\/\/blogsaverroes.juntadeandalucia.es\/iesmarazul\/files\/2016\/05\/206-980x1307.jpg 980w, https:\/\/blogsaverroes.juntadeandalucia.es\/iesmarazul\/files\/2016\/05\/206-480x640.jpg 480w\" sizes=\"(max-width: 1920px) 100vw, 1920px\" \/><\/a>\n\t\t\t<\/dt><\/dl><dl class='gallery-item'>\n\t\t\t<dt class='gallery-icon portrait'>\n\t\t\t\t<a href='https:\/\/blogsaverroes.juntadeandalucia.es\/iesmarazul\/213\/'><img loading=\"lazy\" decoding=\"async\" width=\"1920\" height=\"2560\" src=\"https:\/\/blogsaverroes.juntadeandalucia.es\/iesmarazul\/files\/2016\/05\/213-scaled.jpg\" class=\"attachment-full size-full\" alt=\"\" srcset=\"https:\/\/blogsaverroes.juntadeandalucia.es\/iesmarazul\/files\/2016\/05\/213-scaled.jpg 1920w, https:\/\/blogsaverroes.juntadeandalucia.es\/iesmarazul\/files\/2016\/05\/213-225x300.jpg 225w, https:\/\/blogsaverroes.juntadeandalucia.es\/iesmarazul\/files\/2016\/05\/213-768x1024.jpg 768w, https:\/\/blogsaverroes.juntadeandalucia.es\/iesmarazul\/files\/2016\/05\/213-1152x1536.jpg 1152w, https:\/\/blogsaverroes.juntadeandalucia.es\/iesmarazul\/files\/2016\/05\/213-1536x2048.jpg 1536w, https:\/\/blogsaverroes.juntadeandalucia.es\/iesmarazul\/files\/2016\/05\/213-1080x1440.jpg 1080w, https:\/\/blogsaverroes.juntadeandalucia.es\/iesmarazul\/files\/2016\/05\/213-1280x1707.jpg 1280w, https:\/\/blogsaverroes.juntadeandalucia.es\/iesmarazul\/files\/2016\/05\/213-980x1307.jpg 980w, https:\/\/blogsaverroes.juntadeandalucia.es\/iesmarazul\/files\/2016\/05\/213-480x640.jpg 480w\" sizes=\"(max-width: 1920px) 100vw, 1920px\" \/><\/a>\n\t\t\t<\/dt><\/dl><dl class='gallery-item'>\n\t\t\t<dt class='gallery-icon landscape'>\n\t\t\t\t<a href='https:\/\/blogsaverroes.juntadeandalucia.es\/iesmarazul\/20160422_103535_resized\/'><img loading=\"lazy\" decoding=\"async\" width=\"2064\" height=\"1161\" src=\"https:\/\/blogsaverroes.juntadeandalucia.es\/iesmarazul\/files\/2016\/05\/20160422_103535_resized.jpg\" class=\"attachment-full size-full\" alt=\"\" srcset=\"https:\/\/blogsaverroes.juntadeandalucia.es\/iesmarazul\/files\/2016\/05\/20160422_103535_resized.jpg 2064w, https:\/\/blogsaverroes.juntadeandalucia.es\/iesmarazul\/files\/2016\/05\/20160422_103535_resized-300x169.jpg 300w, https:\/\/blogsaverroes.juntadeandalucia.es\/iesmarazul\/files\/2016\/05\/20160422_103535_resized-1024x576.jpg 1024w, https:\/\/blogsaverroes.juntadeandalucia.es\/iesmarazul\/files\/2016\/05\/20160422_103535_resized-768x432.jpg 768w, https:\/\/blogsaverroes.juntadeandalucia.es\/iesmarazul\/files\/2016\/05\/20160422_103535_resized-1536x864.jpg 1536w, https:\/\/blogsaverroes.juntadeandalucia.es\/iesmarazul\/files\/2016\/05\/20160422_103535_resized-2048x1152.jpg 2048w, https:\/\/blogsaverroes.juntadeandalucia.es\/iesmarazul\/files\/2016\/05\/20160422_103535_resized-1080x608.jpg 1080w, https:\/\/blogsaverroes.juntadeandalucia.es\/iesmarazul\/files\/2016\/05\/20160422_103535_resized-1280x720.jpg 1280w, https:\/\/blogsaverroes.juntadeandalucia.es\/iesmarazul\/files\/2016\/05\/20160422_103535_resized-980x551.jpg 980w, https:\/\/blogsaverroes.juntadeandalucia.es\/iesmarazul\/files\/2016\/05\/20160422_103535_resized-480x270.jpg 480w\" sizes=\"(max-width: 2064px) 100vw, 2064px\" \/><\/a>\n\t\t\t<\/dt><\/dl><br style=\"clear: both\" \/><dl class='gallery-item'>\n\t\t\t<dt class='gallery-icon landscape'>\n\t\t\t\t<a href='https:\/\/blogsaverroes.juntadeandalucia.es\/iesmarazul\/20160422_113412_resized\/'><img loading=\"lazy\" decoding=\"async\" width=\"2064\" height=\"1161\" src=\"https:\/\/blogsaverroes.juntadeandalucia.es\/iesmarazul\/files\/2016\/05\/20160422_113412_resized.jpg\" class=\"attachment-full size-full\" alt=\"\" srcset=\"https:\/\/blogsaverroes.juntadeandalucia.es\/iesmarazul\/files\/2016\/05\/20160422_113412_resized.jpg 2064w, https:\/\/blogsaverroes.juntadeandalucia.es\/iesmarazul\/files\/2016\/05\/20160422_113412_resized-300x169.jpg 300w, https:\/\/blogsaverroes.juntadeandalucia.es\/iesmarazul\/files\/2016\/05\/20160422_113412_resized-1024x576.jpg 1024w, https:\/\/blogsaverroes.juntadeandalucia.es\/iesmarazul\/files\/2016\/05\/20160422_113412_resized-768x432.jpg 768w, https:\/\/blogsaverroes.juntadeandalucia.es\/iesmarazul\/files\/2016\/05\/20160422_113412_resized-1536x864.jpg 1536w, https:\/\/blogsaverroes.juntadeandalucia.es\/iesmarazul\/files\/2016\/05\/20160422_113412_resized-2048x1152.jpg 2048w, https:\/\/blogsaverroes.juntadeandalucia.es\/iesmarazul\/files\/2016\/05\/20160422_113412_resized-1080x608.jpg 1080w, https:\/\/blogsaverroes.juntadeandalucia.es\/iesmarazul\/files\/2016\/05\/20160422_113412_resized-1280x720.jpg 1280w, https:\/\/blogsaverroes.juntadeandalucia.es\/iesmarazul\/files\/2016\/05\/20160422_113412_resized-980x551.jpg 980w, https:\/\/blogsaverroes.juntadeandalucia.es\/iesmarazul\/files\/2016\/05\/20160422_113412_resized-480x270.jpg 480w\" sizes=\"(max-width: 2064px) 100vw, 2064px\" \/><\/a>\n\t\t\t<\/dt><\/dl><dl class='gallery-item'>\n\t\t\t<dt class='gallery-icon landscape'>\n\t\t\t\t<a href='https:\/\/blogsaverroes.juntadeandalucia.es\/iesmarazul\/img_1411\/'><img loading=\"lazy\" decoding=\"async\" width=\"2560\" height=\"1912\" src=\"https:\/\/blogsaverroes.juntadeandalucia.es\/iesmarazul\/files\/2016\/05\/IMG_1411-scaled.jpg\" class=\"attachment-full size-full\" alt=\"\" srcset=\"https:\/\/blogsaverroes.juntadeandalucia.es\/iesmarazul\/files\/2016\/05\/IMG_1411-scaled.jpg 2560w, https:\/\/blogsaverroes.juntadeandalucia.es\/iesmarazul\/files\/2016\/05\/IMG_1411-300x224.jpg 300w, https:\/\/blogsaverroes.juntadeandalucia.es\/iesmarazul\/files\/2016\/05\/IMG_1411-1024x765.jpg 1024w, https:\/\/blogsaverroes.juntadeandalucia.es\/iesmarazul\/files\/2016\/05\/IMG_1411-768x574.jpg 768w, https:\/\/blogsaverroes.juntadeandalucia.es\/iesmarazul\/files\/2016\/05\/IMG_1411-1536x1147.jpg 1536w, https:\/\/blogsaverroes.juntadeandalucia.es\/iesmarazul\/files\/2016\/05\/IMG_1411-2048x1530.jpg 2048w, https:\/\/blogsaverroes.juntadeandalucia.es\/iesmarazul\/files\/2016\/05\/IMG_1411-510x382.jpg 510w, https:\/\/blogsaverroes.juntadeandalucia.es\/iesmarazul\/files\/2016\/05\/IMG_1411-1080x807.jpg 1080w, https:\/\/blogsaverroes.juntadeandalucia.es\/iesmarazul\/files\/2016\/05\/IMG_1411-1280x956.jpg 1280w, https:\/\/blogsaverroes.juntadeandalucia.es\/iesmarazul\/files\/2016\/05\/IMG_1411-980x732.jpg 980w, https:\/\/blogsaverroes.juntadeandalucia.es\/iesmarazul\/files\/2016\/05\/IMG_1411-480x359.jpg 480w\" sizes=\"(max-width: 2560px) 100vw, 2560px\" \/><\/a>\n\t\t\t<\/dt><\/dl><dl class='gallery-item'>\n\t\t\t<dt class='gallery-icon landscape'>\n\t\t\t\t<a href='https:\/\/blogsaverroes.juntadeandalucia.es\/iesmarazul\/img_1428\/'><img loading=\"lazy\" decoding=\"async\" width=\"2560\" height=\"1912\" src=\"https:\/\/blogsaverroes.juntadeandalucia.es\/iesmarazul\/files\/2016\/05\/IMG_1428-scaled.jpg\" class=\"attachment-full size-full\" alt=\"\" srcset=\"https:\/\/blogsaverroes.juntadeandalucia.es\/iesmarazul\/files\/2016\/05\/IMG_1428-scaled.jpg 2560w, https:\/\/blogsaverroes.juntadeandalucia.es\/iesmarazul\/files\/2016\/05\/IMG_1428-300x224.jpg 300w, https:\/\/blogsaverroes.juntadeandalucia.es\/iesmarazul\/files\/2016\/05\/IMG_1428-1024x765.jpg 1024w, https:\/\/blogsaverroes.juntadeandalucia.es\/iesmarazul\/files\/2016\/05\/IMG_1428-768x574.jpg 768w, https:\/\/blogsaverroes.juntadeandalucia.es\/iesmarazul\/files\/2016\/05\/IMG_1428-1536x1147.jpg 1536w, https:\/\/blogsaverroes.juntadeandalucia.es\/iesmarazul\/files\/2016\/05\/IMG_1428-2048x1530.jpg 2048w, https:\/\/blogsaverroes.juntadeandalucia.es\/iesmarazul\/files\/2016\/05\/IMG_1428-510x382.jpg 510w, https:\/\/blogsaverroes.juntadeandalucia.es\/iesmarazul\/files\/2016\/05\/IMG_1428-1080x807.jpg 1080w, https:\/\/blogsaverroes.juntadeandalucia.es\/iesmarazul\/files\/2016\/05\/IMG_1428-1280x956.jpg 1280w, https:\/\/blogsaverroes.juntadeandalucia.es\/iesmarazul\/files\/2016\/05\/IMG_1428-980x732.jpg 980w, https:\/\/blogsaverroes.juntadeandalucia.es\/iesmarazul\/files\/2016\/05\/IMG_1428-480x359.jpg 480w\" sizes=\"(max-width: 2560px) 100vw, 2560px\" \/><\/a>\n\t\t\t<\/dt><\/dl><br style=\"clear: both\" \/>\n\t\t<\/div>\n\n","protected":false},"excerpt":{"rendered":"<p>&nbsp; Un a\u00f1o m\u00e1s se conmemor\u00f3 el d\u00eda del Libro en nuestro centro. Se llevaron a cabo distintas actividades encaminadas al fomento de la lectura y escritura: &nbsp;&nbsp;&nbsp;&nbsp;&nbsp;&nbsp;&nbsp;&nbsp;A lo largo de toda la semana&#46;&#46;&#46;<\/p>\n","protected":false},"author":16923,"featured_media":0,"comment_status":"closed","ping_status":"open","sticky":false,"template":"","format":"standard","meta":{"ngg_post_thumbnail":0,"footnotes":""},"categories":[1],"tags":[],"aioseo_notices":[],"_links":{"self":[{"href":"https:\/\/blogsaverroes.juntadeandalucia.es\/iesmarazul\/wp-json\/wp\/v2\/posts\/4037"}],"collection":[{"href":"https:\/\/blogsaverroes.juntadeandalucia.es\/iesmarazul\/wp-json\/wp\/v2\/posts"}],"about":[{"href":"https:\/\/blogsaverroes.juntadeandalucia.es\/iesmarazul\/wp-json\/wp\/v2\/types\/post"}],"author":[{"embeddable":true,"href":"https:\/\/blogsaverroes.juntadeandalucia.es\/iesmarazul\/wp-json\/wp\/v2\/users\/16923"}],"replies":[{"embeddable":true,"href":"https:\/\/blogsaverroes.juntadeandalucia.es\/iesmarazul\/wp-json\/wp\/v2\/comments?post=4037"}],"version-history":[{"count":1,"href":"https:\/\/blogsaverroes.juntadeandalucia.es\/iesmarazul\/wp-json\/wp\/v2\/posts\/4037\/revisions"}],"predecessor-version":[{"id":4038,"href":"https:\/\/blogsaverroes.juntadeandalucia.es\/iesmarazul\/wp-json\/wp\/v2\/posts\/4037\/revisions\/4038"}],"wp:attachment":[{"href":"https:\/\/blogsaverroes.juntadeandalucia.es\/iesmarazul\/wp-json\/wp\/v2\/media?parent=4037"}],"wp:term":[{"taxonomy":"category","embeddable":true,"href":"https:\/\/blogsaverroes.juntadeandalucia.es\/iesmarazul\/wp-json\/wp\/v2\/categories?post=4037"},{"taxonomy":"post_tag","embeddable":true,"href":"https:\/\/blogsaverroes.juntadeandalucia.es\/iesmarazul\/wp-json\/wp\/v2\/tags?post=4037"}],"curies":[{"name":"wp","href":"https:\/\/api.w.org\/{rel}","templated":true}]}}