{"id":4052,"date":"2023-01-02T13:22:09","date_gmt":"2023-01-02T12:22:09","guid":{"rendered":"https:\/\/blogsaverroes.juntadeandalucia.es\/iesmarazul\/?p=4052"},"modified":"2023-02-19T17:14:17","modified_gmt":"2023-02-19T16:14:17","slug":"feliz-ano-2023","status":"publish","type":"post","link":"https:\/\/blogsaverroes.juntadeandalucia.es\/iesmarazul\/feliz-ano-2023\/","title":{"rendered":"\u00a1Feliz A\u00f1o 2023!"},"content":{"rendered":"<p><img loading=\"lazy\" decoding=\"async\" class=\"aligncenter size-full wp-image-4053\" src=\"https:\/\/blogsaverroes.juntadeandalucia.es\/iesmarazul\/files\/2023\/01\/5180097419_344e6c5f76_b.jpg\" alt=\"\" width=\"1024\" height=\"664\" srcset=\"https:\/\/blogsaverroes.juntadeandalucia.es\/iesmarazul\/files\/2023\/01\/5180097419_344e6c5f76_b.jpg 1024w, https:\/\/blogsaverroes.juntadeandalucia.es\/iesmarazul\/files\/2023\/01\/5180097419_344e6c5f76_b-300x195.jpg 300w, https:\/\/blogsaverroes.juntadeandalucia.es\/iesmarazul\/files\/2023\/01\/5180097419_344e6c5f76_b-768x498.jpg 768w\" sizes=\"(max-width: 1024px) 100vw, 1024px\" \/><\/p>\n<p>Desde el IES Mar Azul os deseamos a todos un Feliz y Pr\u00f3spero A\u00f1o Nuevo 2023.<\/p>\n<p>Recordad que las clases se retomar\u00e1n el pr\u00f3ximo <strong>lunes, 9 de enero<\/strong> de 2023, en su horario habitual.<\/p>\n<p>Disfrutad de estos \u00faltimos d\u00edas de vacaciones.<\/p>\n<p>Un saludo.<\/p>\n","protected":false},"excerpt":{"rendered":"<p>Desde el IES Mar Azul os deseamos a todos un Feliz y Pr\u00f3spero A\u00f1o Nuevo 2023. Recordad que las clases se retomar\u00e1n el pr\u00f3ximo lunes, 9 de enero de 2023, en su horario habitual.&#46;&#46;&#46;<\/p>\n","protected":false},"author":16923,"featured_media":4053,"comment_status":"closed","ping_status":"open","sticky":false,"template":"","format":"standard","meta":{"ngg_post_thumbnail":0,"footnotes":""},"categories":[1],"tags":[],"aioseo_notices":[],"_links":{"self":[{"href":"https:\/\/blogsaverroes.juntadeandalucia.es\/iesmarazul\/wp-json\/wp\/v2\/posts\/4052"}],"collection":[{"href":"https:\/\/blogsaverroes.juntadeandalucia.es\/iesmarazul\/wp-json\/wp\/v2\/posts"}],"about":[{"href":"https:\/\/blogsaverroes.juntadeandalucia.es\/iesmarazul\/wp-json\/wp\/v2\/types\/post"}],"author":[{"embeddable":true,"href":"https:\/\/blogsaverroes.juntadeandalucia.es\/iesmarazul\/wp-json\/wp\/v2\/users\/16923"}],"replies":[{"embeddable":true,"href":"https:\/\/blogsaverroes.juntadeandalucia.es\/iesmarazul\/wp-json\/wp\/v2\/comments?post=4052"}],"version-history":[{"count":2,"href":"https:\/\/blogsaverroes.juntadeandalucia.es\/iesmarazul\/wp-json\/wp\/v2\/posts\/4052\/revisions"}],"predecessor-version":[{"id":4055,"href":"https:\/\/blogsaverroes.juntadeandalucia.es\/iesmarazul\/wp-json\/wp\/v2\/posts\/4052\/revisions\/4055"}],"wp:featuredmedia":[{"embeddable":true,"href":"https:\/\/blogsaverroes.juntadeandalucia.es\/iesmarazul\/wp-json\/wp\/v2\/media\/4053"}],"wp:attachment":[{"href":"https:\/\/blogsaverroes.juntadeandalucia.es\/iesmarazul\/wp-json\/wp\/v2\/media?parent=4052"}],"wp:term":[{"taxonomy":"category","embeddable":true,"href":"https:\/\/blogsaverroes.juntadeandalucia.es\/iesmarazul\/wp-json\/wp\/v2\/categories?post=4052"},{"taxonomy":"post_tag","embeddable":true,"href":"https:\/\/blogsaverroes.juntadeandalucia.es\/iesmarazul\/wp-json\/wp\/v2\/tags?post=4052"}],"curies":[{"name":"wp","href":"https:\/\/api.w.org\/{rel}","templated":true}]}}