{"id":5461,"date":"2025-01-24T12:38:44","date_gmt":"2025-01-24T11:38:44","guid":{"rendered":"https:\/\/blogsaverroes.juntadeandalucia.es\/iesmarazul\/?p=5461"},"modified":"2025-02-07T12:44:49","modified_gmt":"2025-02-07T11:44:49","slug":"visita-a-granada","status":"publish","type":"post","link":"https:\/\/blogsaverroes.juntadeandalucia.es\/iesmarazul\/visita-a-granada\/","title":{"rendered":"Visita a Granada"},"content":{"rendered":"<p>Nuestro alumnado de Religi\u00f3n Isl\u00e1mica y Atenci\u00f3n Educativa visit\u00f3 la ciudad de Granada, para conocer su casco antiguo, catedral, el Palacio de Carlos V y la mezquita.<\/p>\n\n\t\t<style>\n\t\t\t#gallery-1 {\n\t\t\t\tmargin: auto;\n\t\t\t}\n\t\t\t#gallery-1 .gallery-item {\n\t\t\t\tfloat: left;\n\t\t\t\tmargin-top: 10px;\n\t\t\t\ttext-align: center;\n\t\t\t\twidth: 50%;\n\t\t\t}\n\t\t\t#gallery-1 img {\n\t\t\t\tborder: 2px solid #cfcfcf;\n\t\t\t}\n\t\t\t#gallery-1 .gallery-caption {\n\t\t\t\tmargin-left: 0;\n\t\t\t}\n\t\t\t\/* see gallery_shortcode() in wp-includes\/media.php *\/\n\t\t<\/style>\n\t\t<div id='gallery-1' class='gallery galleryid-5461 gallery-columns-2 gallery-size-large'><dl class='gallery-item'>\n\t\t\t<dt class='gallery-icon portrait'>\n\t\t\t\t<a href='https:\/\/blogsaverroes.juntadeandalucia.es\/iesmarazul\/visita-a-granada\/attachment\/1737725909486\/'><img loading=\"lazy\" decoding=\"async\" width=\"576\" height=\"1024\" src=\"https:\/\/blogsaverroes.juntadeandalucia.es\/iesmarazul\/files\/2025\/02\/1737725909486-576x1024.jpg\" class=\"attachment-large size-large\" alt=\"\" srcset=\"https:\/\/blogsaverroes.juntadeandalucia.es\/iesmarazul\/files\/2025\/02\/1737725909486-576x1024.jpg 576w, https:\/\/blogsaverroes.juntadeandalucia.es\/iesmarazul\/files\/2025\/02\/1737725909486-169x300.jpg 169w, https:\/\/blogsaverroes.juntadeandalucia.es\/iesmarazul\/files\/2025\/02\/1737725909486-768x1365.jpg 768w, https:\/\/blogsaverroes.juntadeandalucia.es\/iesmarazul\/files\/2025\/02\/1737725909486-864x1536.jpg 864w, https:\/\/blogsaverroes.juntadeandalucia.es\/iesmarazul\/files\/2025\/02\/1737725909486.jpg 900w\" sizes=\"(max-width: 576px) 100vw, 576px\" \/><\/a>\n\t\t\t<\/dt><\/dl><dl class='gallery-item'>\n\t\t\t<dt class='gallery-icon portrait'>\n\t\t\t\t<a href='https:\/\/blogsaverroes.juntadeandalucia.es\/iesmarazul\/visita-a-granada\/attachment\/1737725909459\/'><img loading=\"lazy\" decoding=\"async\" width=\"577\" height=\"1024\" src=\"https:\/\/blogsaverroes.juntadeandalucia.es\/iesmarazul\/files\/2025\/02\/1737725909459-577x1024.jpg\" class=\"attachment-large size-large\" alt=\"\" srcset=\"https:\/\/blogsaverroes.juntadeandalucia.es\/iesmarazul\/files\/2025\/02\/1737725909459-577x1024.jpg 577w, https:\/\/blogsaverroes.juntadeandalucia.es\/iesmarazul\/files\/2025\/02\/1737725909459-169x300.jpg 169w, https:\/\/blogsaverroes.juntadeandalucia.es\/iesmarazul\/files\/2025\/02\/1737725909459-768x1364.jpg 768w, https:\/\/blogsaverroes.juntadeandalucia.es\/iesmarazul\/files\/2025\/02\/1737725909459-865x1536.jpg 865w, https:\/\/blogsaverroes.juntadeandalucia.es\/iesmarazul\/files\/2025\/02\/1737725909459.jpg 901w\" sizes=\"(max-width: 577px) 100vw, 577px\" \/><\/a>\n\t\t\t<\/dt><\/dl><br style=\"clear: both\" \/><dl class='gallery-item'>\n\t\t\t<dt class='gallery-icon portrait'>\n\t\t\t\t<a href='https:\/\/blogsaverroes.juntadeandalucia.es\/iesmarazul\/visita-a-granada\/attachment\/1737725909432\/'><img loading=\"lazy\" decoding=\"async\" width=\"577\" height=\"1024\" src=\"https:\/\/blogsaverroes.juntadeandalucia.es\/iesmarazul\/files\/2025\/02\/1737725909432-577x1024.jpg\" class=\"attachment-large size-large\" alt=\"\" srcset=\"https:\/\/blogsaverroes.juntadeandalucia.es\/iesmarazul\/files\/2025\/02\/1737725909432-577x1024.jpg 577w, https:\/\/blogsaverroes.juntadeandalucia.es\/iesmarazul\/files\/2025\/02\/1737725909432-169x300.jpg 169w, https:\/\/blogsaverroes.juntadeandalucia.es\/iesmarazul\/files\/2025\/02\/1737725909432-768x1364.jpg 768w, https:\/\/blogsaverroes.juntadeandalucia.es\/iesmarazul\/files\/2025\/02\/1737725909432-865x1536.jpg 865w, https:\/\/blogsaverroes.juntadeandalucia.es\/iesmarazul\/files\/2025\/02\/1737725909432.jpg 901w\" sizes=\"(max-width: 577px) 100vw, 577px\" \/><\/a>\n\t\t\t<\/dt><\/dl><dl class='gallery-item'>\n\t\t\t<dt class='gallery-icon portrait'>\n\t\t\t\t<a href='https:\/\/blogsaverroes.juntadeandalucia.es\/iesmarazul\/visita-a-granada\/attachment\/1737725909405\/'><img loading=\"lazy\" decoding=\"async\" width=\"577\" height=\"1024\" src=\"https:\/\/blogsaverroes.juntadeandalucia.es\/iesmarazul\/files\/2025\/02\/1737725909405-577x1024.jpg\" class=\"attachment-large size-large\" alt=\"\" srcset=\"https:\/\/blogsaverroes.juntadeandalucia.es\/iesmarazul\/files\/2025\/02\/1737725909405-577x1024.jpg 577w, https:\/\/blogsaverroes.juntadeandalucia.es\/iesmarazul\/files\/2025\/02\/1737725909405-169x300.jpg 169w, https:\/\/blogsaverroes.juntadeandalucia.es\/iesmarazul\/files\/2025\/02\/1737725909405-768x1364.jpg 768w, https:\/\/blogsaverroes.juntadeandalucia.es\/iesmarazul\/files\/2025\/02\/1737725909405-865x1536.jpg 865w, https:\/\/blogsaverroes.juntadeandalucia.es\/iesmarazul\/files\/2025\/02\/1737725909405.jpg 901w\" sizes=\"(max-width: 577px) 100vw, 577px\" \/><\/a>\n\t\t\t<\/dt><\/dl><br style=\"clear: both\" \/><dl class='gallery-item'>\n\t\t\t<dt class='gallery-icon portrait'>\n\t\t\t\t<a href='https:\/\/blogsaverroes.juntadeandalucia.es\/iesmarazul\/visita-a-granada\/attachment\/1737725909351\/'><img loading=\"lazy\" decoding=\"async\" width=\"577\" height=\"1024\" src=\"https:\/\/blogsaverroes.juntadeandalucia.es\/iesmarazul\/files\/2025\/02\/1737725909351-577x1024.jpg\" class=\"attachment-large size-large\" alt=\"\" srcset=\"https:\/\/blogsaverroes.juntadeandalucia.es\/iesmarazul\/files\/2025\/02\/1737725909351-577x1024.jpg 577w, https:\/\/blogsaverroes.juntadeandalucia.es\/iesmarazul\/files\/2025\/02\/1737725909351-169x300.jpg 169w, https:\/\/blogsaverroes.juntadeandalucia.es\/iesmarazul\/files\/2025\/02\/1737725909351-768x1364.jpg 768w, https:\/\/blogsaverroes.juntadeandalucia.es\/iesmarazul\/files\/2025\/02\/1737725909351-865x1536.jpg 865w, https:\/\/blogsaverroes.juntadeandalucia.es\/iesmarazul\/files\/2025\/02\/1737725909351.jpg 901w\" sizes=\"(max-width: 577px) 100vw, 577px\" \/><\/a>\n\t\t\t<\/dt><\/dl><dl class='gallery-item'>\n\t\t\t<dt class='gallery-icon landscape'>\n\t\t\t\t<a href='https:\/\/blogsaverroes.juntadeandalucia.es\/iesmarazul\/visita-a-granada\/attachment\/1000094837\/'><img loading=\"lazy\" decoding=\"async\" width=\"1024\" height=\"768\" src=\"https:\/\/blogsaverroes.juntadeandalucia.es\/iesmarazul\/files\/2025\/02\/1000094837-1024x768.jpg\" class=\"attachment-large size-large\" alt=\"\" srcset=\"https:\/\/blogsaverroes.juntadeandalucia.es\/iesmarazul\/files\/2025\/02\/1000094837-1024x768.jpg 1024w, https:\/\/blogsaverroes.juntadeandalucia.es\/iesmarazul\/files\/2025\/02\/1000094837-300x225.jpg 300w, https:\/\/blogsaverroes.juntadeandalucia.es\/iesmarazul\/files\/2025\/02\/1000094837-768x576.jpg 768w, https:\/\/blogsaverroes.juntadeandalucia.es\/iesmarazul\/files\/2025\/02\/1000094837-1536x1152.jpg 1536w, https:\/\/blogsaverroes.juntadeandalucia.es\/iesmarazul\/files\/2025\/02\/1000094837.jpg 1600w\" sizes=\"(max-width: 1024px) 100vw, 1024px\" \/><\/a>\n\t\t\t<\/dt><\/dl><br style=\"clear: both\" \/><dl class='gallery-item'>\n\t\t\t<dt class='gallery-icon portrait'>\n\t\t\t\t<a href='https:\/\/blogsaverroes.juntadeandalucia.es\/iesmarazul\/visita-a-granada\/attachment\/1000094838\/'><img loading=\"lazy\" decoding=\"async\" width=\"768\" height=\"1024\" src=\"https:\/\/blogsaverroes.juntadeandalucia.es\/iesmarazul\/files\/2025\/02\/1000094838-768x1024.jpg\" class=\"attachment-large size-large\" alt=\"\" srcset=\"https:\/\/blogsaverroes.juntadeandalucia.es\/iesmarazul\/files\/2025\/02\/1000094838-768x1024.jpg 768w, https:\/\/blogsaverroes.juntadeandalucia.es\/iesmarazul\/files\/2025\/02\/1000094838-225x300.jpg 225w, https:\/\/blogsaverroes.juntadeandalucia.es\/iesmarazul\/files\/2025\/02\/1000094838-1152x1536.jpg 1152w, https:\/\/blogsaverroes.juntadeandalucia.es\/iesmarazul\/files\/2025\/02\/1000094838.jpg 1200w\" sizes=\"(max-width: 768px) 100vw, 768px\" \/><\/a>\n\t\t\t<\/dt><\/dl><dl class='gallery-item'>\n\t\t\t<dt class='gallery-icon landscape'>\n\t\t\t\t<a href='https:\/\/blogsaverroes.juntadeandalucia.es\/iesmarazul\/visita-a-granada\/attachment\/1000094909\/'><img loading=\"lazy\" decoding=\"async\" width=\"1024\" height=\"768\" src=\"https:\/\/blogsaverroes.juntadeandalucia.es\/iesmarazul\/files\/2025\/02\/1000094909-1024x768.jpg\" class=\"attachment-large size-large\" alt=\"\" srcset=\"https:\/\/blogsaverroes.juntadeandalucia.es\/iesmarazul\/files\/2025\/02\/1000094909-1024x768.jpg 1024w, https:\/\/blogsaverroes.juntadeandalucia.es\/iesmarazul\/files\/2025\/02\/1000094909-300x225.jpg 300w, https:\/\/blogsaverroes.juntadeandalucia.es\/iesmarazul\/files\/2025\/02\/1000094909-768x576.jpg 768w, https:\/\/blogsaverroes.juntadeandalucia.es\/iesmarazul\/files\/2025\/02\/1000094909-1536x1152.jpg 1536w, https:\/\/blogsaverroes.juntadeandalucia.es\/iesmarazul\/files\/2025\/02\/1000094909.jpg 1600w\" sizes=\"(max-width: 1024px) 100vw, 1024px\" \/><\/a>\n\t\t\t<\/dt><\/dl><br style=\"clear: both\" \/><dl class='gallery-item'>\n\t\t\t<dt class='gallery-icon landscape'>\n\t\t\t\t<a href='https:\/\/blogsaverroes.juntadeandalucia.es\/iesmarazul\/visita-a-granada\/attachment\/1000094910\/'><img loading=\"lazy\" decoding=\"async\" width=\"1024\" height=\"768\" src=\"https:\/\/blogsaverroes.juntadeandalucia.es\/iesmarazul\/files\/2025\/02\/1000094910-1024x768.jpg\" class=\"attachment-large size-large\" alt=\"\" srcset=\"https:\/\/blogsaverroes.juntadeandalucia.es\/iesmarazul\/files\/2025\/02\/1000094910-1024x768.jpg 1024w, https:\/\/blogsaverroes.juntadeandalucia.es\/iesmarazul\/files\/2025\/02\/1000094910-300x225.jpg 300w, https:\/\/blogsaverroes.juntadeandalucia.es\/iesmarazul\/files\/2025\/02\/1000094910-768x576.jpg 768w, https:\/\/blogsaverroes.juntadeandalucia.es\/iesmarazul\/files\/2025\/02\/1000094910-1536x1152.jpg 1536w, https:\/\/blogsaverroes.juntadeandalucia.es\/iesmarazul\/files\/2025\/02\/1000094910.jpg 1600w\" sizes=\"(max-width: 1024px) 100vw, 1024px\" \/><\/a>\n\t\t\t<\/dt><\/dl><dl class='gallery-item'>\n\t\t\t<dt class='gallery-icon landscape'>\n\t\t\t\t<a href='https:\/\/blogsaverroes.juntadeandalucia.es\/iesmarazul\/visita-a-granada\/attachment\/1000094911\/'><img loading=\"lazy\" decoding=\"async\" width=\"1024\" height=\"768\" src=\"https:\/\/blogsaverroes.juntadeandalucia.es\/iesmarazul\/files\/2025\/02\/1000094911-1024x768.jpg\" class=\"attachment-large size-large\" alt=\"\" srcset=\"https:\/\/blogsaverroes.juntadeandalucia.es\/iesmarazul\/files\/2025\/02\/1000094911-1024x768.jpg 1024w, https:\/\/blogsaverroes.juntadeandalucia.es\/iesmarazul\/files\/2025\/02\/1000094911-300x225.jpg 300w, https:\/\/blogsaverroes.juntadeandalucia.es\/iesmarazul\/files\/2025\/02\/1000094911-768x576.jpg 768w, https:\/\/blogsaverroes.juntadeandalucia.es\/iesmarazul\/files\/2025\/02\/1000094911-1536x1152.jpg 1536w, https:\/\/blogsaverroes.juntadeandalucia.es\/iesmarazul\/files\/2025\/02\/1000094911.jpg 1600w\" sizes=\"(max-width: 1024px) 100vw, 1024px\" \/><\/a>\n\t\t\t<\/dt><\/dl><br style=\"clear: both\" \/>\n\t\t<\/div>\n\n","protected":false},"excerpt":{"rendered":"<p>Nuestro alumnado de Religi\u00f3n Isl\u00e1mica y Atenci\u00f3n Educativa visit\u00f3 la ciudad de Granada, para conocer su casco antiguo, catedral, el Palacio de Carlos V y la mezquita.<\/p>\n","protected":false},"author":15395,"featured_media":5467,"comment_status":"closed","ping_status":"open","sticky":false,"template":"","format":"standard","meta":{"ngg_post_thumbnail":0,"footnotes":""},"categories":[1],"tags":[],"aioseo_notices":[],"_links":{"self":[{"href":"https:\/\/blogsaverroes.juntadeandalucia.es\/iesmarazul\/wp-json\/wp\/v2\/posts\/5461"}],"collection":[{"href":"https:\/\/blogsaverroes.juntadeandalucia.es\/iesmarazul\/wp-json\/wp\/v2\/posts"}],"about":[{"href":"https:\/\/blogsaverroes.juntadeandalucia.es\/iesmarazul\/wp-json\/wp\/v2\/types\/post"}],"author":[{"embeddable":true,"href":"https:\/\/blogsaverroes.juntadeandalucia.es\/iesmarazul\/wp-json\/wp\/v2\/users\/15395"}],"replies":[{"embeddable":true,"href":"https:\/\/blogsaverroes.juntadeandalucia.es\/iesmarazul\/wp-json\/wp\/v2\/comments?post=5461"}],"version-history":[{"count":1,"href":"https:\/\/blogsaverroes.juntadeandalucia.es\/iesmarazul\/wp-json\/wp\/v2\/posts\/5461\/revisions"}],"predecessor-version":[{"id":5472,"href":"https:\/\/blogsaverroes.juntadeandalucia.es\/iesmarazul\/wp-json\/wp\/v2\/posts\/5461\/revisions\/5472"}],"wp:featuredmedia":[{"embeddable":true,"href":"https:\/\/blogsaverroes.juntadeandalucia.es\/iesmarazul\/wp-json\/wp\/v2\/media\/5467"}],"wp:attachment":[{"href":"https:\/\/blogsaverroes.juntadeandalucia.es\/iesmarazul\/wp-json\/wp\/v2\/media?parent=5461"}],"wp:term":[{"taxonomy":"category","embeddable":true,"href":"https:\/\/blogsaverroes.juntadeandalucia.es\/iesmarazul\/wp-json\/wp\/v2\/categories?post=5461"},{"taxonomy":"post_tag","embeddable":true,"href":"https:\/\/blogsaverroes.juntadeandalucia.es\/iesmarazul\/wp-json\/wp\/v2\/tags?post=5461"}],"curies":[{"name":"wp","href":"https:\/\/api.w.org\/{rel}","templated":true}]}}