{"id":2859,"date":"2020-11-25T19:09:27","date_gmt":"2020-11-25T19:09:27","guid":{"rendered":"https:\/\/blogsaverroes.juntadeandalucia.es\/iesmardelsur\/?p=2859"},"modified":"2021-01-29T17:01:36","modified_gmt":"2021-01-29T17:01:36","slug":"marea-violeta","status":"publish","type":"post","link":"https:\/\/blogsaverroes.juntadeandalucia.es\/iesmardelsur\/2020\/11\/25\/marea-violeta\/","title":{"rendered":"Marea Violeta"},"content":{"rendered":"<div class=\"kvgmc6g5 cxmmr5t8 oygrvhab hcukyx3x c1et5uql ii04i59q\">\n<div dir=\"auto\" style=\"text-align: center\"><strong><span style=\"color: #800080\">EL ALUMNADO DEL IES MAR DEL SUR SE SUMA AL PROYECTO \u201cMAREA VIOLETA\u201d<\/span><\/strong><\/div>\n<\/div>\n<div class=\"o9v6fnle cxmmr5t8 oygrvhab hcukyx3x c1et5uql ii04i59q\">\n<div dir=\"auto\" style=\"text-align: justify\">En el d\u00eda de hoy, mi\u00e9rcoles 25 de noviembre, todo el alumnado de nuestro centro se uni\u00f3 al proyecto \u201cMAREA VIOLETA\u201d con mascarillas violetas proporcionadas por el IES MAR DEL SUR. Este proyecto pertenece a la campa\u00f1a del Pacto de Estado contra la Violencia de G\u00e9nero que pretende fomentar medidas y actuaciones destinadas a la prevenci\u00f3n de la violencia de g\u00e9nero entre el alumnado de los centros p\u00fablicos de la comunidad aut\u00f3noma de Andaluc\u00eda.<\/div>\n<div dir=\"auto\">ngg_shortcode_0_placeholder<\/div>\n<\/div>\n","protected":false},"excerpt":{"rendered":"<p>EL ALUMNADO DEL IES MAR DEL SUR SE SUMA AL PROYECTO \u201cMAREA VIOLETA\u201d En el d\u00eda de hoy, mi\u00e9rcoles 25 de noviembre, todo el alumnado de nuestro centro se uni\u00f3 al proyecto \u201cMAREA VIOLETA\u201d&#46;&#46;&#46;<\/p>\n","protected":false},"author":7100,"featured_media":2861,"comment_status":"open","ping_status":"open","sticky":false,"template":"","format":"standard","meta":{"ngg_post_thumbnail":0,"footnotes":""},"categories":[1737287],"tags":[],"aioseo_notices":[],"_links":{"self":[{"href":"https:\/\/blogsaverroes.juntadeandalucia.es\/iesmardelsur\/wp-json\/wp\/v2\/posts\/2859"}],"collection":[{"href":"https:\/\/blogsaverroes.juntadeandalucia.es\/iesmardelsur\/wp-json\/wp\/v2\/posts"}],"about":[{"href":"https:\/\/blogsaverroes.juntadeandalucia.es\/iesmardelsur\/wp-json\/wp\/v2\/types\/post"}],"author":[{"embeddable":true,"href":"https:\/\/blogsaverroes.juntadeandalucia.es\/iesmardelsur\/wp-json\/wp\/v2\/users\/7100"}],"replies":[{"embeddable":true,"href":"https:\/\/blogsaverroes.juntadeandalucia.es\/iesmardelsur\/wp-json\/wp\/v2\/comments?post=2859"}],"version-history":[{"count":3,"href":"https:\/\/blogsaverroes.juntadeandalucia.es\/iesmardelsur\/wp-json\/wp\/v2\/posts\/2859\/revisions"}],"predecessor-version":[{"id":2891,"href":"https:\/\/blogsaverroes.juntadeandalucia.es\/iesmardelsur\/wp-json\/wp\/v2\/posts\/2859\/revisions\/2891"}],"wp:featuredmedia":[{"embeddable":true,"href":"https:\/\/blogsaverroes.juntadeandalucia.es\/iesmardelsur\/wp-json\/wp\/v2\/media\/2861"}],"wp:attachment":[{"href":"https:\/\/blogsaverroes.juntadeandalucia.es\/iesmardelsur\/wp-json\/wp\/v2\/media?parent=2859"}],"wp:term":[{"taxonomy":"category","embeddable":true,"href":"https:\/\/blogsaverroes.juntadeandalucia.es\/iesmardelsur\/wp-json\/wp\/v2\/categories?post=2859"},{"taxonomy":"post_tag","embeddable":true,"href":"https:\/\/blogsaverroes.juntadeandalucia.es\/iesmardelsur\/wp-json\/wp\/v2\/tags?post=2859"}],"curies":[{"name":"wp","href":"https:\/\/api.w.org\/{rel}","templated":true}]}}