{"id":1439,"date":"2017-05-24T17:37:42","date_gmt":"2017-05-24T16:37:42","guid":{"rendered":"http:\/\/www.institutomarenostrum.es\/?p=1439"},"modified":"2017-05-24T17:37:42","modified_gmt":"2017-05-24T16:37:42","slug":"proyecto-intentalo","status":"publish","type":"post","link":"https:\/\/blogsaverroes.juntadeandalucia.es\/iesmarenostrum\/proyecto-intentalo\/","title":{"rendered":"Proyecto int\u00e9ntalo"},"content":{"rendered":"<p style=\"text-align: justify\"><a href=\"http:\/\/www.institutomarenostrum.es\/?attachment_id=1440\" rel=\"attachment wp-att-1440\"><img fetchpriority=\"high\" fetchpriority=\"high\" decoding=\"async\" class=\"size-full wp-image-1440 alignleft\" src=\"https:\/\/blogsaverroes.juntadeandalucia.es\/iesmarenostrum\/files\/2017\/05\/7.jpeg\" alt=\"\" width=\"320\" height=\"240\" srcset=\"https:\/\/blogsaverroes.juntadeandalucia.es\/iesmarenostrum\/files\/2017\/05\/7.jpeg 320w, https:\/\/blogsaverroes.juntadeandalucia.es\/iesmarenostrum\/files\/2017\/05\/7-300x225.jpeg 300w\" sizes=\"(max-width: 320px) 100vw, 320px\" \/><\/a>El d\u00eda 25 de abril tuvimos la gran suerte de ser uno de los tres centros andaluces en los que se van a llevar a cabo las actividades del \u201cProyecto int\u00e9ntalo\u201d<\/p>\n<p style=\"text-align: justify\">\u00a0\u00a0\u00a0\u00a0 Este proyecto del Ministerio de Sanidad, Servicios Sociales e Igualdad est\u00e1 siendo desarrollado por la Federaci\u00f3n Espa\u00f1ola de Deporte Adaptado para las Personas con Discapacidad F\u00edsica<\/p>\n<p style=\"text-align: justify\">\u00a0\u00a0\u00a0\u00a0 Las actividades de las que pudimos disfrutar fueron b\u00e1dminton, baloncesto y v\u00f3leibol, adem\u00e1s de una interesante charla en el sal\u00f3n de actos<\/p>\n<p style=\"text-align: justify\">\u00a0\u00a0\u00a0\u00a0 En ellas participaron parte de nuestro alumnado, que pudo ponerse en el lugar de aquellas personas con diversidad funcional motora y comprobar el gran esfuerzo que suponen estos deportes<\/p>\n<p>&nbsp;<\/p>\n","protected":false},"excerpt":{"rendered":"<p>El d\u00eda 25 de abril tuvimos la gran suerte de ser uno de los tres centros andaluces en los que se van a llevar a cabo las actividades del \u201cProyecto int\u00e9ntalo\u201d \u00a0\u00a0\u00a0\u00a0 Este proyecto del Ministerio de Sanidad, Servicios Sociales e Igualdad est\u00e1 siendo desarrollado por la Federaci\u00f3n Espa\u00f1ola de Deporte Adaptado para las Personas [&hellip;]<\/p>\n","protected":false},"author":966,"featured_media":1440,"comment_status":"closed","ping_status":"open","sticky":false,"template":"","format":"standard","meta":{"_et_pb_use_builder":"","_et_pb_old_content":"","_et_gb_content_width":"","ngg_post_thumbnail":0,"footnotes":""},"categories":[1],"tags":[],"aioseo_notices":[],"_links":{"self":[{"href":"https:\/\/blogsaverroes.juntadeandalucia.es\/iesmarenostrum\/wp-json\/wp\/v2\/posts\/1439"}],"collection":[{"href":"https:\/\/blogsaverroes.juntadeandalucia.es\/iesmarenostrum\/wp-json\/wp\/v2\/posts"}],"about":[{"href":"https:\/\/blogsaverroes.juntadeandalucia.es\/iesmarenostrum\/wp-json\/wp\/v2\/types\/post"}],"author":[{"embeddable":true,"href":"https:\/\/blogsaverroes.juntadeandalucia.es\/iesmarenostrum\/wp-json\/wp\/v2\/users\/966"}],"replies":[{"embeddable":true,"href":"https:\/\/blogsaverroes.juntadeandalucia.es\/iesmarenostrum\/wp-json\/wp\/v2\/comments?post=1439"}],"version-history":[{"count":0,"href":"https:\/\/blogsaverroes.juntadeandalucia.es\/iesmarenostrum\/wp-json\/wp\/v2\/posts\/1439\/revisions"}],"wp:featuredmedia":[{"embeddable":true,"href":"https:\/\/blogsaverroes.juntadeandalucia.es\/iesmarenostrum\/wp-json\/wp\/v2\/media\/1440"}],"wp:attachment":[{"href":"https:\/\/blogsaverroes.juntadeandalucia.es\/iesmarenostrum\/wp-json\/wp\/v2\/media?parent=1439"}],"wp:term":[{"taxonomy":"category","embeddable":true,"href":"https:\/\/blogsaverroes.juntadeandalucia.es\/iesmarenostrum\/wp-json\/wp\/v2\/categories?post=1439"},{"taxonomy":"post_tag","embeddable":true,"href":"https:\/\/blogsaverroes.juntadeandalucia.es\/iesmarenostrum\/wp-json\/wp\/v2\/tags?post=1439"}],"curies":[{"name":"wp","href":"https:\/\/api.w.org\/{rel}","templated":true}]}}