{"id":2747,"date":"2020-03-13T13:13:27","date_gmt":"2020-03-13T12:13:27","guid":{"rendered":"http:\/\/www.institutomarenostrum.es\/?p=2747"},"modified":"2020-03-13T13:13:27","modified_gmt":"2020-03-13T12:13:27","slug":"aviso-importante","status":"publish","type":"post","link":"https:\/\/blogsaverroes.juntadeandalucia.es\/iesmarenostrum\/aviso-importante\/","title":{"rendered":"Aviso importante (actualizaci\u00f3n 15 marzo 2020)"},"content":{"rendered":"\n<h3><img fetchpriority=\"high\" fetchpriority=\"high\" decoding=\"async\" class=\"size-full wp-image-1106 alignleft\" src=\"https:\/\/blogsaverroes.juntadeandalucia.es\/iesmarenostrum\/files\/2015\/09\/calendar.png\" alt=\"\" width=\"256\" height=\"256\" srcset=\"https:\/\/blogsaverroes.juntadeandalucia.es\/iesmarenostrum\/files\/2015\/09\/calendar.png 256w, https:\/\/blogsaverroes.juntadeandalucia.es\/iesmarenostrum\/files\/2015\/09\/calendar-150x150.png 150w\" sizes=\"(max-width: 256px) 100vw, 256px\" \/>Ante la inminente publicaci\u00f3n del Real Decreto por el que se declara el estado de alarma para la gesti\u00f3n de la situaci\u00f3n de crisis sanitaria ocasionada por el COVID-19, en la que entre otras consideraciones, ademas de la suspensi\u00f3n de la actividad educativa presencial, se contempla la suspensi\u00f3n de los plazos administrativos, la Consejer\u00eda de Educaci\u00f3n y Deporte de la Junta de Andaluc\u00eda ha adoptado las siguientes medidas, que se aplicar\u00e1n a partir del pr\u00f3ximo lunes 16 de marzo de 2020:<\/h3>\n<h3>1. Los centros educativos permanecer\u00e1n cerrados. El seguimiento de las actividades educativas se har\u00e1, cuando sea posible, por medios telem\u00e1ticos.<\/h3>\n<h3>2. Se habilitar\u00e1, a partir del mismo lunes, una herramienta que permite solicitar plaza escolar en las ense\u00f1anzas de r\u00e9gimen general de manera simplificada, necesitando tan solo el n\u00famero de DNI y un tel\u00e9fono m\u00f3vil, sin perjuicio de que se determinen nuevos plazos. Se entender\u00e1 por momento de presentaci\u00f3n de dichas solicitudes la fecha en que se reanude el plazo.<\/h3>\n<h3>3. El plazo establecido en el procedimiento para la reserva de plaza para continuar en escuelas infantiles de titularidad de la Junta de Andaluc\u00eda y en centros educativos de primer ciclo de educaci\u00f3n infantil p\u00fablicos y privados adheridos al Programa de ayuda a las familias, establecido del 15 al 31 de marzo, se suspende y se establecer\u00e1 uno nuevo.<\/h3>\n<h3><strong style=\"color: inherit;font-size: 1.56em\">M\u00e1s informaci\u00f3n al 671533855 o al correo secretaria@iesmarenostrum.es<\/strong><\/h3>\n","protected":false},"excerpt":{"rendered":"<p>Ante la inminente publicaci\u00f3n del Real Decreto por el que se declara el estado de alarma para la gesti\u00f3n de la situaci\u00f3n de crisis sanitaria ocasionada por el COVID-19, en la que entre otras consideraciones, ademas de la suspensi\u00f3n de la actividad educativa presencial, se contempla la suspensi\u00f3n de los plazos administrativos, la Consejer\u00eda de [&hellip;]<\/p>\n","protected":false},"author":966,"featured_media":1106,"comment_status":"closed","ping_status":"open","sticky":false,"template":"","format":"standard","meta":{"_et_pb_use_builder":"","_et_pb_old_content":"","_et_gb_content_width":"","ngg_post_thumbnail":0,"footnotes":""},"categories":[1],"tags":[],"aioseo_notices":[],"_links":{"self":[{"href":"https:\/\/blogsaverroes.juntadeandalucia.es\/iesmarenostrum\/wp-json\/wp\/v2\/posts\/2747"}],"collection":[{"href":"https:\/\/blogsaverroes.juntadeandalucia.es\/iesmarenostrum\/wp-json\/wp\/v2\/posts"}],"about":[{"href":"https:\/\/blogsaverroes.juntadeandalucia.es\/iesmarenostrum\/wp-json\/wp\/v2\/types\/post"}],"author":[{"embeddable":true,"href":"https:\/\/blogsaverroes.juntadeandalucia.es\/iesmarenostrum\/wp-json\/wp\/v2\/users\/966"}],"replies":[{"embeddable":true,"href":"https:\/\/blogsaverroes.juntadeandalucia.es\/iesmarenostrum\/wp-json\/wp\/v2\/comments?post=2747"}],"version-history":[{"count":0,"href":"https:\/\/blogsaverroes.juntadeandalucia.es\/iesmarenostrum\/wp-json\/wp\/v2\/posts\/2747\/revisions"}],"wp:featuredmedia":[{"embeddable":true,"href":"https:\/\/blogsaverroes.juntadeandalucia.es\/iesmarenostrum\/wp-json\/wp\/v2\/media\/1106"}],"wp:attachment":[{"href":"https:\/\/blogsaverroes.juntadeandalucia.es\/iesmarenostrum\/wp-json\/wp\/v2\/media?parent=2747"}],"wp:term":[{"taxonomy":"category","embeddable":true,"href":"https:\/\/blogsaverroes.juntadeandalucia.es\/iesmarenostrum\/wp-json\/wp\/v2\/categories?post=2747"},{"taxonomy":"post_tag","embeddable":true,"href":"https:\/\/blogsaverroes.juntadeandalucia.es\/iesmarenostrum\/wp-json\/wp\/v2\/tags?post=2747"}],"curies":[{"name":"wp","href":"https:\/\/api.w.org\/{rel}","templated":true}]}}