{"id":2965,"date":"2021-06-25T10:33:16","date_gmt":"2021-06-25T09:33:16","guid":{"rendered":"https:\/\/www.institutomarenostrum.es\/?p=2965"},"modified":"2021-06-25T10:33:16","modified_gmt":"2021-06-25T09:33:16","slug":"informacion-para-las-familias-sobre-la-matriculacion","status":"publish","type":"post","link":"https:\/\/blogsaverroes.juntadeandalucia.es\/iesmarenostrum\/informacion-para-las-familias-sobre-la-matriculacion\/","title":{"rendered":"INFORMACI\u00d3N PARA LAS FAMILIAS SOBRE LA MATRICULACI\u00d3N"},"content":{"rendered":"\n<p style=\"text-align: justify\">El periodo de matriculaci\u00f3n para el alumnado de ESO y Bachillerato abarca el periodo comprendido entre el <strong>1 y el 12 de julio de 2021.<\/strong><br \/>Salvo excepciones justificadas, deben realizar la matriculaci\u00f3n en la p\u00e1gina web de la Secretar\u00eda Virtual de la Junta de Andaluc\u00eda, utilizando el Sobre de Matr\u00edcula Telem\u00e1tica al que podr\u00e1n acceder mediante la clave \u201cIande\u201d de la o del alumno. Esta clave est\u00e1 a su disposici\u00f3n en Ipasen.<br \/>Si tuviesen alguna duda, pueden encontrar m\u00e1s informaci\u00f3n en la p\u00e1gina de la Secretar\u00eda Virtual del IES MARE NOSTRUM, inserta en la web de nuestro Centro.<\/p>\n<p style=\"text-align: justify\">NOTAS ACLARATORIAS:<br \/>.- Se ruega adjuntar una fotograf\u00eda reciente de la o del alumno, digitalizada<br \/>.- Los documentos que hallar\u00e1n son:<\/p>\n<ul>\n<li>Normas de convivencia.<\/li>\n<li>P\u00e9rdida de la patria potestad.<\/li>\n<li>Autorizaci\u00f3n para salidas en Educaci\u00f3n f\u00edsica.<\/li>\n<li>Ficha m\u00e9dica para Educaci\u00f3n f\u00edsica.<\/li>\n<li>Documento del AMPA.<\/li>\n<\/ul>\n\n\n\n<p class=\"has-text-align-justify\">Estos documentos deben ser rellenados de forma manual y adjuntados, subiendo los archivos.<br>.- El que pida opci\u00f3n biling\u00fce FRANC\u00c9S , debe poner franc\u00e9s como primer idioma.<br>.- La asignaci\u00f3n de optativas estar\u00e1 condicionada al n\u00famero de alumnos\/as que la soliciten.<br>.- Se recomienda que los alumnos\/as se matriculen en las mismas asignaturas que se\u00f1alaron en la preinscripci\u00f3n.<br>.- Los alumnos de 1\u00ba, 2, 3\u00ba de ESO, y de 1o de bachillerato con asignaturas suspensas para septiembre, deben rellenar en una sola instancia los datos por si promocionara, junto con los datos por si repitiese, utilizando un anexo a la matr\u00edcula que se ofrecer\u00e1 en el momento de rellenar los datos.<br>.- Para el alumnado que se matricula en 2\u00ba ESO NO BILING\u00dcE, se aconseja elegir como espec\u00edfica de libre configuraci\u00f3n \u201cAmpliaci\u00f3n de Educaci\u00f3n F\u00edsica\u201d y \u201c1a Lengua extranjera Ingl\u00e9s\u201d<br>.- Para el alumnado que se matricula en 3\u00ba ESO BILING\u00dcE se aconseja elegir \u201cMatem\u00e1ticas acad\u00e9micas\u201d<br>.- Para el alumnado que se matricula en 3\u00ba ESO NO BILING\u00dcE, se aconseja elegir como espec\u00edfica de libre configuraci\u00f3n \u201cAmpliaci\u00f3n de Educaci\u00f3n F\u00edsica\u201d y \u201c1a Lengua extranjera Ingl\u00e9s\u201d<\/p>\n\n\n\n<figure class=\"wp-block-embed-youtube wp-block-embed is-type-video is-provider-youtube wp-embed-aspect-16-9 wp-has-aspect-ratio\"><div class=\"wp-block-embed__wrapper\">\n<iframe title=\"Matriculaci\u00f3n en la Oficina Virtual de la Junta Andaluc\u00eda con clave IAnde\" width=\"1080\" height=\"608\" src=\"https:\/\/www.youtube.com\/embed\/wdvFrhWKHzQ?feature=oembed\"  allow=\"accelerometer; autoplay; clipboard-write; encrypted-media; gyroscope; picture-in-picture\" allowfullscreen><\/iframe>\n<\/div><\/figure>\n","protected":false},"excerpt":{"rendered":"<p>El periodo de matriculaci\u00f3n para el alumnado de ESO y Bachillerato abarca el periodo comprendido entre el 1 y el 12 de julio de 2021.Salvo excepciones justificadas, deben realizar la matriculaci\u00f3n en la p\u00e1gina web de la Secretar\u00eda Virtual de la Junta de Andaluc\u00eda, utilizando el Sobre de Matr\u00edcula Telem\u00e1tica al que podr\u00e1n acceder mediante [&hellip;]<\/p>\n","protected":false},"author":966,"featured_media":1106,"comment_status":"closed","ping_status":"open","sticky":false,"template":"","format":"standard","meta":{"_et_pb_use_builder":"","_et_pb_old_content":"","_et_gb_content_width":"","ngg_post_thumbnail":0,"footnotes":""},"categories":[7],"tags":[],"aioseo_notices":[],"_links":{"self":[{"href":"https:\/\/blogsaverroes.juntadeandalucia.es\/iesmarenostrum\/wp-json\/wp\/v2\/posts\/2965"}],"collection":[{"href":"https:\/\/blogsaverroes.juntadeandalucia.es\/iesmarenostrum\/wp-json\/wp\/v2\/posts"}],"about":[{"href":"https:\/\/blogsaverroes.juntadeandalucia.es\/iesmarenostrum\/wp-json\/wp\/v2\/types\/post"}],"author":[{"embeddable":true,"href":"https:\/\/blogsaverroes.juntadeandalucia.es\/iesmarenostrum\/wp-json\/wp\/v2\/users\/966"}],"replies":[{"embeddable":true,"href":"https:\/\/blogsaverroes.juntadeandalucia.es\/iesmarenostrum\/wp-json\/wp\/v2\/comments?post=2965"}],"version-history":[{"count":0,"href":"https:\/\/blogsaverroes.juntadeandalucia.es\/iesmarenostrum\/wp-json\/wp\/v2\/posts\/2965\/revisions"}],"wp:featuredmedia":[{"embeddable":true,"href":"https:\/\/blogsaverroes.juntadeandalucia.es\/iesmarenostrum\/wp-json\/wp\/v2\/media\/1106"}],"wp:attachment":[{"href":"https:\/\/blogsaverroes.juntadeandalucia.es\/iesmarenostrum\/wp-json\/wp\/v2\/media?parent=2965"}],"wp:term":[{"taxonomy":"category","embeddable":true,"href":"https:\/\/blogsaverroes.juntadeandalucia.es\/iesmarenostrum\/wp-json\/wp\/v2\/categories?post=2965"},{"taxonomy":"post_tag","embeddable":true,"href":"https:\/\/blogsaverroes.juntadeandalucia.es\/iesmarenostrum\/wp-json\/wp\/v2\/tags?post=2965"}],"curies":[{"name":"wp","href":"https:\/\/api.w.org\/{rel}","templated":true}]}}