{"id":4955,"date":"2022-11-02T12:15:41","date_gmt":"2022-11-02T12:15:41","guid":{"rendered":"https:\/\/blogsaverroes.juntadeandalucia.es\/iesmargaritasalas\/?p=4955"},"modified":"2022-11-02T12:25:26","modified_gmt":"2022-11-02T12:25:26","slug":"erasmus-para-alumnado-de-ciclo","status":"publish","type":"post","link":"https:\/\/blogsaverroes.juntadeandalucia.es\/iesmargaritasalas\/erasmus-para-alumnado-de-ciclo\/","title":{"rendered":"ERASMUS+ PARA ALUMNADO DE CICLO"},"content":{"rendered":"<h2>PROGRAMA ERASMUS+ PARA ALUMNADO DE CICLO<\/h2>\n<p><a href=\"https:\/\/drive.google.com\/file\/d\/1j1SbXev-SH6SKZCVlwkx6zsFUh10i3xn\/view?usp=share_link\"><img loading=\"lazy\" decoding=\"async\" class=\"wp-image-4956 size-large alignleft\" src=\"https:\/\/blogsaverroes.juntadeandalucia.es\/iesmargaritasalas\/files\/2022\/11\/Captura-de-pantalla-21-1024x576.png\" alt=\"\" width=\"1024\" height=\"576\" srcset=\"https:\/\/blogsaverroes.juntadeandalucia.es\/iesmargaritasalas\/files\/2022\/11\/Captura-de-pantalla-21-1024x576.png 1024w, https:\/\/blogsaverroes.juntadeandalucia.es\/iesmargaritasalas\/files\/2022\/11\/Captura-de-pantalla-21-300x169.png 300w, https:\/\/blogsaverroes.juntadeandalucia.es\/iesmargaritasalas\/files\/2022\/11\/Captura-de-pantalla-21-768x432.png 768w, https:\/\/blogsaverroes.juntadeandalucia.es\/iesmargaritasalas\/files\/2022\/11\/Captura-de-pantalla-21-1536x864.png 1536w, https:\/\/blogsaverroes.juntadeandalucia.es\/iesmargaritasalas\/files\/2022\/11\/Captura-de-pantalla-21.png 1920w\" sizes=\"(max-width: 1024px) 100vw, 1024px\" \/><\/a><\/p>\n<p>Los programas Erasmus+ permiten realizar estancias subvencionadas en pa\u00edses de la Uni\u00f3n Europea. En el caso de la FP, el alumnado puede realizar sus pr\u00e1cticas en otros pa\u00edses.&nbsp;<\/p>\n<p>Actualmente, nuestro centro participa en un proyecto coordinado por el IES Beatriz de Suabia. Si est\u00e1s interesado\/a, pregunta a tu tutora.<\/p>\n<p>Pueden ver la presentaci\u00f3n completa pinchando <a href=\"https:\/\/drive.google.com\/file\/d\/1j1SbXev-SH6SKZCVlwkx6zsFUh10i3xn\/view?usp=share_link\">aqu\u00ed<\/a>.<\/p>\n","protected":false},"excerpt":{"rendered":"<p>PROGRAMA ERASMUS+ PARA ALUMNADO DE CICLO Los programas Erasmus+ permiten realizar estancias subvencionadas en pa\u00edses de la Uni\u00f3n Europea. En el caso de la FP, el alumnado puede realizar sus pr\u00e1cticas en otros pa\u00edses.&nbsp;&#46;&#46;&#46;<\/p>\n","protected":false},"author":5450,"featured_media":4958,"comment_status":"open","ping_status":"open","sticky":false,"template":"","format":"image","meta":{"ngg_post_thumbnail":0,"footnotes":""},"categories":[11909],"tags":[],"aioseo_notices":[],"_links":{"self":[{"href":"https:\/\/blogsaverroes.juntadeandalucia.es\/iesmargaritasalas\/wp-json\/wp\/v2\/posts\/4955"}],"collection":[{"href":"https:\/\/blogsaverroes.juntadeandalucia.es\/iesmargaritasalas\/wp-json\/wp\/v2\/posts"}],"about":[{"href":"https:\/\/blogsaverroes.juntadeandalucia.es\/iesmargaritasalas\/wp-json\/wp\/v2\/types\/post"}],"author":[{"embeddable":true,"href":"https:\/\/blogsaverroes.juntadeandalucia.es\/iesmargaritasalas\/wp-json\/wp\/v2\/users\/5450"}],"replies":[{"embeddable":true,"href":"https:\/\/blogsaverroes.juntadeandalucia.es\/iesmargaritasalas\/wp-json\/wp\/v2\/comments?post=4955"}],"version-history":[{"count":3,"href":"https:\/\/blogsaverroes.juntadeandalucia.es\/iesmargaritasalas\/wp-json\/wp\/v2\/posts\/4955\/revisions"}],"predecessor-version":[{"id":4960,"href":"https:\/\/blogsaverroes.juntadeandalucia.es\/iesmargaritasalas\/wp-json\/wp\/v2\/posts\/4955\/revisions\/4960"}],"wp:featuredmedia":[{"embeddable":true,"href":"https:\/\/blogsaverroes.juntadeandalucia.es\/iesmargaritasalas\/wp-json\/wp\/v2\/media\/4958"}],"wp:attachment":[{"href":"https:\/\/blogsaverroes.juntadeandalucia.es\/iesmargaritasalas\/wp-json\/wp\/v2\/media?parent=4955"}],"wp:term":[{"taxonomy":"category","embeddable":true,"href":"https:\/\/blogsaverroes.juntadeandalucia.es\/iesmargaritasalas\/wp-json\/wp\/v2\/categories?post=4955"},{"taxonomy":"post_tag","embeddable":true,"href":"https:\/\/blogsaverroes.juntadeandalucia.es\/iesmargaritasalas\/wp-json\/wp\/v2\/tags?post=4955"}],"curies":[{"name":"wp","href":"https:\/\/api.w.org\/{rel}","templated":true}]}}