{"id":11411,"date":"2023-10-19T18:51:30","date_gmt":"2023-10-19T17:51:30","guid":{"rendered":"https:\/\/blogsaverroes.juntadeandalucia.es\/iesmarquesdecomares\/?p=11411"},"modified":"2023-10-20T10:22:01","modified_gmt":"2023-10-20T09:22:01","slug":"entrega-certificados-de-ingles-b1-y-b2-cambridge","status":"publish","type":"post","link":"https:\/\/blogsaverroes.juntadeandalucia.es\/iesmarquesdecomares\/entrega-certificados-de-ingles-b1-y-b2-cambridge\/","title":{"rendered":"ENTREGA CERTIFICADOS DE INGL\u00c9S B1 Y B2 CAMBRIDGE"},"content":{"rendered":"<p><a href=\"https:\/\/blogsaverroes.juntadeandalucia.es\/iesmarquesdecomares\/files\/2023\/10\/1697698340697-Rafael-Cano-P\u00e9rez.jpg\"><img fetchpriority=\"high\" decoding=\"async\" class=\"aligncenter  wp-image-11413\" src=\"https:\/\/blogsaverroes.juntadeandalucia.es\/iesmarquesdecomares\/files\/2023\/10\/1697698340697-Rafael-Cano-P\u00e9rez-1024x768.jpg\" alt=\"\" width=\"627\" height=\"470\" srcset=\"https:\/\/blogsaverroes.juntadeandalucia.es\/iesmarquesdecomares\/files\/2023\/10\/1697698340697-Rafael-Cano-P\u00e9rez-1024x768.jpg 1024w, https:\/\/blogsaverroes.juntadeandalucia.es\/iesmarquesdecomares\/files\/2023\/10\/1697698340697-Rafael-Cano-P\u00e9rez-300x225.jpg 300w, https:\/\/blogsaverroes.juntadeandalucia.es\/iesmarquesdecomares\/files\/2023\/10\/1697698340697-Rafael-Cano-P\u00e9rez-768x576.jpg 768w, https:\/\/blogsaverroes.juntadeandalucia.es\/iesmarquesdecomares\/files\/2023\/10\/1697698340697-Rafael-Cano-P\u00e9rez-1536x1152.jpg 1536w, https:\/\/blogsaverroes.juntadeandalucia.es\/iesmarquesdecomares\/files\/2023\/10\/1697698340697-Rafael-Cano-P\u00e9rez-24x18.jpg 24w, https:\/\/blogsaverroes.juntadeandalucia.es\/iesmarquesdecomares\/files\/2023\/10\/1697698340697-Rafael-Cano-P\u00e9rez-36x27.jpg 36w, https:\/\/blogsaverroes.juntadeandalucia.es\/iesmarquesdecomares\/files\/2023\/10\/1697698340697-Rafael-Cano-P\u00e9rez-48x36.jpg 48w, https:\/\/blogsaverroes.juntadeandalucia.es\/iesmarquesdecomares\/files\/2023\/10\/1697698340697-Rafael-Cano-P\u00e9rez.jpg 1600w\" sizes=\"(max-width: 627px) 100vw, 627px\" \/><\/a><\/p>\n<p><span data-sheets-value=\"{&quot;1&quot;:2,&quot;2&quot;:&quot;El pasado 18 de octubre, en un acto que tuvo lugar en nuestro sal\u00f3n de actos, tuvimos el placer de recibir al director de Loyola Idiomas C\u00f3rdoba, D. Shane Martin McLoughlin, quien entreg\u00f3 los certificados de Cambridge B1 y B2 de ingl\u00e9s a los alumnos que se presentaron a dichas pruebas el pasado 3 de junio. Fue un momento de alegr\u00eda y orgullo, tanto para los estudiantes como para sus familias y profesores. \\nEste logro no solo demuestra el esfuerzo y el compromiso de nuestros alumnos, sino tambi\u00e9n la apuesta que nuestro centro hace para que dispongan de las herramientas y apoyo necesarios para alcanzar sus metas ling\u00fc\u00edsticas y acad\u00e9micas.\\n\u00a1Felicidades a todos nuestros alumnos por este logro excepcional!&quot;}\" data-sheets-userformat=\"{&quot;2&quot;:513,&quot;3&quot;:{&quot;1&quot;:0},&quot;12&quot;:0}\">El pasado 18 de octubre, en un acto que tuvo lugar en nuestro sal\u00f3n de actos, tuvimos el placer de recibir al director de Loyola Idiomas C\u00f3rdoba, D. Shane Martin McLoughlin, quien entreg\u00f3 los certificados de Cambridge B1 y B2 de ingl\u00e9s a los alumnos que se presentaron a dichas pruebas el pasado 3 de junio. Fue un momento de alegr\u00eda y orgullo, tanto para los estudiantes como para sus familias y profesores.<br \/>\nEste logro no solo demuestra el esfuerzo y el compromiso de nuestros alumnos, sino tambi\u00e9n la apuesta que nuestro centro hace para que dispongan de las herramientas y apoyo necesarios para alcanzar sus metas ling\u00fc\u00edsticas y acad\u00e9micas.<br \/>\n\u00a1Felicidades a todos nuestros alumnos por este logro excepcional!<\/span><\/p>\n<p><a href=\"https:\/\/blogsaverroes.juntadeandalucia.es\/iesmarquesdecomares\/files\/2023\/10\/1697698340747-Rafael-Cano-P\u00e9rez.jpg\"><img decoding=\"async\" class=\"aligncenter  wp-image-11417\" src=\"https:\/\/blogsaverroes.juntadeandalucia.es\/iesmarquesdecomares\/files\/2023\/10\/1697698340747-Rafael-Cano-P\u00e9rez-1024x768.jpg\" alt=\"\" width=\"639\" height=\"479\" srcset=\"https:\/\/blogsaverroes.juntadeandalucia.es\/iesmarquesdecomares\/files\/2023\/10\/1697698340747-Rafael-Cano-P\u00e9rez-1024x768.jpg 1024w, https:\/\/blogsaverroes.juntadeandalucia.es\/iesmarquesdecomares\/files\/2023\/10\/1697698340747-Rafael-Cano-P\u00e9rez-300x225.jpg 300w, https:\/\/blogsaverroes.juntadeandalucia.es\/iesmarquesdecomares\/files\/2023\/10\/1697698340747-Rafael-Cano-P\u00e9rez-768x576.jpg 768w, https:\/\/blogsaverroes.juntadeandalucia.es\/iesmarquesdecomares\/files\/2023\/10\/1697698340747-Rafael-Cano-P\u00e9rez-1536x1152.jpg 1536w, https:\/\/blogsaverroes.juntadeandalucia.es\/iesmarquesdecomares\/files\/2023\/10\/1697698340747-Rafael-Cano-P\u00e9rez-24x18.jpg 24w, https:\/\/blogsaverroes.juntadeandalucia.es\/iesmarquesdecomares\/files\/2023\/10\/1697698340747-Rafael-Cano-P\u00e9rez-36x27.jpg 36w, https:\/\/blogsaverroes.juntadeandalucia.es\/iesmarquesdecomares\/files\/2023\/10\/1697698340747-Rafael-Cano-P\u00e9rez-48x36.jpg 48w, https:\/\/blogsaverroes.juntadeandalucia.es\/iesmarquesdecomares\/files\/2023\/10\/1697698340747-Rafael-Cano-P\u00e9rez.jpg 1600w\" sizes=\"(max-width: 639px) 100vw, 639px\" \/><\/a><\/p>\n","protected":false},"excerpt":{"rendered":"<p>El pasado 18 de octubre, en un acto que tuvo lugar en nuestro sal\u00f3n de actos, tuvimos el placer de recibir al director de Loyola Idiomas C\u00f3rdoba, D. Shane Martin McLoughlin, quien entreg\u00f3 los&#46;&#46;&#46;<\/p>\n","protected":false},"author":8171,"featured_media":11417,"comment_status":"closed","ping_status":"open","sticky":false,"template":"","format":"standard","meta":{"ngg_post_thumbnail":0,"footnotes":""},"categories":[140],"tags":[],"aioseo_notices":[],"_links":{"self":[{"href":"https:\/\/blogsaverroes.juntadeandalucia.es\/iesmarquesdecomares\/wp-json\/wp\/v2\/posts\/11411"}],"collection":[{"href":"https:\/\/blogsaverroes.juntadeandalucia.es\/iesmarquesdecomares\/wp-json\/wp\/v2\/posts"}],"about":[{"href":"https:\/\/blogsaverroes.juntadeandalucia.es\/iesmarquesdecomares\/wp-json\/wp\/v2\/types\/post"}],"author":[{"embeddable":true,"href":"https:\/\/blogsaverroes.juntadeandalucia.es\/iesmarquesdecomares\/wp-json\/wp\/v2\/users\/8171"}],"replies":[{"embeddable":true,"href":"https:\/\/blogsaverroes.juntadeandalucia.es\/iesmarquesdecomares\/wp-json\/wp\/v2\/comments?post=11411"}],"version-history":[{"count":3,"href":"https:\/\/blogsaverroes.juntadeandalucia.es\/iesmarquesdecomares\/wp-json\/wp\/v2\/posts\/11411\/revisions"}],"predecessor-version":[{"id":11419,"href":"https:\/\/blogsaverroes.juntadeandalucia.es\/iesmarquesdecomares\/wp-json\/wp\/v2\/posts\/11411\/revisions\/11419"}],"wp:featuredmedia":[{"embeddable":true,"href":"https:\/\/blogsaverroes.juntadeandalucia.es\/iesmarquesdecomares\/wp-json\/wp\/v2\/media\/11417"}],"wp:attachment":[{"href":"https:\/\/blogsaverroes.juntadeandalucia.es\/iesmarquesdecomares\/wp-json\/wp\/v2\/media?parent=11411"}],"wp:term":[{"taxonomy":"category","embeddable":true,"href":"https:\/\/blogsaverroes.juntadeandalucia.es\/iesmarquesdecomares\/wp-json\/wp\/v2\/categories?post=11411"},{"taxonomy":"post_tag","embeddable":true,"href":"https:\/\/blogsaverroes.juntadeandalucia.es\/iesmarquesdecomares\/wp-json\/wp\/v2\/tags?post=11411"}],"curies":[{"name":"wp","href":"https:\/\/api.w.org\/{rel}","templated":true}]}}