{"id":11729,"date":"2024-01-31T16:34:12","date_gmt":"2024-01-31T15:34:12","guid":{"rendered":"https:\/\/blogsaverroes.juntadeandalucia.es\/iesmarquesdecomares\/?p=11729"},"modified":"2024-01-31T16:34:12","modified_gmt":"2024-01-31T15:34:12","slug":"intercambio-reims-lucena-descubriendo-cordoba","status":"publish","type":"post","link":"https:\/\/blogsaverroes.juntadeandalucia.es\/iesmarquesdecomares\/intercambio-reims-lucena-descubriendo-cordoba\/","title":{"rendered":"Intercambio Reims &#8211; Lucena: Descubriendo C\u00f3rdoba"},"content":{"rendered":"<p>En el marco de nuestro programa de intercambio con Reims, tuvimos el placer de acoger a un grupo de estudiantes franceses en una visita cultural a C\u00f3rdoba, una de las joyas de Andaluc\u00eda.<\/p>\n<p>La jornada comenz\u00f3 en los alrededores de la hist\u00f3rica Puerta de Almod\u00f3var, donde nuestros invitados recibieron una introducci\u00f3n a la rica historia de C\u00f3rdoba. Con la curiosidad despierta, el grupo se dirigi\u00f3 a pie hacia los Reales Alc\u00e1zares de los Reyes Cristianos, una parada obligada para cualquier amante de la historia y la arquitectura. Aqu\u00ed, bajo la gu\u00eda de su profesor Monsieur Massier, exploraron durante casi dos horas los fascinantes rincones de este palacio, admirando su arquitectura y paseando por sus hermosos jardines.<\/p>\n<p>Tras un descanso para el almuerzo y tiempo libre para explorar individualmente, la siguiente parada fue la Mezquita-Catedral de C\u00f3rdoba. Con atenci\u00f3n a cada detalle y explicaci\u00f3n, los estudiantes se sumergieron en la historia y el simbolismo de este emblem\u00e1tico lugar de culto.<\/p>\n<p>La visita concluy\u00f3 con un paseo por la encantadora Calleja de las Flores y una caminata a trav\u00e9s del puente romano, ofreciendo a nuestros visitantes una visi\u00f3n completa de la belleza y el legado cultural de C\u00f3rdoba.<\/p>\n<p>Esta experiencia no solo fue un recorrido por lugares emblem\u00e1ticos, sino tambi\u00e9n una inmersi\u00f3n en la cultura espa\u00f1ola, una oportunidad para el intercambio de ideas y el fortalecimiento de lazos internacionales. Sin duda, una experiencia que nuestros visitantes franceses -y nosotros- recordaremos con cari\u00f1o durante mucho tiempo.<\/p>\n\n\t\t<style>\n\t\t\t#gallery-1 {\n\t\t\t\tmargin: auto;\n\t\t\t}\n\t\t\t#gallery-1 .gallery-item {\n\t\t\t\tfloat: left;\n\t\t\t\tmargin-top: 10px;\n\t\t\t\ttext-align: center;\n\t\t\t\twidth: 33%;\n\t\t\t}\n\t\t\t#gallery-1 img {\n\t\t\t\tborder: 2px solid #cfcfcf;\n\t\t\t}\n\t\t\t#gallery-1 .gallery-caption {\n\t\t\t\tmargin-left: 0;\n\t\t\t}\n\t\t\t\/* see gallery_shortcode() in wp-includes\/media.php *\/\n\t\t<\/style>\n\t\t<div id='gallery-1' class='gallery galleryid-11729 gallery-columns-3 gallery-size-medium'><dl class='gallery-item'>\n\t\t\t<dt class='gallery-icon landscape'>\n\t\t\t\t<a href='https:\/\/blogsaverroes.juntadeandalucia.es\/iesmarquesdecomares\/intercambio-reims-lucena-descubriendo-cordoba\/alcazar-portada-jesus-sanchez-borox\/'><img fetchpriority=\"high\" decoding=\"async\" width=\"300\" height=\"225\" src=\"https:\/\/blogsaverroes.juntadeandalucia.es\/iesmarquesdecomares\/files\/2024\/01\/Alcazar-portada-Jes\u00fas-S\u00e1nchez-Borox-300x225.jpeg\" class=\"attachment-medium size-medium\" alt=\"\" srcset=\"https:\/\/blogsaverroes.juntadeandalucia.es\/iesmarquesdecomares\/files\/2024\/01\/Alcazar-portada-Jes\u00fas-S\u00e1nchez-Borox-300x225.jpeg 300w, https:\/\/blogsaverroes.juntadeandalucia.es\/iesmarquesdecomares\/files\/2024\/01\/Alcazar-portada-Jes\u00fas-S\u00e1nchez-Borox-1024x768.jpeg 1024w, https:\/\/blogsaverroes.juntadeandalucia.es\/iesmarquesdecomares\/files\/2024\/01\/Alcazar-portada-Jes\u00fas-S\u00e1nchez-Borox-768x576.jpeg 768w, https:\/\/blogsaverroes.juntadeandalucia.es\/iesmarquesdecomares\/files\/2024\/01\/Alcazar-portada-Jes\u00fas-S\u00e1nchez-Borox-1536x1152.jpeg 1536w, https:\/\/blogsaverroes.juntadeandalucia.es\/iesmarquesdecomares\/files\/2024\/01\/Alcazar-portada-Jes\u00fas-S\u00e1nchez-Borox.jpeg 2000w\" sizes=\"(max-width: 300px) 100vw, 300px\" \/><\/a>\n\t\t\t<\/dt><\/dl><dl class='gallery-item'>\n\t\t\t<dt class='gallery-icon landscape'>\n\t\t\t\t<a href='https:\/\/blogsaverroes.juntadeandalucia.es\/iesmarquesdecomares\/intercambio-reims-lucena-descubriendo-cordoba\/alcazar-1-jesus-sanchez-borox\/'><img decoding=\"async\" width=\"300\" height=\"225\" src=\"https:\/\/blogsaverroes.juntadeandalucia.es\/iesmarquesdecomares\/files\/2024\/01\/Alcazar-1-Jes\u00fas-S\u00e1nchez-Borox-300x225.jpeg\" class=\"attachment-medium size-medium\" alt=\"\" srcset=\"https:\/\/blogsaverroes.juntadeandalucia.es\/iesmarquesdecomares\/files\/2024\/01\/Alcazar-1-Jes\u00fas-S\u00e1nchez-Borox-300x225.jpeg 300w, https:\/\/blogsaverroes.juntadeandalucia.es\/iesmarquesdecomares\/files\/2024\/01\/Alcazar-1-Jes\u00fas-S\u00e1nchez-Borox-1024x768.jpeg 1024w, https:\/\/blogsaverroes.juntadeandalucia.es\/iesmarquesdecomares\/files\/2024\/01\/Alcazar-1-Jes\u00fas-S\u00e1nchez-Borox-768x576.jpeg 768w, https:\/\/blogsaverroes.juntadeandalucia.es\/iesmarquesdecomares\/files\/2024\/01\/Alcazar-1-Jes\u00fas-S\u00e1nchez-Borox-1536x1152.jpeg 1536w, https:\/\/blogsaverroes.juntadeandalucia.es\/iesmarquesdecomares\/files\/2024\/01\/Alcazar-1-Jes\u00fas-S\u00e1nchez-Borox.jpeg 2000w\" sizes=\"(max-width: 300px) 100vw, 300px\" \/><\/a>\n\t\t\t<\/dt><\/dl><dl class='gallery-item'>\n\t\t\t<dt class='gallery-icon landscape'>\n\t\t\t\t<a href='https:\/\/blogsaverroes.juntadeandalucia.es\/iesmarquesdecomares\/intercambio-reims-lucena-descubriendo-cordoba\/alcazar-2-jesus-sanchez-borox\/'><img decoding=\"async\" width=\"300\" height=\"225\" src=\"https:\/\/blogsaverroes.juntadeandalucia.es\/iesmarquesdecomares\/files\/2024\/01\/Alcazar-2-Jes\u00fas-S\u00e1nchez-Borox-300x225.jpeg\" class=\"attachment-medium size-medium\" alt=\"\" srcset=\"https:\/\/blogsaverroes.juntadeandalucia.es\/iesmarquesdecomares\/files\/2024\/01\/Alcazar-2-Jes\u00fas-S\u00e1nchez-Borox-300x225.jpeg 300w, https:\/\/blogsaverroes.juntadeandalucia.es\/iesmarquesdecomares\/files\/2024\/01\/Alcazar-2-Jes\u00fas-S\u00e1nchez-Borox-1024x768.jpeg 1024w, https:\/\/blogsaverroes.juntadeandalucia.es\/iesmarquesdecomares\/files\/2024\/01\/Alcazar-2-Jes\u00fas-S\u00e1nchez-Borox-768x576.jpeg 768w, https:\/\/blogsaverroes.juntadeandalucia.es\/iesmarquesdecomares\/files\/2024\/01\/Alcazar-2-Jes\u00fas-S\u00e1nchez-Borox-1536x1152.jpeg 1536w, https:\/\/blogsaverroes.juntadeandalucia.es\/iesmarquesdecomares\/files\/2024\/01\/Alcazar-2-Jes\u00fas-S\u00e1nchez-Borox.jpeg 2000w\" sizes=\"(max-width: 300px) 100vw, 300px\" \/><\/a>\n\t\t\t<\/dt><\/dl><br style=\"clear: both\" \/><dl class='gallery-item'>\n\t\t\t<dt class='gallery-icon portrait'>\n\t\t\t\t<a href='https:\/\/blogsaverroes.juntadeandalucia.es\/iesmarquesdecomares\/intercambio-reims-lucena-descubriendo-cordoba\/mezquita-jesus-sanchez-borox\/'><img loading=\"lazy\" decoding=\"async\" width=\"225\" height=\"300\" src=\"https:\/\/blogsaverroes.juntadeandalucia.es\/iesmarquesdecomares\/files\/2024\/01\/Mezquita-Jes\u00fas-S\u00e1nchez-Borox-225x300.jpeg\" class=\"attachment-medium size-medium\" alt=\"\" srcset=\"https:\/\/blogsaverroes.juntadeandalucia.es\/iesmarquesdecomares\/files\/2024\/01\/Mezquita-Jes\u00fas-S\u00e1nchez-Borox-225x300.jpeg 225w, https:\/\/blogsaverroes.juntadeandalucia.es\/iesmarquesdecomares\/files\/2024\/01\/Mezquita-Jes\u00fas-S\u00e1nchez-Borox-768x1024.jpeg 768w, https:\/\/blogsaverroes.juntadeandalucia.es\/iesmarquesdecomares\/files\/2024\/01\/Mezquita-Jes\u00fas-S\u00e1nchez-Borox-1152x1536.jpeg 1152w, https:\/\/blogsaverroes.juntadeandalucia.es\/iesmarquesdecomares\/files\/2024\/01\/Mezquita-Jes\u00fas-S\u00e1nchez-Borox.jpeg 1200w\" sizes=\"(max-width: 225px) 100vw, 225px\" \/><\/a>\n\t\t\t<\/dt><\/dl><dl class='gallery-item'>\n\t\t\t<dt class='gallery-icon portrait'>\n\t\t\t\t<a href='https:\/\/blogsaverroes.juntadeandalucia.es\/iesmarquesdecomares\/intercambio-reims-lucena-descubriendo-cordoba\/calleja-flores-jesus-sanchez-borox\/'><img loading=\"lazy\" decoding=\"async\" width=\"225\" height=\"300\" src=\"https:\/\/blogsaverroes.juntadeandalucia.es\/iesmarquesdecomares\/files\/2024\/01\/Calleja-Flores-Jes\u00fas-S\u00e1nchez-Borox-225x300.jpeg\" class=\"attachment-medium size-medium\" alt=\"\" srcset=\"https:\/\/blogsaverroes.juntadeandalucia.es\/iesmarquesdecomares\/files\/2024\/01\/Calleja-Flores-Jes\u00fas-S\u00e1nchez-Borox-225x300.jpeg 225w, https:\/\/blogsaverroes.juntadeandalucia.es\/iesmarquesdecomares\/files\/2024\/01\/Calleja-Flores-Jes\u00fas-S\u00e1nchez-Borox-768x1024.jpeg 768w, https:\/\/blogsaverroes.juntadeandalucia.es\/iesmarquesdecomares\/files\/2024\/01\/Calleja-Flores-Jes\u00fas-S\u00e1nchez-Borox-1152x1536.jpeg 1152w, https:\/\/blogsaverroes.juntadeandalucia.es\/iesmarquesdecomares\/files\/2024\/01\/Calleja-Flores-Jes\u00fas-S\u00e1nchez-Borox.jpeg 1200w\" sizes=\"(max-width: 225px) 100vw, 225px\" \/><\/a>\n\t\t\t<\/dt><\/dl><dl class='gallery-item'>\n\t\t\t<dt class='gallery-icon landscape'>\n\t\t\t\t<a href='https:\/\/blogsaverroes.juntadeandalucia.es\/iesmarquesdecomares\/intercambio-reims-lucena-descubriendo-cordoba\/grupo-puente-romano-jesus-sanchez-borox\/'><img loading=\"lazy\" decoding=\"async\" width=\"300\" height=\"225\" src=\"https:\/\/blogsaverroes.juntadeandalucia.es\/iesmarquesdecomares\/files\/2024\/01\/Grupo-puente-romano-Jes\u00fas-S\u00e1nchez-Borox-300x225.jpeg\" class=\"attachment-medium size-medium\" alt=\"\" srcset=\"https:\/\/blogsaverroes.juntadeandalucia.es\/iesmarquesdecomares\/files\/2024\/01\/Grupo-puente-romano-Jes\u00fas-S\u00e1nchez-Borox-300x225.jpeg 300w, https:\/\/blogsaverroes.juntadeandalucia.es\/iesmarquesdecomares\/files\/2024\/01\/Grupo-puente-romano-Jes\u00fas-S\u00e1nchez-Borox-1024x768.jpeg 1024w, https:\/\/blogsaverroes.juntadeandalucia.es\/iesmarquesdecomares\/files\/2024\/01\/Grupo-puente-romano-Jes\u00fas-S\u00e1nchez-Borox-768x576.jpeg 768w, https:\/\/blogsaverroes.juntadeandalucia.es\/iesmarquesdecomares\/files\/2024\/01\/Grupo-puente-romano-Jes\u00fas-S\u00e1nchez-Borox-1536x1152.jpeg 1536w, https:\/\/blogsaverroes.juntadeandalucia.es\/iesmarquesdecomares\/files\/2024\/01\/Grupo-puente-romano-Jes\u00fas-S\u00e1nchez-Borox.jpeg 2048w\" sizes=\"(max-width: 300px) 100vw, 300px\" \/><\/a>\n\t\t\t<\/dt><\/dl><br style=\"clear: both\" \/><dl class='gallery-item'>\n\t\t\t<dt class='gallery-icon landscape'>\n\t\t\t\t<a href='https:\/\/blogsaverroes.juntadeandalucia.es\/iesmarquesdecomares\/intercambio-reims-lucena-descubriendo-cordoba\/puente-romano-jesus-sanchez-borox\/'><img loading=\"lazy\" decoding=\"async\" width=\"300\" height=\"225\" src=\"https:\/\/blogsaverroes.juntadeandalucia.es\/iesmarquesdecomares\/files\/2024\/01\/Puente-romano-Jes\u00fas-S\u00e1nchez-Borox-300x225.jpeg\" class=\"attachment-medium size-medium\" alt=\"\" srcset=\"https:\/\/blogsaverroes.juntadeandalucia.es\/iesmarquesdecomares\/files\/2024\/01\/Puente-romano-Jes\u00fas-S\u00e1nchez-Borox-300x225.jpeg 300w, https:\/\/blogsaverroes.juntadeandalucia.es\/iesmarquesdecomares\/files\/2024\/01\/Puente-romano-Jes\u00fas-S\u00e1nchez-Borox-1024x768.jpeg 1024w, https:\/\/blogsaverroes.juntadeandalucia.es\/iesmarquesdecomares\/files\/2024\/01\/Puente-romano-Jes\u00fas-S\u00e1nchez-Borox-768x576.jpeg 768w, https:\/\/blogsaverroes.juntadeandalucia.es\/iesmarquesdecomares\/files\/2024\/01\/Puente-romano-Jes\u00fas-S\u00e1nchez-Borox-1536x1152.jpeg 1536w, https:\/\/blogsaverroes.juntadeandalucia.es\/iesmarquesdecomares\/files\/2024\/01\/Puente-romano-Jes\u00fas-S\u00e1nchez-Borox.jpeg 2000w\" sizes=\"(max-width: 300px) 100vw, 300px\" \/><\/a>\n\t\t\t<\/dt><\/dl>\n\t\t\t<br style='clear: both' \/>\n\t\t<\/div>\n\n","protected":false},"excerpt":{"rendered":"<p>En el marco de nuestro programa de intercambio con Reims, tuvimos el placer de acoger a un grupo de estudiantes franceses en una visita cultural a C\u00f3rdoba, una de las joyas de Andaluc\u00eda. La&#46;&#46;&#46;<\/p>\n","protected":false},"author":8171,"featured_media":11730,"comment_status":"closed","ping_status":"open","sticky":false,"template":"","format":"standard","meta":{"ngg_post_thumbnail":0,"footnotes":""},"categories":[1338933,140,25502],"tags":[],"aioseo_notices":[],"_links":{"self":[{"href":"https:\/\/blogsaverroes.juntadeandalucia.es\/iesmarquesdecomares\/wp-json\/wp\/v2\/posts\/11729"}],"collection":[{"href":"https:\/\/blogsaverroes.juntadeandalucia.es\/iesmarquesdecomares\/wp-json\/wp\/v2\/posts"}],"about":[{"href":"https:\/\/blogsaverroes.juntadeandalucia.es\/iesmarquesdecomares\/wp-json\/wp\/v2\/types\/post"}],"author":[{"embeddable":true,"href":"https:\/\/blogsaverroes.juntadeandalucia.es\/iesmarquesdecomares\/wp-json\/wp\/v2\/users\/8171"}],"replies":[{"embeddable":true,"href":"https:\/\/blogsaverroes.juntadeandalucia.es\/iesmarquesdecomares\/wp-json\/wp\/v2\/comments?post=11729"}],"version-history":[{"count":1,"href":"https:\/\/blogsaverroes.juntadeandalucia.es\/iesmarquesdecomares\/wp-json\/wp\/v2\/posts\/11729\/revisions"}],"predecessor-version":[{"id":11737,"href":"https:\/\/blogsaverroes.juntadeandalucia.es\/iesmarquesdecomares\/wp-json\/wp\/v2\/posts\/11729\/revisions\/11737"}],"wp:featuredmedia":[{"embeddable":true,"href":"https:\/\/blogsaverroes.juntadeandalucia.es\/iesmarquesdecomares\/wp-json\/wp\/v2\/media\/11730"}],"wp:attachment":[{"href":"https:\/\/blogsaverroes.juntadeandalucia.es\/iesmarquesdecomares\/wp-json\/wp\/v2\/media?parent=11729"}],"wp:term":[{"taxonomy":"category","embeddable":true,"href":"https:\/\/blogsaverroes.juntadeandalucia.es\/iesmarquesdecomares\/wp-json\/wp\/v2\/categories?post=11729"},{"taxonomy":"post_tag","embeddable":true,"href":"https:\/\/blogsaverroes.juntadeandalucia.es\/iesmarquesdecomares\/wp-json\/wp\/v2\/tags?post=11729"}],"curies":[{"name":"wp","href":"https:\/\/api.w.org\/{rel}","templated":true}]}}