{"id":11906,"date":"2024-02-15T16:03:19","date_gmt":"2024-02-15T15:03:19","guid":{"rendered":"https:\/\/blogsaverroes.juntadeandalucia.es\/iesmarquesdecomares\/?p=11906"},"modified":"2024-02-15T16:03:19","modified_gmt":"2024-02-15T15:03:19","slug":"revelados-los-ganadores-del-2o-concurso-de-cartel-medieval","status":"publish","type":"post","link":"https:\/\/blogsaverroes.juntadeandalucia.es\/iesmarquesdecomares\/revelados-los-ganadores-del-2o-concurso-de-cartel-medieval\/","title":{"rendered":"Revelados los Ganadores del 2\u00ba Concurso de Cartel Medieval"},"content":{"rendered":"<p>Con gran entusiasmo, anunciamos a los ganadores de nuestro 2\u00ba Concurso de Cartel para la promoci\u00f3n de \u00abLiving the Middle Ages\u00bb, nuestra segunda semana cultural que promete llevarnos en un viaje a trav\u00e9s del tiempo con actividades que abarcan desde el arte hasta la ciencia, pasando por juegos de rol y espect\u00e1culos.<\/p>\n<p>La calidad y creatividad de los trabajos presentados este a\u00f1o han sido sobresalientes, haciendo de la elecci\u00f3n de los ganadores un verdadero desaf\u00edo. Sin m\u00e1s pre\u00e1mbulo, los premiados son:<\/p>\n<ul>\n<li>Primer premio: Raquel Alcal\u00e1 Hern\u00e1ndez.<\/li>\n<li>Segundo premio: Dar\u00edo P\u00e9rez Florido.<\/li>\n<li>Tercer premio: Sof\u00eda Parejo Rold\u00e1n.<\/li>\n<\/ul>\n<p>Extendemos nuestras m\u00e1s sinceras felicitaciones a los ganadores y expresamos nuestro agradecimiento a todos los participantes por su dedicaci\u00f3n y esfuerzo. La participaci\u00f3n de la comunidad en este concurso no solo enriquece nuestra celebraci\u00f3n cultural, sino que tambi\u00e9n destaca el talento y la creatividad de nuestros estudiantes.<\/p>\n<p>Invitamos a toda la comunidad educativa a unirse a nosotros los d\u00edas 22 y 23 de febrero para disfrutar de las m\u00faltiples actividades programadas, donde la historia cobra vida y nos ofrece una experiencia educativa \u00fanica e inolvidable. \u00a1Nos vemos en \u00abLiving the Middle Ages\u00bb!<\/p>\n\n\t\t<style>\n\t\t\t#gallery-1 {\n\t\t\t\tmargin: auto;\n\t\t\t}\n\t\t\t#gallery-1 .gallery-item {\n\t\t\t\tfloat: left;\n\t\t\t\tmargin-top: 10px;\n\t\t\t\ttext-align: center;\n\t\t\t\twidth: 33%;\n\t\t\t}\n\t\t\t#gallery-1 img {\n\t\t\t\tborder: 2px solid #cfcfcf;\n\t\t\t}\n\t\t\t#gallery-1 .gallery-caption {\n\t\t\t\tmargin-left: 0;\n\t\t\t}\n\t\t\t\/* see gallery_shortcode() in wp-includes\/media.php *\/\n\t\t<\/style>\n\t\t<div id='gallery-1' class='gallery galleryid-11906 gallery-columns-3 gallery-size-medium'><dl class='gallery-item'>\n\t\t\t<dt class='gallery-icon landscape'>\n\t\t\t\t<a href='https:\/\/blogsaverroes.juntadeandalucia.es\/iesmarquesdecomares\/revelados-los-ganadores-del-2o-concurso-de-cartel-medieval\/1707996853677-rafael-cano-perez\/'><img fetchpriority=\"high\" decoding=\"async\" width=\"300\" height=\"169\" src=\"https:\/\/blogsaverroes.juntadeandalucia.es\/iesmarquesdecomares\/files\/2024\/02\/1707996853677-Rafael-Cano-P\u00e9rez-300x169.jpg\" class=\"attachment-medium size-medium\" alt=\"\" srcset=\"https:\/\/blogsaverroes.juntadeandalucia.es\/iesmarquesdecomares\/files\/2024\/02\/1707996853677-Rafael-Cano-P\u00e9rez-300x169.jpg 300w, https:\/\/blogsaverroes.juntadeandalucia.es\/iesmarquesdecomares\/files\/2024\/02\/1707996853677-Rafael-Cano-P\u00e9rez-1024x576.jpg 1024w, https:\/\/blogsaverroes.juntadeandalucia.es\/iesmarquesdecomares\/files\/2024\/02\/1707996853677-Rafael-Cano-P\u00e9rez-768x432.jpg 768w, https:\/\/blogsaverroes.juntadeandalucia.es\/iesmarquesdecomares\/files\/2024\/02\/1707996853677-Rafael-Cano-P\u00e9rez-1536x864.jpg 1536w, https:\/\/blogsaverroes.juntadeandalucia.es\/iesmarquesdecomares\/files\/2024\/02\/1707996853677-Rafael-Cano-P\u00e9rez-2048x1152.jpg 2048w\" sizes=\"(max-width: 300px) 100vw, 300px\" \/><\/a>\n\t\t\t<\/dt><\/dl><dl class='gallery-item'>\n\t\t\t<dt class='gallery-icon landscape'>\n\t\t\t\t<a href='https:\/\/blogsaverroes.juntadeandalucia.es\/iesmarquesdecomares\/revelados-los-ganadores-del-2o-concurso-de-cartel-medieval\/1707996853612-rafael-cano-perez\/'><img decoding=\"async\" width=\"300\" height=\"207\" src=\"https:\/\/blogsaverroes.juntadeandalucia.es\/iesmarquesdecomares\/files\/2024\/02\/1707996853612-Rafael-Cano-P\u00e9rez-300x207.jpg\" class=\"attachment-medium size-medium\" alt=\"\" srcset=\"https:\/\/blogsaverroes.juntadeandalucia.es\/iesmarquesdecomares\/files\/2024\/02\/1707996853612-Rafael-Cano-P\u00e9rez-300x207.jpg 300w, https:\/\/blogsaverroes.juntadeandalucia.es\/iesmarquesdecomares\/files\/2024\/02\/1707996853612-Rafael-Cano-P\u00e9rez-1024x705.jpg 1024w, https:\/\/blogsaverroes.juntadeandalucia.es\/iesmarquesdecomares\/files\/2024\/02\/1707996853612-Rafael-Cano-P\u00e9rez-768x529.jpg 768w, https:\/\/blogsaverroes.juntadeandalucia.es\/iesmarquesdecomares\/files\/2024\/02\/1707996853612-Rafael-Cano-P\u00e9rez-1536x1058.jpg 1536w, https:\/\/blogsaverroes.juntadeandalucia.es\/iesmarquesdecomares\/files\/2024\/02\/1707996853612-Rafael-Cano-P\u00e9rez-2048x1411.jpg 2048w\" sizes=\"(max-width: 300px) 100vw, 300px\" \/><\/a>\n\t\t\t<\/dt><\/dl><dl class='gallery-item'>\n\t\t\t<dt class='gallery-icon portrait'>\n\t\t\t\t<a href='https:\/\/blogsaverroes.juntadeandalucia.es\/iesmarquesdecomares\/revelados-los-ganadores-del-2o-concurso-de-cartel-medieval\/1707996853644-rafael-cano-perez\/'><img decoding=\"async\" width=\"169\" height=\"300\" src=\"https:\/\/blogsaverroes.juntadeandalucia.es\/iesmarquesdecomares\/files\/2024\/02\/1707996853644-Rafael-Cano-P\u00e9rez-169x300.jpg\" class=\"attachment-medium size-medium\" alt=\"\" srcset=\"https:\/\/blogsaverroes.juntadeandalucia.es\/iesmarquesdecomares\/files\/2024\/02\/1707996853644-Rafael-Cano-P\u00e9rez-169x300.jpg 169w, https:\/\/blogsaverroes.juntadeandalucia.es\/iesmarquesdecomares\/files\/2024\/02\/1707996853644-Rafael-Cano-P\u00e9rez-576x1024.jpg 576w, https:\/\/blogsaverroes.juntadeandalucia.es\/iesmarquesdecomares\/files\/2024\/02\/1707996853644-Rafael-Cano-P\u00e9rez-768x1365.jpg 768w, https:\/\/blogsaverroes.juntadeandalucia.es\/iesmarquesdecomares\/files\/2024\/02\/1707996853644-Rafael-Cano-P\u00e9rez-864x1536.jpg 864w, https:\/\/blogsaverroes.juntadeandalucia.es\/iesmarquesdecomares\/files\/2024\/02\/1707996853644-Rafael-Cano-P\u00e9rez-1152x2048.jpg 1152w, https:\/\/blogsaverroes.juntadeandalucia.es\/iesmarquesdecomares\/files\/2024\/02\/1707996853644-Rafael-Cano-P\u00e9rez-scaled.jpg 1440w\" sizes=\"(max-width: 169px) 100vw, 169px\" \/><\/a>\n\t\t\t<\/dt><\/dl><br style=\"clear: both\" \/><dl class='gallery-item'>\n\t\t\t<dt class='gallery-icon portrait'>\n\t\t\t\t<a href='https:\/\/blogsaverroes.juntadeandalucia.es\/iesmarquesdecomares\/revelados-los-ganadores-del-2o-concurso-de-cartel-medieval\/1707996853628-rafael-cano-perez\/'><img loading=\"lazy\" decoding=\"async\" width=\"169\" height=\"300\" src=\"https:\/\/blogsaverroes.juntadeandalucia.es\/iesmarquesdecomares\/files\/2024\/02\/1707996853628-Rafael-Cano-P\u00e9rez-169x300.jpg\" class=\"attachment-medium size-medium\" alt=\"\" srcset=\"https:\/\/blogsaverroes.juntadeandalucia.es\/iesmarquesdecomares\/files\/2024\/02\/1707996853628-Rafael-Cano-P\u00e9rez-169x300.jpg 169w, https:\/\/blogsaverroes.juntadeandalucia.es\/iesmarquesdecomares\/files\/2024\/02\/1707996853628-Rafael-Cano-P\u00e9rez-576x1024.jpg 576w, https:\/\/blogsaverroes.juntadeandalucia.es\/iesmarquesdecomares\/files\/2024\/02\/1707996853628-Rafael-Cano-P\u00e9rez-768x1365.jpg 768w, https:\/\/blogsaverroes.juntadeandalucia.es\/iesmarquesdecomares\/files\/2024\/02\/1707996853628-Rafael-Cano-P\u00e9rez-864x1536.jpg 864w, https:\/\/blogsaverroes.juntadeandalucia.es\/iesmarquesdecomares\/files\/2024\/02\/1707996853628-Rafael-Cano-P\u00e9rez-1152x2048.jpg 1152w, https:\/\/blogsaverroes.juntadeandalucia.es\/iesmarquesdecomares\/files\/2024\/02\/1707996853628-Rafael-Cano-P\u00e9rez-scaled.jpg 1440w\" sizes=\"(max-width: 169px) 100vw, 169px\" \/><\/a>\n\t\t\t<\/dt><\/dl><dl class='gallery-item'>\n\t\t\t<dt class='gallery-icon portrait'>\n\t\t\t\t<a href='https:\/\/blogsaverroes.juntadeandalucia.es\/iesmarquesdecomares\/revelados-los-ganadores-del-2o-concurso-de-cartel-medieval\/1707996853661-rafael-cano-perez\/'><img loading=\"lazy\" decoding=\"async\" width=\"169\" height=\"300\" src=\"https:\/\/blogsaverroes.juntadeandalucia.es\/iesmarquesdecomares\/files\/2024\/02\/1707996853661-Rafael-Cano-P\u00e9rez-169x300.jpg\" class=\"attachment-medium size-medium\" alt=\"\" srcset=\"https:\/\/blogsaverroes.juntadeandalucia.es\/iesmarquesdecomares\/files\/2024\/02\/1707996853661-Rafael-Cano-P\u00e9rez-169x300.jpg 169w, https:\/\/blogsaverroes.juntadeandalucia.es\/iesmarquesdecomares\/files\/2024\/02\/1707996853661-Rafael-Cano-P\u00e9rez-576x1024.jpg 576w, https:\/\/blogsaverroes.juntadeandalucia.es\/iesmarquesdecomares\/files\/2024\/02\/1707996853661-Rafael-Cano-P\u00e9rez-768x1365.jpg 768w, https:\/\/blogsaverroes.juntadeandalucia.es\/iesmarquesdecomares\/files\/2024\/02\/1707996853661-Rafael-Cano-P\u00e9rez-864x1536.jpg 864w, https:\/\/blogsaverroes.juntadeandalucia.es\/iesmarquesdecomares\/files\/2024\/02\/1707996853661-Rafael-Cano-P\u00e9rez-1152x2048.jpg 1152w, https:\/\/blogsaverroes.juntadeandalucia.es\/iesmarquesdecomares\/files\/2024\/02\/1707996853661-Rafael-Cano-P\u00e9rez-scaled.jpg 1440w\" sizes=\"(max-width: 169px) 100vw, 169px\" \/><\/a>\n\t\t\t<\/dt><\/dl>\n\t\t\t<br style='clear: both' \/>\n\t\t<\/div>\n\n","protected":false},"excerpt":{"rendered":"<p>Con gran entusiasmo, anunciamos a los ganadores de nuestro 2\u00ba Concurso de Cartel para la promoci\u00f3n de \u00abLiving the Middle Ages\u00bb, nuestra segunda semana cultural que promete llevarnos en un viaje a trav\u00e9s del&#46;&#46;&#46;<\/p>\n","protected":false},"author":8171,"featured_media":11907,"comment_status":"closed","ping_status":"open","sticky":false,"template":"","format":"standard","meta":{"ngg_post_thumbnail":0,"footnotes":""},"categories":[5991,140,1338935],"tags":[],"aioseo_notices":[],"_links":{"self":[{"href":"https:\/\/blogsaverroes.juntadeandalucia.es\/iesmarquesdecomares\/wp-json\/wp\/v2\/posts\/11906"}],"collection":[{"href":"https:\/\/blogsaverroes.juntadeandalucia.es\/iesmarquesdecomares\/wp-json\/wp\/v2\/posts"}],"about":[{"href":"https:\/\/blogsaverroes.juntadeandalucia.es\/iesmarquesdecomares\/wp-json\/wp\/v2\/types\/post"}],"author":[{"embeddable":true,"href":"https:\/\/blogsaverroes.juntadeandalucia.es\/iesmarquesdecomares\/wp-json\/wp\/v2\/users\/8171"}],"replies":[{"embeddable":true,"href":"https:\/\/blogsaverroes.juntadeandalucia.es\/iesmarquesdecomares\/wp-json\/wp\/v2\/comments?post=11906"}],"version-history":[{"count":1,"href":"https:\/\/blogsaverroes.juntadeandalucia.es\/iesmarquesdecomares\/wp-json\/wp\/v2\/posts\/11906\/revisions"}],"predecessor-version":[{"id":11912,"href":"https:\/\/blogsaverroes.juntadeandalucia.es\/iesmarquesdecomares\/wp-json\/wp\/v2\/posts\/11906\/revisions\/11912"}],"wp:featuredmedia":[{"embeddable":true,"href":"https:\/\/blogsaverroes.juntadeandalucia.es\/iesmarquesdecomares\/wp-json\/wp\/v2\/media\/11907"}],"wp:attachment":[{"href":"https:\/\/blogsaverroes.juntadeandalucia.es\/iesmarquesdecomares\/wp-json\/wp\/v2\/media?parent=11906"}],"wp:term":[{"taxonomy":"category","embeddable":true,"href":"https:\/\/blogsaverroes.juntadeandalucia.es\/iesmarquesdecomares\/wp-json\/wp\/v2\/categories?post=11906"},{"taxonomy":"post_tag","embeddable":true,"href":"https:\/\/blogsaverroes.juntadeandalucia.es\/iesmarquesdecomares\/wp-json\/wp\/v2\/tags?post=11906"}],"curies":[{"name":"wp","href":"https:\/\/api.w.org\/{rel}","templated":true}]}}