{"id":12116,"date":"2024-04-01T10:10:27","date_gmt":"2024-04-01T09:10:27","guid":{"rendered":"https:\/\/blogsaverroes.juntadeandalucia.es\/iesmarquesdecomares\/?p=12116"},"modified":"2024-03-25T11:14:10","modified_gmt":"2024-03-25T10:14:10","slug":"participacion-destacada-en-el-canguro-matematico-2024","status":"publish","type":"post","link":"https:\/\/blogsaverroes.juntadeandalucia.es\/iesmarquesdecomares\/participacion-destacada-en-el-canguro-matematico-2024\/","title":{"rendered":"Participaci\u00f3n Destacada en el Canguro Matem\u00e1tico 2024"},"content":{"rendered":"<p>El pasado 21 de marzo de 2024, nuestro centro educativo tuvo el honor de participar en la XXIX edici\u00f3n del concurso internacional Canguro Matem\u00e1tico, un evento que a\u00f1o tras a\u00f1o re\u00fane a los estudiantes m\u00e1s brillantes en el \u00e1mbito de las matem\u00e1ticas. Este a\u00f1o, la participaci\u00f3n en Espa\u00f1a ha sido especialmente notable, superando los 20.000 alumnos, y estamos orgullosos de anunciar que 113 de nuestros estudiantes formaron parte de esta impresionante cifra.<\/p>\n<p>El Canguro Matem\u00e1tico no es solo un concurso; es una celebraci\u00f3n del pensamiento cr\u00edtico, la resoluci\u00f3n de problemas y la pasi\u00f3n por las matem\u00e1ticas. Participar en este evento es una oportunidad para que nuestros alumnos demuestren su habilidad, dedicaci\u00f3n y amor por esta disciplina, enfrent\u00e1ndose a desaf\u00edos matem\u00e1ticos que van m\u00e1s all\u00e1 del curr\u00edculum tradicional.<\/p>\n<p>Mientras esperamos los resultados, que se anunciar\u00e1n durante el mes de abril, queremos expresar nuestra m\u00e1s sincera admiraci\u00f3n y apoyo a todos los participantes. Su dedicaci\u00f3n y esfuerzo son un verdadero testimonio del esp\u00edritu acad\u00e9mico de nuestro centro, y no importa el resultado, ya han demostrado ser verdaderos campeones en el campo de las matem\u00e1ticas.<\/p>\n\n\t\t<style>\n\t\t\t#gallery-1 {\n\t\t\t\tmargin: auto;\n\t\t\t}\n\t\t\t#gallery-1 .gallery-item {\n\t\t\t\tfloat: left;\n\t\t\t\tmargin-top: 10px;\n\t\t\t\ttext-align: center;\n\t\t\t\twidth: 33%;\n\t\t\t}\n\t\t\t#gallery-1 img {\n\t\t\t\tborder: 2px solid #cfcfcf;\n\t\t\t}\n\t\t\t#gallery-1 .gallery-caption {\n\t\t\t\tmargin-left: 0;\n\t\t\t}\n\t\t\t\/* see gallery_shortcode() in wp-includes\/media.php *\/\n\t\t<\/style>\n\t\t<div id='gallery-1' class='gallery galleryid-12116 gallery-columns-3 gallery-size-large'><dl class='gallery-item'>\n\t\t\t<dt class='gallery-icon landscape'>\n\t\t\t\t<a href='https:\/\/blogsaverroes.juntadeandalucia.es\/iesmarquesdecomares\/participacion-destacada-en-el-canguro-matematico-2024\/whatsapp-image-2024-03-21-at-18-37-41-1-rosario-servian-fernandez\/'><img fetchpriority=\"high\" decoding=\"async\" width=\"1024\" height=\"769\" src=\"https:\/\/blogsaverroes.juntadeandalucia.es\/iesmarquesdecomares\/files\/2024\/03\/WhatsApp-Image-2024-03-21-at-18.37.41-1-Rosario-Servi\u00e1n-Fern\u00e1ndez-1024x769.jpeg\" class=\"attachment-large size-large\" alt=\"\" srcset=\"https:\/\/blogsaverroes.juntadeandalucia.es\/iesmarquesdecomares\/files\/2024\/03\/WhatsApp-Image-2024-03-21-at-18.37.41-1-Rosario-Servi\u00e1n-Fern\u00e1ndez-1024x769.jpeg 1024w, https:\/\/blogsaverroes.juntadeandalucia.es\/iesmarquesdecomares\/files\/2024\/03\/WhatsApp-Image-2024-03-21-at-18.37.41-1-Rosario-Servi\u00e1n-Fern\u00e1ndez-300x225.jpeg 300w, https:\/\/blogsaverroes.juntadeandalucia.es\/iesmarquesdecomares\/files\/2024\/03\/WhatsApp-Image-2024-03-21-at-18.37.41-1-Rosario-Servi\u00e1n-Fern\u00e1ndez-768x576.jpeg 768w, https:\/\/blogsaverroes.juntadeandalucia.es\/iesmarquesdecomares\/files\/2024\/03\/WhatsApp-Image-2024-03-21-at-18.37.41-1-Rosario-Servi\u00e1n-Fern\u00e1ndez-1536x1153.jpeg 1536w, https:\/\/blogsaverroes.juntadeandalucia.es\/iesmarquesdecomares\/files\/2024\/03\/WhatsApp-Image-2024-03-21-at-18.37.41-1-Rosario-Servi\u00e1n-Fern\u00e1ndez.jpeg 1600w\" sizes=\"(max-width: 1024px) 100vw, 1024px\" \/><\/a>\n\t\t\t<\/dt><\/dl><dl class='gallery-item'>\n\t\t\t<dt class='gallery-icon landscape'>\n\t\t\t\t<a href='https:\/\/blogsaverroes.juntadeandalucia.es\/iesmarquesdecomares\/participacion-destacada-en-el-canguro-matematico-2024\/whatsapp-image-2024-03-21-at-18-37-41-rosario-servian-fernandez\/'><img decoding=\"async\" width=\"1024\" height=\"769\" src=\"https:\/\/blogsaverroes.juntadeandalucia.es\/iesmarquesdecomares\/files\/2024\/03\/WhatsApp-Image-2024-03-21-at-18.37.41-Rosario-Servi\u00e1n-Fern\u00e1ndez-1024x769.jpeg\" class=\"attachment-large size-large\" alt=\"\" srcset=\"https:\/\/blogsaverroes.juntadeandalucia.es\/iesmarquesdecomares\/files\/2024\/03\/WhatsApp-Image-2024-03-21-at-18.37.41-Rosario-Servi\u00e1n-Fern\u00e1ndez-1024x769.jpeg 1024w, https:\/\/blogsaverroes.juntadeandalucia.es\/iesmarquesdecomares\/files\/2024\/03\/WhatsApp-Image-2024-03-21-at-18.37.41-Rosario-Servi\u00e1n-Fern\u00e1ndez-300x225.jpeg 300w, https:\/\/blogsaverroes.juntadeandalucia.es\/iesmarquesdecomares\/files\/2024\/03\/WhatsApp-Image-2024-03-21-at-18.37.41-Rosario-Servi\u00e1n-Fern\u00e1ndez-768x576.jpeg 768w, https:\/\/blogsaverroes.juntadeandalucia.es\/iesmarquesdecomares\/files\/2024\/03\/WhatsApp-Image-2024-03-21-at-18.37.41-Rosario-Servi\u00e1n-Fern\u00e1ndez-1536x1153.jpeg 1536w, https:\/\/blogsaverroes.juntadeandalucia.es\/iesmarquesdecomares\/files\/2024\/03\/WhatsApp-Image-2024-03-21-at-18.37.41-Rosario-Servi\u00e1n-Fern\u00e1ndez.jpeg 1600w\" sizes=\"(max-width: 1024px) 100vw, 1024px\" \/><\/a>\n\t\t\t<\/dt><\/dl><dl class='gallery-item'>\n\t\t\t<dt class='gallery-icon landscape'>\n\t\t\t\t<a href='https:\/\/blogsaverroes.juntadeandalucia.es\/iesmarquesdecomares\/participacion-destacada-en-el-canguro-matematico-2024\/whatsapp-image-2024-03-21-at-18-37-42-rosario-servian-fernandez\/'><img decoding=\"async\" width=\"1024\" height=\"766\" src=\"https:\/\/blogsaverroes.juntadeandalucia.es\/iesmarquesdecomares\/files\/2024\/03\/WhatsApp-Image-2024-03-21-at-18.37.42-Rosario-Servi\u00e1n-Fern\u00e1ndez-1024x766.jpeg\" class=\"attachment-large size-large\" alt=\"\" srcset=\"https:\/\/blogsaverroes.juntadeandalucia.es\/iesmarquesdecomares\/files\/2024\/03\/WhatsApp-Image-2024-03-21-at-18.37.42-Rosario-Servi\u00e1n-Fern\u00e1ndez-1024x766.jpeg 1024w, https:\/\/blogsaverroes.juntadeandalucia.es\/iesmarquesdecomares\/files\/2024\/03\/WhatsApp-Image-2024-03-21-at-18.37.42-Rosario-Servi\u00e1n-Fern\u00e1ndez-300x224.jpeg 300w, https:\/\/blogsaverroes.juntadeandalucia.es\/iesmarquesdecomares\/files\/2024\/03\/WhatsApp-Image-2024-03-21-at-18.37.42-Rosario-Servi\u00e1n-Fern\u00e1ndez-768x575.jpeg 768w, https:\/\/blogsaverroes.juntadeandalucia.es\/iesmarquesdecomares\/files\/2024\/03\/WhatsApp-Image-2024-03-21-at-18.37.42-Rosario-Servi\u00e1n-Fern\u00e1ndez-1536x1149.jpeg 1536w, https:\/\/blogsaverroes.juntadeandalucia.es\/iesmarquesdecomares\/files\/2024\/03\/WhatsApp-Image-2024-03-21-at-18.37.42-Rosario-Servi\u00e1n-Fern\u00e1ndez.jpeg 1600w\" sizes=\"(max-width: 1024px) 100vw, 1024px\" \/><\/a>\n\t\t\t<\/dt><\/dl><br style=\"clear: both\" \/>\n\t\t<\/div>\n\n","protected":false},"excerpt":{"rendered":"<p>El pasado 21 de marzo de 2024, nuestro centro educativo tuvo el honor de participar en la XXIX edici\u00f3n del concurso internacional Canguro Matem\u00e1tico, un evento que a\u00f1o tras a\u00f1o re\u00fane a los estudiantes&#46;&#46;&#46;<\/p>\n","protected":false},"author":8171,"featured_media":12118,"comment_status":"closed","ping_status":"open","sticky":false,"template":"","format":"standard","meta":{"ngg_post_thumbnail":0,"footnotes":""},"categories":[5991,25506],"tags":[],"aioseo_notices":[],"_links":{"self":[{"href":"https:\/\/blogsaverroes.juntadeandalucia.es\/iesmarquesdecomares\/wp-json\/wp\/v2\/posts\/12116"}],"collection":[{"href":"https:\/\/blogsaverroes.juntadeandalucia.es\/iesmarquesdecomares\/wp-json\/wp\/v2\/posts"}],"about":[{"href":"https:\/\/blogsaverroes.juntadeandalucia.es\/iesmarquesdecomares\/wp-json\/wp\/v2\/types\/post"}],"author":[{"embeddable":true,"href":"https:\/\/blogsaverroes.juntadeandalucia.es\/iesmarquesdecomares\/wp-json\/wp\/v2\/users\/8171"}],"replies":[{"embeddable":true,"href":"https:\/\/blogsaverroes.juntadeandalucia.es\/iesmarquesdecomares\/wp-json\/wp\/v2\/comments?post=12116"}],"version-history":[{"count":1,"href":"https:\/\/blogsaverroes.juntadeandalucia.es\/iesmarquesdecomares\/wp-json\/wp\/v2\/posts\/12116\/revisions"}],"predecessor-version":[{"id":12120,"href":"https:\/\/blogsaverroes.juntadeandalucia.es\/iesmarquesdecomares\/wp-json\/wp\/v2\/posts\/12116\/revisions\/12120"}],"wp:featuredmedia":[{"embeddable":true,"href":"https:\/\/blogsaverroes.juntadeandalucia.es\/iesmarquesdecomares\/wp-json\/wp\/v2\/media\/12118"}],"wp:attachment":[{"href":"https:\/\/blogsaverroes.juntadeandalucia.es\/iesmarquesdecomares\/wp-json\/wp\/v2\/media?parent=12116"}],"wp:term":[{"taxonomy":"category","embeddable":true,"href":"https:\/\/blogsaverroes.juntadeandalucia.es\/iesmarquesdecomares\/wp-json\/wp\/v2\/categories?post=12116"},{"taxonomy":"post_tag","embeddable":true,"href":"https:\/\/blogsaverroes.juntadeandalucia.es\/iesmarquesdecomares\/wp-json\/wp\/v2\/tags?post=12116"}],"curies":[{"name":"wp","href":"https:\/\/api.w.org\/{rel}","templated":true}]}}