{"id":12121,"date":"2024-03-25T11:24:12","date_gmt":"2024-03-25T10:24:12","guid":{"rendered":"https:\/\/blogsaverroes.juntadeandalucia.es\/iesmarquesdecomares\/?p=12121"},"modified":"2024-05-20T18:51:21","modified_gmt":"2024-05-20T17:51:21","slug":"proyectos-bilingues-sobre-mujeres-compositoras-una-inmersion-cultural-por-parte-de-los-alumnos-de-2o-eso","status":"publish","type":"post","link":"https:\/\/blogsaverroes.juntadeandalucia.es\/iesmarquesdecomares\/proyectos-bilingues-sobre-mujeres-compositoras-una-inmersion-cultural-por-parte-de-los-alumnos-de-2o-eso\/","title":{"rendered":"Proyectos Biling\u00fces Sobre Mujeres Compositoras: Una Inmersi\u00f3n Cultural por Parte de los Alumnos de 2\u00ba ESO"},"content":{"rendered":"<p>En una iniciativa educativa innovadora y profundamente enriquecedora, los estudiantes de 2\u00ba de la ESO han dedicado los dos primeros trimestres del a\u00f1o escolar a la creaci\u00f3n de proyectos biling\u00fces en formato podcast. Estos proyectos tienen como protagonistas a mujeres compositoras desde el Renacimiento hasta el Barroco, ofreciendo una ventana a la contribuci\u00f3n femenina en la m\u00fasica cl\u00e1sica, a menudo subrepresentada.<\/p>\n<p>Cada podcast es un tesoro de informaci\u00f3n y deleite auditivo, incluyendo fragmentos seleccionados de las obras de estas compositoras, an\u00e1lisis de sus piezas m\u00e1s emblem\u00e1ticas y relatos de los momentos m\u00e1s destacados y los hechos m\u00e1s relevantes de sus biograf\u00edas. Estos proyectos no solo han permitido a los estudiantes explorar la historia de la m\u00fasica desde una perspectiva \u00fanica, sino tambi\u00e9n mejorar sus habilidades ling\u00fc\u00edsticas al presentarlos en un formato biling\u00fce.<\/p>\n<p>La iniciativa subraya la importancia de la inclusi\u00f3n y la diversidad en el estudio de la historia de la m\u00fasica, reconociendo y celebrando el papel vital que las mujeres han jugado en su evoluci\u00f3n. A trav\u00e9s de este proyecto, nuestros estudiantes han contribuido a la revalorizaci\u00f3n de las mujeres en el arte, al mismo tiempo que han desarrollado habilidades cr\u00edticas y creativas que les servir\u00e1n en su futuro acad\u00e9mico y profesional.<\/p>\n<p><a href=\"https:\/\/blogsaverroes.juntadeandalucia.es\/iesmarquesdecomares\/files\/2024\/03\/Mujeres-compositoras-2.pdf\">Mujeres compositoras-2<\/a><\/p>\n","protected":false},"excerpt":{"rendered":"<p>En una iniciativa educativa innovadora y profundamente enriquecedora, los estudiantes de 2\u00ba de la ESO han dedicado los dos primeros trimestres del a\u00f1o escolar a la creaci\u00f3n de proyectos biling\u00fces en formato podcast. Estos&#46;&#46;&#46;<\/p>\n","protected":false},"author":8171,"featured_media":12123,"comment_status":"closed","ping_status":"open","sticky":false,"template":"","format":"standard","meta":{"ngg_post_thumbnail":0,"footnotes":""},"categories":[1338945,140,1338940],"tags":[],"aioseo_notices":[],"_links":{"self":[{"href":"https:\/\/blogsaverroes.juntadeandalucia.es\/iesmarquesdecomares\/wp-json\/wp\/v2\/posts\/12121"}],"collection":[{"href":"https:\/\/blogsaverroes.juntadeandalucia.es\/iesmarquesdecomares\/wp-json\/wp\/v2\/posts"}],"about":[{"href":"https:\/\/blogsaverroes.juntadeandalucia.es\/iesmarquesdecomares\/wp-json\/wp\/v2\/types\/post"}],"author":[{"embeddable":true,"href":"https:\/\/blogsaverroes.juntadeandalucia.es\/iesmarquesdecomares\/wp-json\/wp\/v2\/users\/8171"}],"replies":[{"embeddable":true,"href":"https:\/\/blogsaverroes.juntadeandalucia.es\/iesmarquesdecomares\/wp-json\/wp\/v2\/comments?post=12121"}],"version-history":[{"count":1,"href":"https:\/\/blogsaverroes.juntadeandalucia.es\/iesmarquesdecomares\/wp-json\/wp\/v2\/posts\/12121\/revisions"}],"predecessor-version":[{"id":12124,"href":"https:\/\/blogsaverroes.juntadeandalucia.es\/iesmarquesdecomares\/wp-json\/wp\/v2\/posts\/12121\/revisions\/12124"}],"wp:featuredmedia":[{"embeddable":true,"href":"https:\/\/blogsaverroes.juntadeandalucia.es\/iesmarquesdecomares\/wp-json\/wp\/v2\/media\/12123"}],"wp:attachment":[{"href":"https:\/\/blogsaverroes.juntadeandalucia.es\/iesmarquesdecomares\/wp-json\/wp\/v2\/media?parent=12121"}],"wp:term":[{"taxonomy":"category","embeddable":true,"href":"https:\/\/blogsaverroes.juntadeandalucia.es\/iesmarquesdecomares\/wp-json\/wp\/v2\/categories?post=12121"},{"taxonomy":"post_tag","embeddable":true,"href":"https:\/\/blogsaverroes.juntadeandalucia.es\/iesmarquesdecomares\/wp-json\/wp\/v2\/tags?post=12121"}],"curies":[{"name":"wp","href":"https:\/\/api.w.org\/{rel}","templated":true}]}}