{"id":12208,"date":"2024-04-22T18:39:26","date_gmt":"2024-04-22T17:39:26","guid":{"rendered":"https:\/\/blogsaverroes.juntadeandalucia.es\/iesmarquesdecomares\/?p=12208"},"modified":"2024-04-22T18:39:26","modified_gmt":"2024-04-22T17:39:26","slug":"estudiantes-exploran-las-raices-clasicas-en-el-festival-de-teatro-juvenil","status":"publish","type":"post","link":"https:\/\/blogsaverroes.juntadeandalucia.es\/iesmarquesdecomares\/estudiantes-exploran-las-raices-clasicas-en-el-festival-de-teatro-juvenil\/","title":{"rendered":"Estudiantes Exploran las Ra\u00edces Cl\u00e1sicas en el Festival de Teatro Juvenil"},"content":{"rendered":"<p>Nuestros estudiantes de 1\u00ba de Bachillerato, 4\u00ba de ESO y 2\u00ba de Bachillerato nocturno recientemente tuvieron la oportunidad de enriquecer su aprendizaje cultural y educativo asistiendo a la representaci\u00f3n de la obra \u00abMedea\u00bb, escrita por Eur\u00edpides y presentada por el grupo teatral Balbo. Este evento fue parte del VI Festival de Teatro Juvenil Grecolatino \u201cVilla de los Sue\u00f1os\u201d en la Casa de la Cultura de Almedinilla. El festival no solo ofreci\u00f3 representaciones teatrales, sino tambi\u00e9n talleres did\u00e1cticos y actividades que permitieron a los estudiantes profundizar en la historia y cultura romana.<\/p>\n<p>En complemento a la jornada teatral, los alumnos visitaron el yacimiento arqueol\u00f3gico de la Villa Romana \u201cEl Ruedo\u201d. Este sitio, que data de los siglos I al V d. C., es uno de los m\u00e1s completos de la Pen\u00ednsula y ofrece una ventana \u00fanica al pasado hist\u00f3rico y cultural de nuestra regi\u00f3n, consolidando as\u00ed una experiencia educativa de inmersi\u00f3n total en las ra\u00edces de nuestra civilizaci\u00f3n.<\/p>\n<p><a href=\"https:\/\/blogsaverroes.juntadeandalucia.es\/iesmarquesdecomares\/files\/2024\/04\/Almedinilla-Sonia-Parra-Martin-scaled.jpg\"><img fetchpriority=\"high\" decoding=\"async\" class=\"aligncenter size-large wp-image-12209\" src=\"https:\/\/blogsaverroes.juntadeandalucia.es\/iesmarquesdecomares\/files\/2024\/04\/Almedinilla-Sonia-Parra-Martin-1024x485.jpg\" alt=\"\" width=\"1024\" height=\"485\" srcset=\"https:\/\/blogsaverroes.juntadeandalucia.es\/iesmarquesdecomares\/files\/2024\/04\/Almedinilla-Sonia-Parra-Martin-1024x485.jpg 1024w, https:\/\/blogsaverroes.juntadeandalucia.es\/iesmarquesdecomares\/files\/2024\/04\/Almedinilla-Sonia-Parra-Martin-300x142.jpg 300w, https:\/\/blogsaverroes.juntadeandalucia.es\/iesmarquesdecomares\/files\/2024\/04\/Almedinilla-Sonia-Parra-Martin-768x363.jpg 768w, https:\/\/blogsaverroes.juntadeandalucia.es\/iesmarquesdecomares\/files\/2024\/04\/Almedinilla-Sonia-Parra-Martin-1536x727.jpg 1536w, https:\/\/blogsaverroes.juntadeandalucia.es\/iesmarquesdecomares\/files\/2024\/04\/Almedinilla-Sonia-Parra-Martin-2048x969.jpg 2048w, https:\/\/blogsaverroes.juntadeandalucia.es\/iesmarquesdecomares\/files\/2024\/04\/Almedinilla-Sonia-Parra-Martin-520x245.jpg 520w, https:\/\/blogsaverroes.juntadeandalucia.es\/iesmarquesdecomares\/files\/2024\/04\/Almedinilla-Sonia-Parra-Martin-720x340.jpg 720w\" sizes=\"(max-width: 1024px) 100vw, 1024px\" \/><\/a><\/p>\n","protected":false},"excerpt":{"rendered":"<p>Nuestros estudiantes de 1\u00ba de Bachillerato, 4\u00ba de ESO y 2\u00ba de Bachillerato nocturno recientemente tuvieron la oportunidad de enriquecer su aprendizaje cultural y educativo asistiendo a la representaci\u00f3n de la obra \u00abMedea\u00bb, escrita&#46;&#46;&#46;<\/p>\n","protected":false},"author":8171,"featured_media":12209,"comment_status":"closed","ping_status":"open","sticky":false,"template":"","format":"standard","meta":{"ngg_post_thumbnail":0,"footnotes":""},"categories":[1338933,25513],"tags":[],"aioseo_notices":[],"_links":{"self":[{"href":"https:\/\/blogsaverroes.juntadeandalucia.es\/iesmarquesdecomares\/wp-json\/wp\/v2\/posts\/12208"}],"collection":[{"href":"https:\/\/blogsaverroes.juntadeandalucia.es\/iesmarquesdecomares\/wp-json\/wp\/v2\/posts"}],"about":[{"href":"https:\/\/blogsaverroes.juntadeandalucia.es\/iesmarquesdecomares\/wp-json\/wp\/v2\/types\/post"}],"author":[{"embeddable":true,"href":"https:\/\/blogsaverroes.juntadeandalucia.es\/iesmarquesdecomares\/wp-json\/wp\/v2\/users\/8171"}],"replies":[{"embeddable":true,"href":"https:\/\/blogsaverroes.juntadeandalucia.es\/iesmarquesdecomares\/wp-json\/wp\/v2\/comments?post=12208"}],"version-history":[{"count":1,"href":"https:\/\/blogsaverroes.juntadeandalucia.es\/iesmarquesdecomares\/wp-json\/wp\/v2\/posts\/12208\/revisions"}],"predecessor-version":[{"id":12210,"href":"https:\/\/blogsaverroes.juntadeandalucia.es\/iesmarquesdecomares\/wp-json\/wp\/v2\/posts\/12208\/revisions\/12210"}],"wp:featuredmedia":[{"embeddable":true,"href":"https:\/\/blogsaverroes.juntadeandalucia.es\/iesmarquesdecomares\/wp-json\/wp\/v2\/media\/12209"}],"wp:attachment":[{"href":"https:\/\/blogsaverroes.juntadeandalucia.es\/iesmarquesdecomares\/wp-json\/wp\/v2\/media?parent=12208"}],"wp:term":[{"taxonomy":"category","embeddable":true,"href":"https:\/\/blogsaverroes.juntadeandalucia.es\/iesmarquesdecomares\/wp-json\/wp\/v2\/categories?post=12208"},{"taxonomy":"post_tag","embeddable":true,"href":"https:\/\/blogsaverroes.juntadeandalucia.es\/iesmarquesdecomares\/wp-json\/wp\/v2\/tags?post=12208"}],"curies":[{"name":"wp","href":"https:\/\/api.w.org\/{rel}","templated":true}]}}