{"id":13378,"date":"2024-11-15T18:24:34","date_gmt":"2024-11-15T17:24:34","guid":{"rendered":"https:\/\/blogsaverroes.juntadeandalucia.es\/iesmarquesdecomares\/?p=13378"},"modified":"2024-11-15T18:24:34","modified_gmt":"2024-11-15T17:24:34","slug":"alvaro-pombo-premio-cervantes-2024","status":"publish","type":"post","link":"https:\/\/blogsaverroes.juntadeandalucia.es\/iesmarquesdecomares\/alvaro-pombo-premio-cervantes-2024\/","title":{"rendered":"\u00c1lvaro Pombo, Premio Cervantes 2024"},"content":{"rendered":"<p>El escritor \u00c1lvaro Pombo ha sido distinguido con el Premio Cervantes 2024, uno de los reconocimientos m\u00e1s importantes de la literatura en lengua espa\u00f1ola. Con una prol\u00edfica trayectoria, Pombo ha explorado diversos g\u00e9neros como la novela, el relato, la poes\u00eda y el ensayo. Su \u00faltima obra, <em>El exclaustrado<\/em>, es una de las m\u00e1s recomendadas, junto a t\u00edtulos destacados como <em>El destino era un gato com\u00fan<\/em>, <em>La casa del reloj<\/em> y <em>Un gran mundo<\/em>. Este premio reafirma su relevancia en el panorama literario contempor\u00e1neo.<\/p>\n<p><img fetchpriority=\"high\" decoding=\"async\" class=\"aligncenter size-large wp-image-13379\" src=\"https:\/\/blogsaverroes.juntadeandalucia.es\/iesmarquesdecomares\/files\/2024\/11\/Alvaropombo-Jefatura-de-Estudios-Diurno-1024x768.jpg\" alt=\"\" width=\"1024\" height=\"768\" srcset=\"https:\/\/blogsaverroes.juntadeandalucia.es\/iesmarquesdecomares\/files\/2024\/11\/Alvaropombo-Jefatura-de-Estudios-Diurno-1024x768.jpg 1024w, https:\/\/blogsaverroes.juntadeandalucia.es\/iesmarquesdecomares\/files\/2024\/11\/Alvaropombo-Jefatura-de-Estudios-Diurno-300x225.jpg 300w, https:\/\/blogsaverroes.juntadeandalucia.es\/iesmarquesdecomares\/files\/2024\/11\/Alvaropombo-Jefatura-de-Estudios-Diurno-768x576.jpg 768w, https:\/\/blogsaverroes.juntadeandalucia.es\/iesmarquesdecomares\/files\/2024\/11\/Alvaropombo-Jefatura-de-Estudios-Diurno-1536x1152.jpg 1536w, https:\/\/blogsaverroes.juntadeandalucia.es\/iesmarquesdecomares\/files\/2024\/11\/Alvaropombo-Jefatura-de-Estudios-Diurno-2048x1536.jpg 2048w\" sizes=\"(max-width: 1024px) 100vw, 1024px\" \/><\/p>\n","protected":false},"excerpt":{"rendered":"<p>El escritor \u00c1lvaro Pombo ha sido distinguido con el Premio Cervantes 2024, uno de los reconocimientos m\u00e1s importantes de la literatura en lengua espa\u00f1ola. Con una prol\u00edfica trayectoria, Pombo ha explorado diversos g\u00e9neros como&#46;&#46;&#46;<\/p>\n","protected":false},"author":8171,"featured_media":13379,"comment_status":"closed","ping_status":"open","sticky":false,"template":"","format":"standard","meta":{"ngg_post_thumbnail":0,"footnotes":""},"categories":[213],"tags":[],"aioseo_notices":[],"_links":{"self":[{"href":"https:\/\/blogsaverroes.juntadeandalucia.es\/iesmarquesdecomares\/wp-json\/wp\/v2\/posts\/13378"}],"collection":[{"href":"https:\/\/blogsaverroes.juntadeandalucia.es\/iesmarquesdecomares\/wp-json\/wp\/v2\/posts"}],"about":[{"href":"https:\/\/blogsaverroes.juntadeandalucia.es\/iesmarquesdecomares\/wp-json\/wp\/v2\/types\/post"}],"author":[{"embeddable":true,"href":"https:\/\/blogsaverroes.juntadeandalucia.es\/iesmarquesdecomares\/wp-json\/wp\/v2\/users\/8171"}],"replies":[{"embeddable":true,"href":"https:\/\/blogsaverroes.juntadeandalucia.es\/iesmarquesdecomares\/wp-json\/wp\/v2\/comments?post=13378"}],"version-history":[{"count":1,"href":"https:\/\/blogsaverroes.juntadeandalucia.es\/iesmarquesdecomares\/wp-json\/wp\/v2\/posts\/13378\/revisions"}],"predecessor-version":[{"id":13380,"href":"https:\/\/blogsaverroes.juntadeandalucia.es\/iesmarquesdecomares\/wp-json\/wp\/v2\/posts\/13378\/revisions\/13380"}],"wp:featuredmedia":[{"embeddable":true,"href":"https:\/\/blogsaverroes.juntadeandalucia.es\/iesmarquesdecomares\/wp-json\/wp\/v2\/media\/13379"}],"wp:attachment":[{"href":"https:\/\/blogsaverroes.juntadeandalucia.es\/iesmarquesdecomares\/wp-json\/wp\/v2\/media?parent=13378"}],"wp:term":[{"taxonomy":"category","embeddable":true,"href":"https:\/\/blogsaverroes.juntadeandalucia.es\/iesmarquesdecomares\/wp-json\/wp\/v2\/categories?post=13378"},{"taxonomy":"post_tag","embeddable":true,"href":"https:\/\/blogsaverroes.juntadeandalucia.es\/iesmarquesdecomares\/wp-json\/wp\/v2\/tags?post=13378"}],"curies":[{"name":"wp","href":"https:\/\/api.w.org\/{rel}","templated":true}]}}