{"id":13439,"date":"2024-12-19T10:48:46","date_gmt":"2024-12-19T09:48:46","guid":{"rendered":"https:\/\/blogsaverroes.juntadeandalucia.es\/iesmarquesdecomares\/?p=13439"},"modified":"2024-12-19T10:48:46","modified_gmt":"2024-12-19T09:48:46","slug":"resena-el-principe-cruel-de-holly-black-por-jara-casas-putelli-4o-eso-a","status":"publish","type":"post","link":"https:\/\/blogsaverroes.juntadeandalucia.es\/iesmarquesdecomares\/resena-el-principe-cruel-de-holly-black-por-jara-casas-putelli-4o-eso-a\/","title":{"rendered":"RESE\u00d1A. EL PR\u00cdNCIPE CRUEL DE HOLLY BLACK. POR JARA CASAS PUTELLI (4\u00ba ESO A)"},"content":{"rendered":"<p><span data-sheets-root=\"1\">El pr\u00edncipe cruel es un libro de la escritora estadounidense Holly Black. Este consta de 432<br \/>\np\u00e1ginas y es de g\u00e9nero fant\u00e1stico y rom\u00e1ntico. Este publicado el 19 de noviembre de 2018 tuvo un<br \/>\ngran \u00e9xito, actualmente alcanzando las 28 ediciones.<br \/>\nEl libro trata temas pol\u00edticos, \u00e9ticos, familiares, etc\u00e9tera desde el punto de vista de Jude, una chica mortal que reside en el mundo de los fe\u00e9ricos (hadas).<br \/>\nHay muchos personajes importantes, pero los m\u00e1s importantes son dos; Jude Duarte y Cardan Greenbriar (el pr\u00edncipe cruel). Jude, anteriormente mencionada, es una chica humana de 17 a\u00f1os cuyos padres fueron asesinados por Madoc, el gran general del reino. Ella es siempre menospreciada por los fe\u00e9ricos de la corte suprema y quiere hacerse valer. Su n\u00e9mesis es Cardan, \u00faltimo hijo de Elred. \u00c9l es la persona que m\u00e1s desprecia a Jude. De primeras da muy malas impresiones, pero su buen desarrollo de personaje y sus Sentimientos hacia nuestra protagonista cambian su percepci\u00f3n.<br \/>\nEl libro consta de dos partes separadas por un punto de alta tensi\u00f3n. Llena de secretos de la corte, esp\u00edas y giros argumentales impredecibles esta trama no decepciona. Comienza con un ritmo lento, pero va acelerando a medida que te adentras en Faerie.<br \/>\nEl libro se contextualiza en la actualidad, pero a la vez en un mundo fant\u00e1stico paralelo al nuestro inspirado en la edad media.<br \/>\nDesde mi punto de vista el libro es incre\u00edble. Sinceramente, me sent\u00eda rodeada de magia a medida que le\u00eda este libro. Empatic\u00e9 un mont\u00f3n con los personajes, incluso con los m\u00e1s crueles y ambiciosos. Siempre que doy recomendaciones es el primero en la lista y verdaderamente vale la pena.<br \/>\nSus rese\u00f1as de profesionales, las buenas cr\u00edticas, los ejemplares vendidos y muchos otros<br \/>\nfactores indican el valor de esta lectura. Muy recomendable.<\/span><\/p>\n<p><img fetchpriority=\"high\" decoding=\"async\" class=\"aligncenter size-large wp-image-13440\" src=\"https:\/\/blogsaverroes.juntadeandalucia.es\/iesmarquesdecomares\/files\/2024\/12\/edition-75665-Jefatura-de-Estudios-Diurno-682x1024.jpg\" alt=\"\" width=\"682\" height=\"1024\" srcset=\"https:\/\/blogsaverroes.juntadeandalucia.es\/iesmarquesdecomares\/files\/2024\/12\/edition-75665-Jefatura-de-Estudios-Diurno-682x1024.jpg 682w, https:\/\/blogsaverroes.juntadeandalucia.es\/iesmarquesdecomares\/files\/2024\/12\/edition-75665-Jefatura-de-Estudios-Diurno-200x300.jpg 200w, https:\/\/blogsaverroes.juntadeandalucia.es\/iesmarquesdecomares\/files\/2024\/12\/edition-75665-Jefatura-de-Estudios-Diurno-768x1153.jpg 768w, https:\/\/blogsaverroes.juntadeandalucia.es\/iesmarquesdecomares\/files\/2024\/12\/edition-75665-Jefatura-de-Estudios-Diurno-1023x1536.jpg 1023w, https:\/\/blogsaverroes.juntadeandalucia.es\/iesmarquesdecomares\/files\/2024\/12\/edition-75665-Jefatura-de-Estudios-Diurno.jpg 1200w\" sizes=\"(max-width: 682px) 100vw, 682px\" \/><\/p>\n","protected":false},"excerpt":{"rendered":"<p>El pr\u00edncipe cruel es un libro de la escritora estadounidense Holly Black. Este consta de 432 p\u00e1ginas y es de g\u00e9nero fant\u00e1stico y rom\u00e1ntico. Este publicado el 19 de noviembre de 2018 tuvo un&#46;&#46;&#46;<\/p>\n","protected":false},"author":8171,"featured_media":13440,"comment_status":"closed","ping_status":"open","sticky":false,"template":"","format":"standard","meta":{"ngg_post_thumbnail":0,"footnotes":""},"categories":[213],"tags":[],"aioseo_notices":[],"_links":{"self":[{"href":"https:\/\/blogsaverroes.juntadeandalucia.es\/iesmarquesdecomares\/wp-json\/wp\/v2\/posts\/13439"}],"collection":[{"href":"https:\/\/blogsaverroes.juntadeandalucia.es\/iesmarquesdecomares\/wp-json\/wp\/v2\/posts"}],"about":[{"href":"https:\/\/blogsaverroes.juntadeandalucia.es\/iesmarquesdecomares\/wp-json\/wp\/v2\/types\/post"}],"author":[{"embeddable":true,"href":"https:\/\/blogsaverroes.juntadeandalucia.es\/iesmarquesdecomares\/wp-json\/wp\/v2\/users\/8171"}],"replies":[{"embeddable":true,"href":"https:\/\/blogsaverroes.juntadeandalucia.es\/iesmarquesdecomares\/wp-json\/wp\/v2\/comments?post=13439"}],"version-history":[{"count":1,"href":"https:\/\/blogsaverroes.juntadeandalucia.es\/iesmarquesdecomares\/wp-json\/wp\/v2\/posts\/13439\/revisions"}],"predecessor-version":[{"id":13441,"href":"https:\/\/blogsaverroes.juntadeandalucia.es\/iesmarquesdecomares\/wp-json\/wp\/v2\/posts\/13439\/revisions\/13441"}],"wp:featuredmedia":[{"embeddable":true,"href":"https:\/\/blogsaverroes.juntadeandalucia.es\/iesmarquesdecomares\/wp-json\/wp\/v2\/media\/13440"}],"wp:attachment":[{"href":"https:\/\/blogsaverroes.juntadeandalucia.es\/iesmarquesdecomares\/wp-json\/wp\/v2\/media?parent=13439"}],"wp:term":[{"taxonomy":"category","embeddable":true,"href":"https:\/\/blogsaverroes.juntadeandalucia.es\/iesmarquesdecomares\/wp-json\/wp\/v2\/categories?post=13439"},{"taxonomy":"post_tag","embeddable":true,"href":"https:\/\/blogsaverroes.juntadeandalucia.es\/iesmarquesdecomares\/wp-json\/wp\/v2\/tags?post=13439"}],"curies":[{"name":"wp","href":"https:\/\/api.w.org\/{rel}","templated":true}]}}