{"id":13501,"date":"2025-02-04T22:01:37","date_gmt":"2025-02-04T21:01:37","guid":{"rendered":"https:\/\/blogsaverroes.juntadeandalucia.es\/iesmarquesdecomares\/?p=13501"},"modified":"2025-02-04T22:02:39","modified_gmt":"2025-02-04T21:02:39","slug":"participacion-en-xx-olimpiada-de-biologia-2025","status":"publish","type":"post","link":"https:\/\/blogsaverroes.juntadeandalucia.es\/iesmarquesdecomares\/participacion-en-xx-olimpiada-de-biologia-2025\/","title":{"rendered":"Participaci\u00f3n en XX Olimpiada de Biolog\u00eda 2025"},"content":{"rendered":"<p>El pasado s\u00e1bado 1 de febrero, representantes de nuestro alumnado de 2\u00ba Bachillerato matriculado en la materia de Biolog\u00eda acudieron al Campus Universitario de Rabanales de la Universidad de C\u00f3rdoba<a href=\"https:\/\/blogsaverroes.juntadeandalucia.es\/iesmarquesdecomares\/files\/2025\/02\/Captura-de-pantalla-2025-02-04-215617.png\"><img fetchpriority=\"high\" decoding=\"async\" class=\" wp-image-13511 alignright\" src=\"https:\/\/blogsaverroes.juntadeandalucia.es\/iesmarquesdecomares\/files\/2025\/02\/Captura-de-pantalla-2025-02-04-215617-213x300.png\" alt=\"\" width=\"195\" height=\"274\" srcset=\"https:\/\/blogsaverroes.juntadeandalucia.es\/iesmarquesdecomares\/files\/2025\/02\/Captura-de-pantalla-2025-02-04-215617-213x300.png 213w, https:\/\/blogsaverroes.juntadeandalucia.es\/iesmarquesdecomares\/files\/2025\/02\/Captura-de-pantalla-2025-02-04-215617.png 661w\" sizes=\"(max-width: 195px) 100vw, 195px\" \/><\/a> (UCO) para participar en la Fase Auton\u00f3mica de la XX Olimpiada Espa\u00f1ola de Biolog\u00eda 2025. Estuvieron acompa\u00f1ados de su profesor de Biolog\u00eda as\u00ed como alumnado de otros centros de la localidad. La jornada consisti\u00f3 en una breve Ponencia titulada \u00ab<em>Microorganismos y plantas. Una relaci\u00f3n de amor-odio<\/em>\u00bb a cargo del Dr. Carlos Lucena Le\u00f3n, Profesor del Departamento de Bot\u00e1nica, Ecolog\u00eda y Fisiolog\u00eda Vegetal de la UCO&nbsp; seguida de una prueba escrita de 110 preguntas tipo test sobre los contenidos de Biolog\u00eda que se imparten desde 1\u00ba ESO hasta 2\u00ba Bachillerato. La Prueba se celebr\u00f3 simult\u00e1neamente en las diferentes sede auton\u00f3micas y tuvo una duraci\u00f3n de 2 horas. La Fase Nacional tendr\u00e1 lugar del 3 al 6 de abril de 2025, a celebrar en la Universidad de La Laguna (Tenerife) de forma presencial.&nbsp;<\/p>\n<p>\u00a1Enhorabuena a todos por su participaci\u00f3n y les deseamos unos buenos resultados!<\/p>\nngg_shortcode_0_placeholder\n","protected":false},"excerpt":{"rendered":"<p>El pasado s\u00e1bado 1 de febrero, representantes de nuestro alumnado de 2\u00ba Bachillerato matriculado en la materia de Biolog\u00eda acudieron al Campus Universitario de Rabanales de la Universidad de C\u00f3rdoba (UCO) para participar en&#46;&#46;&#46;<\/p>\n","protected":false},"author":356,"featured_media":13513,"comment_status":"closed","ping_status":"open","sticky":false,"template":"","format":"standard","meta":{"ngg_post_thumbnail":0,"footnotes":""},"categories":[1338933,1338920,25512,526],"tags":[],"aioseo_notices":[],"_links":{"self":[{"href":"https:\/\/blogsaverroes.juntadeandalucia.es\/iesmarquesdecomares\/wp-json\/wp\/v2\/posts\/13501"}],"collection":[{"href":"https:\/\/blogsaverroes.juntadeandalucia.es\/iesmarquesdecomares\/wp-json\/wp\/v2\/posts"}],"about":[{"href":"https:\/\/blogsaverroes.juntadeandalucia.es\/iesmarquesdecomares\/wp-json\/wp\/v2\/types\/post"}],"author":[{"embeddable":true,"href":"https:\/\/blogsaverroes.juntadeandalucia.es\/iesmarquesdecomares\/wp-json\/wp\/v2\/users\/356"}],"replies":[{"embeddable":true,"href":"https:\/\/blogsaverroes.juntadeandalucia.es\/iesmarquesdecomares\/wp-json\/wp\/v2\/comments?post=13501"}],"version-history":[{"count":1,"href":"https:\/\/blogsaverroes.juntadeandalucia.es\/iesmarquesdecomares\/wp-json\/wp\/v2\/posts\/13501\/revisions"}],"predecessor-version":[{"id":13514,"href":"https:\/\/blogsaverroes.juntadeandalucia.es\/iesmarquesdecomares\/wp-json\/wp\/v2\/posts\/13501\/revisions\/13514"}],"wp:featuredmedia":[{"embeddable":true,"href":"https:\/\/blogsaverroes.juntadeandalucia.es\/iesmarquesdecomares\/wp-json\/wp\/v2\/media\/13513"}],"wp:attachment":[{"href":"https:\/\/blogsaverroes.juntadeandalucia.es\/iesmarquesdecomares\/wp-json\/wp\/v2\/media?parent=13501"}],"wp:term":[{"taxonomy":"category","embeddable":true,"href":"https:\/\/blogsaverroes.juntadeandalucia.es\/iesmarquesdecomares\/wp-json\/wp\/v2\/categories?post=13501"},{"taxonomy":"post_tag","embeddable":true,"href":"https:\/\/blogsaverroes.juntadeandalucia.es\/iesmarquesdecomares\/wp-json\/wp\/v2\/tags?post=13501"}],"curies":[{"name":"wp","href":"https:\/\/api.w.org\/{rel}","templated":true}]}}