{"id":14126,"date":"2025-04-10T08:45:23","date_gmt":"2025-04-10T07:45:23","guid":{"rendered":"https:\/\/blogsaverroes.juntadeandalucia.es\/iesmarquesdecomares\/?p=14126"},"modified":"2025-04-10T08:45:23","modified_gmt":"2025-04-10T07:45:23","slug":"despedimos-a-nuestros-alumnos-de-intercambio-con-alemania","status":"publish","type":"post","link":"https:\/\/blogsaverroes.juntadeandalucia.es\/iesmarquesdecomares\/despedimos-a-nuestros-alumnos-de-intercambio-con-alemania\/","title":{"rendered":"Despedimos a nuestros alumnos de intercambio con Alemania"},"content":{"rendered":"<p class=\"\" data-start=\"618\" data-end=\"841\">El alumnado y profesorado alem\u00e1n que ha formado parte del intercambio con nuestro centro, en colaboraci\u00f3n con la ciudad de Filderstadt (sur de Alemania), se despidi\u00f3 tras una semana de convivencia y actividades compartidas.<\/p>\n<p class=\"\" data-start=\"843\" data-end=\"1172\">En esta edici\u00f3n han participado 18 estudiantes de 3.\u00ba de ESO de nuestro instituto y 4 alumnas del colegio La Pur\u00edsima. A lo largo de su estancia, los visitantes pudieron conocer la vida cotidiana de nuestras familias, asistir a clases y disfrutar de distintas actividades organizadas tanto dentro como fuera del centro educativo.<\/p>\n<p class=\"\" data-start=\"1174\" data-end=\"1441\">Este intercambio, que comenz\u00f3 el curso pasado, representa una oportunidad valiosa para el enriquecimiento cultural y personal del alumnado. En junio, nuestro centro realizar\u00e1 la visita de regreso a Alemania, completando as\u00ed esta experiencia educativa e intercultural.<\/p>\n\n\t\t<style>\n\t\t\t#gallery-1 {\n\t\t\t\tmargin: auto;\n\t\t\t}\n\t\t\t#gallery-1 .gallery-item {\n\t\t\t\tfloat: left;\n\t\t\t\tmargin-top: 10px;\n\t\t\t\ttext-align: center;\n\t\t\t\twidth: 33%;\n\t\t\t}\n\t\t\t#gallery-1 img {\n\t\t\t\tborder: 2px solid #cfcfcf;\n\t\t\t}\n\t\t\t#gallery-1 .gallery-caption {\n\t\t\t\tmargin-left: 0;\n\t\t\t}\n\t\t\t\/* see gallery_shortcode() in wp-includes\/media.php *\/\n\t\t<\/style>\n\t\t<div id='gallery-1' class='gallery galleryid-14126 gallery-columns-3 gallery-size-medium'><dl class='gallery-item'>\n\t\t\t<dt class='gallery-icon landscape'>\n\t\t\t\t<a href='https:\/\/blogsaverroes.juntadeandalucia.es\/iesmarquesdecomares\/despedimos-a-nuestros-alumnos-de-intercambio-con-alemania\/img-20250404-wa0021-rosa-maria-molina-lerida\/'><img fetchpriority=\"high\" decoding=\"async\" width=\"300\" height=\"225\" src=\"https:\/\/blogsaverroes.juntadeandalucia.es\/iesmarquesdecomares\/files\/2025\/04\/IMG-20250404-WA0021-Rosa-Maria-Molina-Lerida-300x225.jpg\" class=\"attachment-medium size-medium\" alt=\"\" srcset=\"https:\/\/blogsaverroes.juntadeandalucia.es\/iesmarquesdecomares\/files\/2025\/04\/IMG-20250404-WA0021-Rosa-Maria-Molina-Lerida-300x225.jpg 300w, https:\/\/blogsaverroes.juntadeandalucia.es\/iesmarquesdecomares\/files\/2025\/04\/IMG-20250404-WA0021-Rosa-Maria-Molina-Lerida-1024x768.jpg 1024w, https:\/\/blogsaverroes.juntadeandalucia.es\/iesmarquesdecomares\/files\/2025\/04\/IMG-20250404-WA0021-Rosa-Maria-Molina-Lerida-768x576.jpg 768w, https:\/\/blogsaverroes.juntadeandalucia.es\/iesmarquesdecomares\/files\/2025\/04\/IMG-20250404-WA0021-Rosa-Maria-Molina-Lerida-1536x1152.jpg 1536w, https:\/\/blogsaverroes.juntadeandalucia.es\/iesmarquesdecomares\/files\/2025\/04\/IMG-20250404-WA0021-Rosa-Maria-Molina-Lerida-2048x1536.jpg 2048w\" sizes=\"(max-width: 300px) 100vw, 300px\" \/><\/a>\n\t\t\t<\/dt><\/dl><dl class='gallery-item'>\n\t\t\t<dt class='gallery-icon landscape'>\n\t\t\t\t<a href='https:\/\/blogsaverroes.juntadeandalucia.es\/iesmarquesdecomares\/despedimos-a-nuestros-alumnos-de-intercambio-con-alemania\/img-20250404-wa0017-rosa-maria-molina-lerida\/'><img decoding=\"async\" width=\"300\" height=\"225\" src=\"https:\/\/blogsaverroes.juntadeandalucia.es\/iesmarquesdecomares\/files\/2025\/04\/IMG-20250404-WA0017-Rosa-Maria-Molina-Lerida-300x225.jpg\" class=\"attachment-medium size-medium\" alt=\"\" srcset=\"https:\/\/blogsaverroes.juntadeandalucia.es\/iesmarquesdecomares\/files\/2025\/04\/IMG-20250404-WA0017-Rosa-Maria-Molina-Lerida-300x225.jpg 300w, https:\/\/blogsaverroes.juntadeandalucia.es\/iesmarquesdecomares\/files\/2025\/04\/IMG-20250404-WA0017-Rosa-Maria-Molina-Lerida-1024x768.jpg 1024w, https:\/\/blogsaverroes.juntadeandalucia.es\/iesmarquesdecomares\/files\/2025\/04\/IMG-20250404-WA0017-Rosa-Maria-Molina-Lerida-768x576.jpg 768w, https:\/\/blogsaverroes.juntadeandalucia.es\/iesmarquesdecomares\/files\/2025\/04\/IMG-20250404-WA0017-Rosa-Maria-Molina-Lerida-1536x1152.jpg 1536w, https:\/\/blogsaverroes.juntadeandalucia.es\/iesmarquesdecomares\/files\/2025\/04\/IMG-20250404-WA0017-Rosa-Maria-Molina-Lerida-2048x1536.jpg 2048w\" sizes=\"(max-width: 300px) 100vw, 300px\" \/><\/a>\n\t\t\t<\/dt><\/dl><dl class='gallery-item'>\n\t\t\t<dt class='gallery-icon landscape'>\n\t\t\t\t<a href='https:\/\/blogsaverroes.juntadeandalucia.es\/iesmarquesdecomares\/despedimos-a-nuestros-alumnos-de-intercambio-con-alemania\/img-20250401-wa0007-rosa-maria-molina-lerida\/'><img decoding=\"async\" width=\"300\" height=\"169\" src=\"https:\/\/blogsaverroes.juntadeandalucia.es\/iesmarquesdecomares\/files\/2025\/04\/IMG-20250401-WA0007-Rosa-Maria-Molina-Lerida-300x169.jpg\" class=\"attachment-medium size-medium\" alt=\"\" srcset=\"https:\/\/blogsaverroes.juntadeandalucia.es\/iesmarquesdecomares\/files\/2025\/04\/IMG-20250401-WA0007-Rosa-Maria-Molina-Lerida-300x169.jpg 300w, https:\/\/blogsaverroes.juntadeandalucia.es\/iesmarquesdecomares\/files\/2025\/04\/IMG-20250401-WA0007-Rosa-Maria-Molina-Lerida-1024x576.jpg 1024w, https:\/\/blogsaverroes.juntadeandalucia.es\/iesmarquesdecomares\/files\/2025\/04\/IMG-20250401-WA0007-Rosa-Maria-Molina-Lerida-768x432.jpg 768w, https:\/\/blogsaverroes.juntadeandalucia.es\/iesmarquesdecomares\/files\/2025\/04\/IMG-20250401-WA0007-Rosa-Maria-Molina-Lerida-1536x864.jpg 1536w, https:\/\/blogsaverroes.juntadeandalucia.es\/iesmarquesdecomares\/files\/2025\/04\/IMG-20250401-WA0007-Rosa-Maria-Molina-Lerida-2048x1152.jpg 2048w\" sizes=\"(max-width: 300px) 100vw, 300px\" \/><\/a>\n\t\t\t<\/dt><\/dl><br style=\"clear: both\" \/><dl class='gallery-item'>\n\t\t\t<dt class='gallery-icon portrait'>\n\t\t\t\t<a href='https:\/\/blogsaverroes.juntadeandalucia.es\/iesmarquesdecomares\/despedimos-a-nuestros-alumnos-de-intercambio-con-alemania\/20250401_104810-rosa-maria-molina-lerida\/'><img loading=\"lazy\" decoding=\"async\" width=\"231\" height=\"300\" src=\"https:\/\/blogsaverroes.juntadeandalucia.es\/iesmarquesdecomares\/files\/2025\/04\/20250401_104810-Rosa-Maria-Molina-Lerida-231x300.jpg\" class=\"attachment-medium size-medium\" alt=\"\" srcset=\"https:\/\/blogsaverroes.juntadeandalucia.es\/iesmarquesdecomares\/files\/2025\/04\/20250401_104810-Rosa-Maria-Molina-Lerida-231x300.jpg 231w, https:\/\/blogsaverroes.juntadeandalucia.es\/iesmarquesdecomares\/files\/2025\/04\/20250401_104810-Rosa-Maria-Molina-Lerida-790x1024.jpg 790w, https:\/\/blogsaverroes.juntadeandalucia.es\/iesmarquesdecomares\/files\/2025\/04\/20250401_104810-Rosa-Maria-Molina-Lerida-768x996.jpg 768w, https:\/\/blogsaverroes.juntadeandalucia.es\/iesmarquesdecomares\/files\/2025\/04\/20250401_104810-Rosa-Maria-Molina-Lerida-1185x1536.jpg 1185w, https:\/\/blogsaverroes.juntadeandalucia.es\/iesmarquesdecomares\/files\/2025\/04\/20250401_104810-Rosa-Maria-Molina-Lerida-1580x2048.jpg 1580w, https:\/\/blogsaverroes.juntadeandalucia.es\/iesmarquesdecomares\/files\/2025\/04\/20250401_104810-Rosa-Maria-Molina-Lerida-scaled.jpg 1974w\" sizes=\"(max-width: 231px) 100vw, 231px\" \/><\/a>\n\t\t\t<\/dt><\/dl><dl class='gallery-item'>\n\t\t\t<dt class='gallery-icon landscape'>\n\t\t\t\t<a href='https:\/\/blogsaverroes.juntadeandalucia.es\/iesmarquesdecomares\/despedimos-a-nuestros-alumnos-de-intercambio-con-alemania\/20250402_113208-rosa-maria-molina-lerida\/'><img loading=\"lazy\" decoding=\"async\" width=\"300\" height=\"225\" src=\"https:\/\/blogsaverroes.juntadeandalucia.es\/iesmarquesdecomares\/files\/2025\/04\/20250402_113208-Rosa-Maria-Molina-Lerida-300x225.jpg\" class=\"attachment-medium size-medium\" alt=\"\" srcset=\"https:\/\/blogsaverroes.juntadeandalucia.es\/iesmarquesdecomares\/files\/2025\/04\/20250402_113208-Rosa-Maria-Molina-Lerida-300x225.jpg 300w, https:\/\/blogsaverroes.juntadeandalucia.es\/iesmarquesdecomares\/files\/2025\/04\/20250402_113208-Rosa-Maria-Molina-Lerida-1024x768.jpg 1024w, https:\/\/blogsaverroes.juntadeandalucia.es\/iesmarquesdecomares\/files\/2025\/04\/20250402_113208-Rosa-Maria-Molina-Lerida-768x576.jpg 768w, https:\/\/blogsaverroes.juntadeandalucia.es\/iesmarquesdecomares\/files\/2025\/04\/20250402_113208-Rosa-Maria-Molina-Lerida-1536x1152.jpg 1536w, https:\/\/blogsaverroes.juntadeandalucia.es\/iesmarquesdecomares\/files\/2025\/04\/20250402_113208-Rosa-Maria-Molina-Lerida-2048x1536.jpg 2048w\" sizes=\"(max-width: 300px) 100vw, 300px\" \/><\/a>\n\t\t\t<\/dt><\/dl><dl class='gallery-item'>\n\t\t\t<dt class='gallery-icon landscape'>\n\t\t\t\t<a href='https:\/\/blogsaverroes.juntadeandalucia.es\/iesmarquesdecomares\/despedimos-a-nuestros-alumnos-de-intercambio-con-alemania\/20250402_140720-rosa-maria-molina-lerida\/'><img loading=\"lazy\" decoding=\"async\" width=\"300\" height=\"199\" src=\"https:\/\/blogsaverroes.juntadeandalucia.es\/iesmarquesdecomares\/files\/2025\/04\/20250402_140720-Rosa-Maria-Molina-Lerida-300x199.jpg\" class=\"attachment-medium size-medium\" alt=\"\" srcset=\"https:\/\/blogsaverroes.juntadeandalucia.es\/iesmarquesdecomares\/files\/2025\/04\/20250402_140720-Rosa-Maria-Molina-Lerida-300x199.jpg 300w, https:\/\/blogsaverroes.juntadeandalucia.es\/iesmarquesdecomares\/files\/2025\/04\/20250402_140720-Rosa-Maria-Molina-Lerida-1024x678.jpg 1024w, https:\/\/blogsaverroes.juntadeandalucia.es\/iesmarquesdecomares\/files\/2025\/04\/20250402_140720-Rosa-Maria-Molina-Lerida-768x509.jpg 768w, https:\/\/blogsaverroes.juntadeandalucia.es\/iesmarquesdecomares\/files\/2025\/04\/20250402_140720-Rosa-Maria-Molina-Lerida-1536x1017.jpg 1536w, https:\/\/blogsaverroes.juntadeandalucia.es\/iesmarquesdecomares\/files\/2025\/04\/20250402_140720-Rosa-Maria-Molina-Lerida-2048x1356.jpg 2048w\" sizes=\"(max-width: 300px) 100vw, 300px\" \/><\/a>\n\t\t\t<\/dt><\/dl><br style=\"clear: both\" \/><dl class='gallery-item'>\n\t\t\t<dt class='gallery-icon landscape'>\n\t\t\t\t<a href='https:\/\/blogsaverroes.juntadeandalucia.es\/iesmarquesdecomares\/despedimos-a-nuestros-alumnos-de-intercambio-con-alemania\/20250401_132135-rosa-maria-molina-lerida\/'><img loading=\"lazy\" decoding=\"async\" width=\"300\" height=\"225\" src=\"https:\/\/blogsaverroes.juntadeandalucia.es\/iesmarquesdecomares\/files\/2025\/04\/20250401_132135-Rosa-Maria-Molina-Lerida-300x225.jpg\" class=\"attachment-medium size-medium\" alt=\"\" srcset=\"https:\/\/blogsaverroes.juntadeandalucia.es\/iesmarquesdecomares\/files\/2025\/04\/20250401_132135-Rosa-Maria-Molina-Lerida-300x225.jpg 300w, https:\/\/blogsaverroes.juntadeandalucia.es\/iesmarquesdecomares\/files\/2025\/04\/20250401_132135-Rosa-Maria-Molina-Lerida-1024x768.jpg 1024w, https:\/\/blogsaverroes.juntadeandalucia.es\/iesmarquesdecomares\/files\/2025\/04\/20250401_132135-Rosa-Maria-Molina-Lerida-768x576.jpg 768w, https:\/\/blogsaverroes.juntadeandalucia.es\/iesmarquesdecomares\/files\/2025\/04\/20250401_132135-Rosa-Maria-Molina-Lerida-1536x1152.jpg 1536w, https:\/\/blogsaverroes.juntadeandalucia.es\/iesmarquesdecomares\/files\/2025\/04\/20250401_132135-Rosa-Maria-Molina-Lerida-2048x1536.jpg 2048w\" sizes=\"(max-width: 300px) 100vw, 300px\" \/><\/a>\n\t\t\t<\/dt><\/dl><dl class='gallery-item'>\n\t\t\t<dt class='gallery-icon landscape'>\n\t\t\t\t<a href='https:\/\/blogsaverroes.juntadeandalucia.es\/iesmarquesdecomares\/despedimos-a-nuestros-alumnos-de-intercambio-con-alemania\/20250401_120842-rosa-maria-molina-lerida\/'><img loading=\"lazy\" decoding=\"async\" width=\"300\" height=\"225\" src=\"https:\/\/blogsaverroes.juntadeandalucia.es\/iesmarquesdecomares\/files\/2025\/04\/20250401_120842-Rosa-Maria-Molina-Lerida-300x225.jpg\" class=\"attachment-medium size-medium\" alt=\"\" srcset=\"https:\/\/blogsaverroes.juntadeandalucia.es\/iesmarquesdecomares\/files\/2025\/04\/20250401_120842-Rosa-Maria-Molina-Lerida-300x225.jpg 300w, https:\/\/blogsaverroes.juntadeandalucia.es\/iesmarquesdecomares\/files\/2025\/04\/20250401_120842-Rosa-Maria-Molina-Lerida-1024x768.jpg 1024w, https:\/\/blogsaverroes.juntadeandalucia.es\/iesmarquesdecomares\/files\/2025\/04\/20250401_120842-Rosa-Maria-Molina-Lerida-768x576.jpg 768w, https:\/\/blogsaverroes.juntadeandalucia.es\/iesmarquesdecomares\/files\/2025\/04\/20250401_120842-Rosa-Maria-Molina-Lerida-1536x1152.jpg 1536w, https:\/\/blogsaverroes.juntadeandalucia.es\/iesmarquesdecomares\/files\/2025\/04\/20250401_120842-Rosa-Maria-Molina-Lerida-2048x1536.jpg 2048w\" sizes=\"(max-width: 300px) 100vw, 300px\" \/><\/a>\n\t\t\t<\/dt><\/dl><dl class='gallery-item'>\n\t\t\t<dt class='gallery-icon portrait'>\n\t\t\t\t<a href='https:\/\/blogsaverroes.juntadeandalucia.es\/iesmarquesdecomares\/despedimos-a-nuestros-alumnos-de-intercambio-con-alemania\/20250401_100443-rosa-maria-molina-lerida\/'><img loading=\"lazy\" decoding=\"async\" width=\"225\" height=\"300\" src=\"https:\/\/blogsaverroes.juntadeandalucia.es\/iesmarquesdecomares\/files\/2025\/04\/20250401_100443-Rosa-Maria-Molina-Lerida-225x300.jpg\" class=\"attachment-medium size-medium\" alt=\"\" srcset=\"https:\/\/blogsaverroes.juntadeandalucia.es\/iesmarquesdecomares\/files\/2025\/04\/20250401_100443-Rosa-Maria-Molina-Lerida-225x300.jpg 225w, https:\/\/blogsaverroes.juntadeandalucia.es\/iesmarquesdecomares\/files\/2025\/04\/20250401_100443-Rosa-Maria-Molina-Lerida-768x1024.jpg 768w, https:\/\/blogsaverroes.juntadeandalucia.es\/iesmarquesdecomares\/files\/2025\/04\/20250401_100443-Rosa-Maria-Molina-Lerida-1152x1536.jpg 1152w, https:\/\/blogsaverroes.juntadeandalucia.es\/iesmarquesdecomares\/files\/2025\/04\/20250401_100443-Rosa-Maria-Molina-Lerida-1536x2048.jpg 1536w, https:\/\/blogsaverroes.juntadeandalucia.es\/iesmarquesdecomares\/files\/2025\/04\/20250401_100443-Rosa-Maria-Molina-Lerida-scaled.jpg 1920w\" sizes=\"(max-width: 225px) 100vw, 225px\" \/><\/a>\n\t\t\t<\/dt><\/dl><br style=\"clear: both\" \/><dl class='gallery-item'>\n\t\t\t<dt class='gallery-icon landscape'>\n\t\t\t\t<a href='https:\/\/blogsaverroes.juntadeandalucia.es\/iesmarquesdecomares\/despedimos-a-nuestros-alumnos-de-intercambio-con-alemania\/20250401_102910-rosa-maria-molina-lerida\/'><img loading=\"lazy\" decoding=\"async\" width=\"300\" height=\"225\" src=\"https:\/\/blogsaverroes.juntadeandalucia.es\/iesmarquesdecomares\/files\/2025\/04\/20250401_102910-Rosa-Maria-Molina-Lerida-300x225.jpg\" class=\"attachment-medium size-medium\" alt=\"\" srcset=\"https:\/\/blogsaverroes.juntadeandalucia.es\/iesmarquesdecomares\/files\/2025\/04\/20250401_102910-Rosa-Maria-Molina-Lerida-300x225.jpg 300w, https:\/\/blogsaverroes.juntadeandalucia.es\/iesmarquesdecomares\/files\/2025\/04\/20250401_102910-Rosa-Maria-Molina-Lerida-1024x768.jpg 1024w, https:\/\/blogsaverroes.juntadeandalucia.es\/iesmarquesdecomares\/files\/2025\/04\/20250401_102910-Rosa-Maria-Molina-Lerida-768x576.jpg 768w, https:\/\/blogsaverroes.juntadeandalucia.es\/iesmarquesdecomares\/files\/2025\/04\/20250401_102910-Rosa-Maria-Molina-Lerida-1536x1152.jpg 1536w, https:\/\/blogsaverroes.juntadeandalucia.es\/iesmarquesdecomares\/files\/2025\/04\/20250401_102910-Rosa-Maria-Molina-Lerida-2048x1536.jpg 2048w\" sizes=\"(max-width: 300px) 100vw, 300px\" \/><\/a>\n\t\t\t<\/dt><\/dl>\n\t\t\t<br style='clear: both' \/>\n\t\t<\/div>\n\n","protected":false},"excerpt":{"rendered":"<p>El alumnado y profesorado alem\u00e1n que ha formado parte del intercambio con nuestro centro, en colaboraci\u00f3n con la ciudad de Filderstadt (sur de Alemania), se despidi\u00f3 tras una semana de convivencia y actividades compartidas.&#46;&#46;&#46;<\/p>\n","protected":false},"author":8171,"featured_media":14129,"comment_status":"closed","ping_status":"open","sticky":false,"template":"","format":"standard","meta":{"ngg_post_thumbnail":0,"footnotes":""},"categories":[1338933],"tags":[],"aioseo_notices":[],"_links":{"self":[{"href":"https:\/\/blogsaverroes.juntadeandalucia.es\/iesmarquesdecomares\/wp-json\/wp\/v2\/posts\/14126"}],"collection":[{"href":"https:\/\/blogsaverroes.juntadeandalucia.es\/iesmarquesdecomares\/wp-json\/wp\/v2\/posts"}],"about":[{"href":"https:\/\/blogsaverroes.juntadeandalucia.es\/iesmarquesdecomares\/wp-json\/wp\/v2\/types\/post"}],"author":[{"embeddable":true,"href":"https:\/\/blogsaverroes.juntadeandalucia.es\/iesmarquesdecomares\/wp-json\/wp\/v2\/users\/8171"}],"replies":[{"embeddable":true,"href":"https:\/\/blogsaverroes.juntadeandalucia.es\/iesmarquesdecomares\/wp-json\/wp\/v2\/comments?post=14126"}],"version-history":[{"count":1,"href":"https:\/\/blogsaverroes.juntadeandalucia.es\/iesmarquesdecomares\/wp-json\/wp\/v2\/posts\/14126\/revisions"}],"predecessor-version":[{"id":14137,"href":"https:\/\/blogsaverroes.juntadeandalucia.es\/iesmarquesdecomares\/wp-json\/wp\/v2\/posts\/14126\/revisions\/14137"}],"wp:featuredmedia":[{"embeddable":true,"href":"https:\/\/blogsaverroes.juntadeandalucia.es\/iesmarquesdecomares\/wp-json\/wp\/v2\/media\/14129"}],"wp:attachment":[{"href":"https:\/\/blogsaverroes.juntadeandalucia.es\/iesmarquesdecomares\/wp-json\/wp\/v2\/media?parent=14126"}],"wp:term":[{"taxonomy":"category","embeddable":true,"href":"https:\/\/blogsaverroes.juntadeandalucia.es\/iesmarquesdecomares\/wp-json\/wp\/v2\/categories?post=14126"},{"taxonomy":"post_tag","embeddable":true,"href":"https:\/\/blogsaverroes.juntadeandalucia.es\/iesmarquesdecomares\/wp-json\/wp\/v2\/tags?post=14126"}],"curies":[{"name":"wp","href":"https:\/\/api.w.org\/{rel}","templated":true}]}}