{"id":14138,"date":"2025-04-10T08:48:19","date_gmt":"2025-04-10T07:48:19","guid":{"rendered":"https:\/\/blogsaverroes.juntadeandalucia.es\/iesmarquesdecomares\/?p=14138"},"modified":"2025-04-10T08:48:19","modified_gmt":"2025-04-10T07:48:19","slug":"el-alumnado-del-centro-participa-en-la-ii-marcha-saludable-por-lucena","status":"publish","type":"post","link":"https:\/\/blogsaverroes.juntadeandalucia.es\/iesmarquesdecomares\/el-alumnado-del-centro-participa-en-la-ii-marcha-saludable-por-lucena\/","title":{"rendered":"El alumnado del centro participa en la II Marcha saludable por Lucena"},"content":{"rendered":"<p>Alrededor de un millar de estudiantes de distintos centros educativos participaron en la II Marcha saludable por Lucena, una iniciativa enmarcada en la conmemoraci\u00f3n del D\u00eda Mundial de la Salud. En esta actividad estuvieron presentes el alumnado de 1\u00ba de ESO y del Aula Espec\u00edfica de nuestro centro, que se sumaron a la jornada con mensajes sobre h\u00e1bitos saludables, la lectura de un manifiesto y una yincana organizada en el Parque Europa.<br data-start=\"1438\" data-end=\"1441\">Este tipo de iniciativas buscan fomentar la reflexi\u00f3n sobre el bienestar f\u00edsico y mental desde la comunidad educativa, promoviendo la participaci\u00f3n activa del alumnado en entornos saludables.<\/p>\n\n\t\t<style>\n\t\t\t#gallery-1 {\n\t\t\t\tmargin: auto;\n\t\t\t}\n\t\t\t#gallery-1 .gallery-item {\n\t\t\t\tfloat: left;\n\t\t\t\tmargin-top: 10px;\n\t\t\t\ttext-align: center;\n\t\t\t\twidth: 33%;\n\t\t\t}\n\t\t\t#gallery-1 img {\n\t\t\t\tborder: 2px solid #cfcfcf;\n\t\t\t}\n\t\t\t#gallery-1 .gallery-caption {\n\t\t\t\tmargin-left: 0;\n\t\t\t}\n\t\t\t\/* see gallery_shortcode() in wp-includes\/media.php *\/\n\t\t<\/style>\n\t\t<div id='gallery-1' class='gallery galleryid-14138 gallery-columns-3 gallery-size-medium'><dl class='gallery-item'>\n\t\t\t<dt class='gallery-icon landscape'>\n\t\t\t\t<a href='https:\/\/blogsaverroes.juntadeandalucia.es\/iesmarquesdecomares\/el-alumnado-del-centro-participa-en-la-ii-marcha-saludable-por-lucena\/1744229276498-silvia-jimenez-molina\/'><img fetchpriority=\"high\" decoding=\"async\" width=\"300\" height=\"226\" src=\"https:\/\/blogsaverroes.juntadeandalucia.es\/iesmarquesdecomares\/files\/2025\/04\/1744229276498-Silvia-Jimenez-Molina-300x226.jpg\" class=\"attachment-medium size-medium\" alt=\"\" srcset=\"https:\/\/blogsaverroes.juntadeandalucia.es\/iesmarquesdecomares\/files\/2025\/04\/1744229276498-Silvia-Jimenez-Molina-300x226.jpg 300w, https:\/\/blogsaverroes.juntadeandalucia.es\/iesmarquesdecomares\/files\/2025\/04\/1744229276498-Silvia-Jimenez-Molina-1024x771.jpg 1024w, https:\/\/blogsaverroes.juntadeandalucia.es\/iesmarquesdecomares\/files\/2025\/04\/1744229276498-Silvia-Jimenez-Molina-768x578.jpg 768w, https:\/\/blogsaverroes.juntadeandalucia.es\/iesmarquesdecomares\/files\/2025\/04\/1744229276498-Silvia-Jimenez-Molina-1536x1157.jpg 1536w, https:\/\/blogsaverroes.juntadeandalucia.es\/iesmarquesdecomares\/files\/2025\/04\/1744229276498-Silvia-Jimenez-Molina-2048x1542.jpg 2048w\" sizes=\"(max-width: 300px) 100vw, 300px\" \/><\/a>\n\t\t\t<\/dt><\/dl><dl class='gallery-item'>\n\t\t\t<dt class='gallery-icon landscape'>\n\t\t\t\t<a href='https:\/\/blogsaverroes.juntadeandalucia.es\/iesmarquesdecomares\/el-alumnado-del-centro-participa-en-la-ii-marcha-saludable-por-lucena\/1744229276528-silvia-jimenez-molina\/'><img decoding=\"async\" width=\"300\" height=\"226\" src=\"https:\/\/blogsaverroes.juntadeandalucia.es\/iesmarquesdecomares\/files\/2025\/04\/1744229276528-Silvia-Jimenez-Molina-300x226.jpg\" class=\"attachment-medium size-medium\" alt=\"\" srcset=\"https:\/\/blogsaverroes.juntadeandalucia.es\/iesmarquesdecomares\/files\/2025\/04\/1744229276528-Silvia-Jimenez-Molina-300x226.jpg 300w, https:\/\/blogsaverroes.juntadeandalucia.es\/iesmarquesdecomares\/files\/2025\/04\/1744229276528-Silvia-Jimenez-Molina-1024x771.jpg 1024w, https:\/\/blogsaverroes.juntadeandalucia.es\/iesmarquesdecomares\/files\/2025\/04\/1744229276528-Silvia-Jimenez-Molina-768x578.jpg 768w, https:\/\/blogsaverroes.juntadeandalucia.es\/iesmarquesdecomares\/files\/2025\/04\/1744229276528-Silvia-Jimenez-Molina-1536x1157.jpg 1536w, https:\/\/blogsaverroes.juntadeandalucia.es\/iesmarquesdecomares\/files\/2025\/04\/1744229276528-Silvia-Jimenez-Molina-2048x1542.jpg 2048w\" sizes=\"(max-width: 300px) 100vw, 300px\" \/><\/a>\n\t\t\t<\/dt><\/dl><dl class='gallery-item'>\n\t\t\t<dt class='gallery-icon landscape'>\n\t\t\t\t<a href='https:\/\/blogsaverroes.juntadeandalucia.es\/iesmarquesdecomares\/el-alumnado-del-centro-participa-en-la-ii-marcha-saludable-por-lucena\/img_20250407_124356-silvia-jimenez-molina\/'><img decoding=\"async\" width=\"300\" height=\"226\" src=\"https:\/\/blogsaverroes.juntadeandalucia.es\/iesmarquesdecomares\/files\/2025\/04\/IMG_20250407_124356-Silvia-Jimenez-Molina-300x226.jpg\" class=\"attachment-medium size-medium\" alt=\"\" srcset=\"https:\/\/blogsaverroes.juntadeandalucia.es\/iesmarquesdecomares\/files\/2025\/04\/IMG_20250407_124356-Silvia-Jimenez-Molina-300x226.jpg 300w, https:\/\/blogsaverroes.juntadeandalucia.es\/iesmarquesdecomares\/files\/2025\/04\/IMG_20250407_124356-Silvia-Jimenez-Molina-1024x771.jpg 1024w, https:\/\/blogsaverroes.juntadeandalucia.es\/iesmarquesdecomares\/files\/2025\/04\/IMG_20250407_124356-Silvia-Jimenez-Molina-768x578.jpg 768w, https:\/\/blogsaverroes.juntadeandalucia.es\/iesmarquesdecomares\/files\/2025\/04\/IMG_20250407_124356-Silvia-Jimenez-Molina-1536x1157.jpg 1536w, https:\/\/blogsaverroes.juntadeandalucia.es\/iesmarquesdecomares\/files\/2025\/04\/IMG_20250407_124356-Silvia-Jimenez-Molina-2048x1542.jpg 2048w\" sizes=\"(max-width: 300px) 100vw, 300px\" \/><\/a>\n\t\t\t<\/dt><\/dl><br style=\"clear: both\" \/><dl class='gallery-item'>\n\t\t\t<dt class='gallery-icon landscape'>\n\t\t\t\t<a href='https:\/\/blogsaverroes.juntadeandalucia.es\/iesmarquesdecomares\/el-alumnado-del-centro-participa-en-la-ii-marcha-saludable-por-lucena\/1744229276622-silvia-jimenez-molina\/'><img loading=\"lazy\" decoding=\"async\" width=\"300\" height=\"226\" src=\"https:\/\/blogsaverroes.juntadeandalucia.es\/iesmarquesdecomares\/files\/2025\/04\/1744229276622-Silvia-Jimenez-Molina-300x226.jpg\" class=\"attachment-medium size-medium\" alt=\"\" srcset=\"https:\/\/blogsaverroes.juntadeandalucia.es\/iesmarquesdecomares\/files\/2025\/04\/1744229276622-Silvia-Jimenez-Molina-300x226.jpg 300w, https:\/\/blogsaverroes.juntadeandalucia.es\/iesmarquesdecomares\/files\/2025\/04\/1744229276622-Silvia-Jimenez-Molina-1024x771.jpg 1024w, https:\/\/blogsaverroes.juntadeandalucia.es\/iesmarquesdecomares\/files\/2025\/04\/1744229276622-Silvia-Jimenez-Molina-768x578.jpg 768w, https:\/\/blogsaverroes.juntadeandalucia.es\/iesmarquesdecomares\/files\/2025\/04\/1744229276622-Silvia-Jimenez-Molina-1536x1157.jpg 1536w, https:\/\/blogsaverroes.juntadeandalucia.es\/iesmarquesdecomares\/files\/2025\/04\/1744229276622-Silvia-Jimenez-Molina-2048x1542.jpg 2048w\" sizes=\"(max-width: 300px) 100vw, 300px\" \/><\/a>\n\t\t\t<\/dt><\/dl><dl class='gallery-item'>\n\t\t\t<dt class='gallery-icon landscape'>\n\t\t\t\t<a href='https:\/\/blogsaverroes.juntadeandalucia.es\/iesmarquesdecomares\/el-alumnado-del-centro-participa-en-la-ii-marcha-saludable-por-lucena\/1744229276484-silvia-jimenez-molina\/'><img loading=\"lazy\" decoding=\"async\" width=\"300\" height=\"226\" src=\"https:\/\/blogsaverroes.juntadeandalucia.es\/iesmarquesdecomares\/files\/2025\/04\/1744229276484-Silvia-Jimenez-Molina-300x226.jpg\" class=\"attachment-medium size-medium\" alt=\"\" srcset=\"https:\/\/blogsaverroes.juntadeandalucia.es\/iesmarquesdecomares\/files\/2025\/04\/1744229276484-Silvia-Jimenez-Molina-300x226.jpg 300w, https:\/\/blogsaverroes.juntadeandalucia.es\/iesmarquesdecomares\/files\/2025\/04\/1744229276484-Silvia-Jimenez-Molina-1024x771.jpg 1024w, https:\/\/blogsaverroes.juntadeandalucia.es\/iesmarquesdecomares\/files\/2025\/04\/1744229276484-Silvia-Jimenez-Molina-768x578.jpg 768w, https:\/\/blogsaverroes.juntadeandalucia.es\/iesmarquesdecomares\/files\/2025\/04\/1744229276484-Silvia-Jimenez-Molina-1536x1157.jpg 1536w, https:\/\/blogsaverroes.juntadeandalucia.es\/iesmarquesdecomares\/files\/2025\/04\/1744229276484-Silvia-Jimenez-Molina-2048x1542.jpg 2048w\" sizes=\"(max-width: 300px) 100vw, 300px\" \/><\/a>\n\t\t\t<\/dt><\/dl><dl class='gallery-item'>\n\t\t\t<dt class='gallery-icon landscape'>\n\t\t\t\t<a href='https:\/\/blogsaverroes.juntadeandalucia.es\/iesmarquesdecomares\/el-alumnado-del-centro-participa-en-la-ii-marcha-saludable-por-lucena\/1744229276498-silvia-jimenez-molina-2\/'><img loading=\"lazy\" decoding=\"async\" width=\"300\" height=\"226\" src=\"https:\/\/blogsaverroes.juntadeandalucia.es\/iesmarquesdecomares\/files\/2025\/04\/1744229276498-Silvia-Jimenez-Molina-1-300x226.jpg\" class=\"attachment-medium size-medium\" alt=\"\" srcset=\"https:\/\/blogsaverroes.juntadeandalucia.es\/iesmarquesdecomares\/files\/2025\/04\/1744229276498-Silvia-Jimenez-Molina-1-300x226.jpg 300w, https:\/\/blogsaverroes.juntadeandalucia.es\/iesmarquesdecomares\/files\/2025\/04\/1744229276498-Silvia-Jimenez-Molina-1-1024x771.jpg 1024w, https:\/\/blogsaverroes.juntadeandalucia.es\/iesmarquesdecomares\/files\/2025\/04\/1744229276498-Silvia-Jimenez-Molina-1-768x578.jpg 768w, https:\/\/blogsaverroes.juntadeandalucia.es\/iesmarquesdecomares\/files\/2025\/04\/1744229276498-Silvia-Jimenez-Molina-1-1536x1157.jpg 1536w, https:\/\/blogsaverroes.juntadeandalucia.es\/iesmarquesdecomares\/files\/2025\/04\/1744229276498-Silvia-Jimenez-Molina-1-2048x1542.jpg 2048w\" sizes=\"(max-width: 300px) 100vw, 300px\" \/><\/a>\n\t\t\t<\/dt><\/dl><br style=\"clear: both\" \/><dl class='gallery-item'>\n\t\t\t<dt class='gallery-icon landscape'>\n\t\t\t\t<a href='https:\/\/blogsaverroes.juntadeandalucia.es\/iesmarquesdecomares\/el-alumnado-del-centro-participa-en-la-ii-marcha-saludable-por-lucena\/1744229276528-silvia-jimenez-molina-2\/'><img loading=\"lazy\" decoding=\"async\" width=\"300\" height=\"226\" src=\"https:\/\/blogsaverroes.juntadeandalucia.es\/iesmarquesdecomares\/files\/2025\/04\/1744229276528-Silvia-Jimenez-Molina-1-300x226.jpg\" class=\"attachment-medium size-medium\" alt=\"\" srcset=\"https:\/\/blogsaverroes.juntadeandalucia.es\/iesmarquesdecomares\/files\/2025\/04\/1744229276528-Silvia-Jimenez-Molina-1-300x226.jpg 300w, https:\/\/blogsaverroes.juntadeandalucia.es\/iesmarquesdecomares\/files\/2025\/04\/1744229276528-Silvia-Jimenez-Molina-1-1024x771.jpg 1024w, https:\/\/blogsaverroes.juntadeandalucia.es\/iesmarquesdecomares\/files\/2025\/04\/1744229276528-Silvia-Jimenez-Molina-1-768x578.jpg 768w, https:\/\/blogsaverroes.juntadeandalucia.es\/iesmarquesdecomares\/files\/2025\/04\/1744229276528-Silvia-Jimenez-Molina-1-1536x1157.jpg 1536w, https:\/\/blogsaverroes.juntadeandalucia.es\/iesmarquesdecomares\/files\/2025\/04\/1744229276528-Silvia-Jimenez-Molina-1-2048x1542.jpg 2048w\" sizes=\"(max-width: 300px) 100vw, 300px\" \/><\/a>\n\t\t\t<\/dt><\/dl><dl class='gallery-item'>\n\t\t\t<dt class='gallery-icon landscape'>\n\t\t\t\t<a href='https:\/\/blogsaverroes.juntadeandalucia.es\/iesmarquesdecomares\/el-alumnado-del-centro-participa-en-la-ii-marcha-saludable-por-lucena\/img_20250407_124356-silvia-jimenez-molina-2\/'><img loading=\"lazy\" decoding=\"async\" width=\"300\" height=\"226\" src=\"https:\/\/blogsaverroes.juntadeandalucia.es\/iesmarquesdecomares\/files\/2025\/04\/IMG_20250407_124356-Silvia-Jimenez-Molina-1-300x226.jpg\" class=\"attachment-medium size-medium\" alt=\"\" srcset=\"https:\/\/blogsaverroes.juntadeandalucia.es\/iesmarquesdecomares\/files\/2025\/04\/IMG_20250407_124356-Silvia-Jimenez-Molina-1-300x226.jpg 300w, https:\/\/blogsaverroes.juntadeandalucia.es\/iesmarquesdecomares\/files\/2025\/04\/IMG_20250407_124356-Silvia-Jimenez-Molina-1-1024x771.jpg 1024w, https:\/\/blogsaverroes.juntadeandalucia.es\/iesmarquesdecomares\/files\/2025\/04\/IMG_20250407_124356-Silvia-Jimenez-Molina-1-768x578.jpg 768w, https:\/\/blogsaverroes.juntadeandalucia.es\/iesmarquesdecomares\/files\/2025\/04\/IMG_20250407_124356-Silvia-Jimenez-Molina-1-1536x1157.jpg 1536w, https:\/\/blogsaverroes.juntadeandalucia.es\/iesmarquesdecomares\/files\/2025\/04\/IMG_20250407_124356-Silvia-Jimenez-Molina-1-2048x1542.jpg 2048w\" sizes=\"(max-width: 300px) 100vw, 300px\" \/><\/a>\n\t\t\t<\/dt><\/dl>\n\t\t\t<br style='clear: both' \/>\n\t\t<\/div>\n\n","protected":false},"excerpt":{"rendered":"<p>Alrededor de un millar de estudiantes de distintos centros educativos participaron en la II Marcha saludable por Lucena, una iniciativa enmarcada en la conmemoraci\u00f3n del D\u00eda Mundial de la Salud. En esta actividad estuvieron&#46;&#46;&#46;<\/p>\n","protected":false},"author":8171,"featured_media":14143,"comment_status":"closed","ping_status":"open","sticky":false,"template":"","format":"standard","meta":{"ngg_post_thumbnail":0,"footnotes":""},"categories":[526],"tags":[],"aioseo_notices":[],"_links":{"self":[{"href":"https:\/\/blogsaverroes.juntadeandalucia.es\/iesmarquesdecomares\/wp-json\/wp\/v2\/posts\/14138"}],"collection":[{"href":"https:\/\/blogsaverroes.juntadeandalucia.es\/iesmarquesdecomares\/wp-json\/wp\/v2\/posts"}],"about":[{"href":"https:\/\/blogsaverroes.juntadeandalucia.es\/iesmarquesdecomares\/wp-json\/wp\/v2\/types\/post"}],"author":[{"embeddable":true,"href":"https:\/\/blogsaverroes.juntadeandalucia.es\/iesmarquesdecomares\/wp-json\/wp\/v2\/users\/8171"}],"replies":[{"embeddable":true,"href":"https:\/\/blogsaverroes.juntadeandalucia.es\/iesmarquesdecomares\/wp-json\/wp\/v2\/comments?post=14138"}],"version-history":[{"count":1,"href":"https:\/\/blogsaverroes.juntadeandalucia.es\/iesmarquesdecomares\/wp-json\/wp\/v2\/posts\/14138\/revisions"}],"predecessor-version":[{"id":14147,"href":"https:\/\/blogsaverroes.juntadeandalucia.es\/iesmarquesdecomares\/wp-json\/wp\/v2\/posts\/14138\/revisions\/14147"}],"wp:featuredmedia":[{"embeddable":true,"href":"https:\/\/blogsaverroes.juntadeandalucia.es\/iesmarquesdecomares\/wp-json\/wp\/v2\/media\/14143"}],"wp:attachment":[{"href":"https:\/\/blogsaverroes.juntadeandalucia.es\/iesmarquesdecomares\/wp-json\/wp\/v2\/media?parent=14138"}],"wp:term":[{"taxonomy":"category","embeddable":true,"href":"https:\/\/blogsaverroes.juntadeandalucia.es\/iesmarquesdecomares\/wp-json\/wp\/v2\/categories?post=14138"},{"taxonomy":"post_tag","embeddable":true,"href":"https:\/\/blogsaverroes.juntadeandalucia.es\/iesmarquesdecomares\/wp-json\/wp\/v2\/tags?post=14138"}],"curies":[{"name":"wp","href":"https:\/\/api.w.org\/{rel}","templated":true}]}}