{"id":14226,"date":"2025-05-05T19:04:50","date_gmt":"2025-05-05T18:04:50","guid":{"rendered":"https:\/\/blogsaverroes.juntadeandalucia.es\/iesmarquesdecomares\/?p=14226"},"modified":"2025-05-06T07:16:27","modified_gmt":"2025-05-06T06:16:27","slug":"colaboracion-del-centro-en-el-proyecto-de-reintroduccion-de-lechuzas","status":"publish","type":"post","link":"https:\/\/blogsaverroes.juntadeandalucia.es\/iesmarquesdecomares\/colaboracion-del-centro-en-el-proyecto-de-reintroduccion-de-lechuzas\/","title":{"rendered":"Colaboraci\u00f3n del centro en el Proyecto de Reintroducci\u00f3n de Lechuzas"},"content":{"rendered":"<p class=\"\" data-start=\"1347\" data-end=\"1548\">El alumnado de 1\u00ba y 3\u00ba de ESO ha sido seleccionado para participar en el <strong>Proyecto de Reintroducci\u00f3n de lechuzas<\/strong> que lleva a cabo la asociaci\u00f3n <a href=\"https:\/\/www.rastrea.site\/\">RASTREA<\/a>, en el marco de la iniciativa <strong>\u201cOperaci\u00f3n Lechuza\u201d<\/strong>.<\/p>\n<p class=\"\" data-start=\"1550\" data-end=\"1873\">Durante esta experiencia, el alumnado ha recibido formaci\u00f3n sobre la lechuza com\u00fan (<em>Tyto alba<\/em>), una rapaz de tama\u00f1o mediano que destaca por su rostro en forma de coraz\u00f3n, su vuelo silencioso y su papel en el control de roedores. Se abordaron tambi\u00e9n las causas de su declive poblacional, en especial el uso de rodenticidas.<\/p>\n<p class=\"\" data-start=\"1875\" data-end=\"2189\">El proyecto incluye la t\u00e9cnica del \u201chacking\u201d, un m\u00e9todo de liberaci\u00f3n que consiste en colocar polluelos en nidos artificiales sin contacto humano hasta que est\u00e9n listos para volar. Esto mejora su adaptaci\u00f3n al medio natural. En paralelo, se han instalado cajas nido en la zona para fomentar su asentamiento futuro.<\/p>\n<p class=\"\" data-start=\"2191\" data-end=\"2558\">El alumnado ha participado en visitas organizadas, en grupos reducidos, mostrando siempre una actitud respetuosa y silenciosa. Adem\u00e1s, eligieron democr\u00e1ticamente el nombre de tres lechuzas recientemente colocadas en el nido de <em>hacking<\/em> en el encantador pueblo de Alpandeire (sierra de M\u00e1laga) el pasado 26 de abril. Durante las pr\u00f3ximas semanas, su evoluci\u00f3n ser\u00e1 seguida por c\u00e1maras, y ya se ha compartido una imagen del primer d\u00eda.<\/p>\n\n\t\t<style>\n\t\t\t#gallery-1 {\n\t\t\t\tmargin: auto;\n\t\t\t}\n\t\t\t#gallery-1 .gallery-item {\n\t\t\t\tfloat: left;\n\t\t\t\tmargin-top: 10px;\n\t\t\t\ttext-align: center;\n\t\t\t\twidth: 33%;\n\t\t\t}\n\t\t\t#gallery-1 img {\n\t\t\t\tborder: 2px solid #cfcfcf;\n\t\t\t}\n\t\t\t#gallery-1 .gallery-caption {\n\t\t\t\tmargin-left: 0;\n\t\t\t}\n\t\t\t\/* see gallery_shortcode() in wp-includes\/media.php *\/\n\t\t<\/style>\n\t\t<div id='gallery-1' class='gallery galleryid-14226 gallery-columns-3 gallery-size-medium'><dl class='gallery-item'>\n\t\t\t<dt class='gallery-icon portrait'>\n\t\t\t\t<a href='https:\/\/blogsaverroes.juntadeandalucia.es\/iesmarquesdecomares\/colaboracion-del-centro-en-el-proyecto-de-reintroduccion-de-lechuzas\/imagen1-violeta-sanchez-gutierrez\/'><img decoding=\"async\" width=\"136\" height=\"300\" src=\"https:\/\/blogsaverroes.juntadeandalucia.es\/iesmarquesdecomares\/files\/2025\/05\/Imagen1-Violeta-Sanchez-Gutierrez-136x300.png\" class=\"attachment-medium size-medium\" alt=\"\" srcset=\"https:\/\/blogsaverroes.juntadeandalucia.es\/iesmarquesdecomares\/files\/2025\/05\/Imagen1-Violeta-Sanchez-Gutierrez-136x300.png 136w, https:\/\/blogsaverroes.juntadeandalucia.es\/iesmarquesdecomares\/files\/2025\/05\/Imagen1-Violeta-Sanchez-Gutierrez.png 284w\" sizes=\"(max-width: 136px) 100vw, 136px\" \/><\/a>\n\t\t\t<\/dt><\/dl><dl class='gallery-item'>\n\t\t\t<dt class='gallery-icon landscape'>\n\t\t\t\t<a href='https:\/\/blogsaverroes.juntadeandalucia.es\/iesmarquesdecomares\/colaboracion-del-centro-en-el-proyecto-de-reintroduccion-de-lechuzas\/imagen3-violeta-sanchez-gutierrez\/'><img fetchpriority=\"high\" decoding=\"async\" width=\"300\" height=\"201\" src=\"https:\/\/blogsaverroes.juntadeandalucia.es\/iesmarquesdecomares\/files\/2025\/05\/Imagen3-Violeta-Sanchez-Gutierrez-300x201.png\" class=\"attachment-medium size-medium\" alt=\"\" srcset=\"https:\/\/blogsaverroes.juntadeandalucia.es\/iesmarquesdecomares\/files\/2025\/05\/Imagen3-Violeta-Sanchez-Gutierrez-300x201.png 300w, https:\/\/blogsaverroes.juntadeandalucia.es\/iesmarquesdecomares\/files\/2025\/05\/Imagen3-Violeta-Sanchez-Gutierrez.png 580w\" sizes=\"(max-width: 300px) 100vw, 300px\" \/><\/a>\n\t\t\t<\/dt><\/dl><dl class='gallery-item'>\n\t\t\t<dt class='gallery-icon landscape'>\n\t\t\t\t<a href='https:\/\/blogsaverroes.juntadeandalucia.es\/iesmarquesdecomares\/colaboracion-del-centro-en-el-proyecto-de-reintroduccion-de-lechuzas\/imagen4-violeta-sanchez-gutierrez\/'><img decoding=\"async\" width=\"300\" height=\"255\" src=\"https:\/\/blogsaverroes.juntadeandalucia.es\/iesmarquesdecomares\/files\/2025\/05\/Imagen4-Violeta-Sanchez-Gutierrez-300x255.png\" class=\"attachment-medium size-medium\" alt=\"\" srcset=\"https:\/\/blogsaverroes.juntadeandalucia.es\/iesmarquesdecomares\/files\/2025\/05\/Imagen4-Violeta-Sanchez-Gutierrez-300x255.png 300w, https:\/\/blogsaverroes.juntadeandalucia.es\/iesmarquesdecomares\/files\/2025\/05\/Imagen4-Violeta-Sanchez-Gutierrez-1024x869.png 1024w, https:\/\/blogsaverroes.juntadeandalucia.es\/iesmarquesdecomares\/files\/2025\/05\/Imagen4-Violeta-Sanchez-Gutierrez-768x652.png 768w, https:\/\/blogsaverroes.juntadeandalucia.es\/iesmarquesdecomares\/files\/2025\/05\/Imagen4-Violeta-Sanchez-Gutierrez.png 1161w\" sizes=\"(max-width: 300px) 100vw, 300px\" \/><\/a>\n\t\t\t<\/dt><\/dl><br style=\"clear: both\" \/><dl class='gallery-item'>\n\t\t\t<dt class='gallery-icon landscape'>\n\t\t\t\t<a href='https:\/\/blogsaverroes.juntadeandalucia.es\/iesmarquesdecomares\/colaboracion-del-centro-en-el-proyecto-de-reintroduccion-de-lechuzas\/imagen5-violeta-sanchez-gutierrez\/'><img loading=\"lazy\" decoding=\"async\" width=\"300\" height=\"225\" src=\"https:\/\/blogsaverroes.juntadeandalucia.es\/iesmarquesdecomares\/files\/2025\/05\/Imagen5-Violeta-Sanchez-Gutierrez-300x225.jpg\" class=\"attachment-medium size-medium\" alt=\"\" srcset=\"https:\/\/blogsaverroes.juntadeandalucia.es\/iesmarquesdecomares\/files\/2025\/05\/Imagen5-Violeta-Sanchez-Gutierrez-300x225.jpg 300w, https:\/\/blogsaverroes.juntadeandalucia.es\/iesmarquesdecomares\/files\/2025\/05\/Imagen5-Violeta-Sanchez-Gutierrez-768x576.jpg 768w, https:\/\/blogsaverroes.juntadeandalucia.es\/iesmarquesdecomares\/files\/2025\/05\/Imagen5-Violeta-Sanchez-Gutierrez.jpg 940w\" sizes=\"(max-width: 300px) 100vw, 300px\" \/><\/a>\n\t\t\t<\/dt><\/dl><dl class='gallery-item'>\n\t\t\t<dt class='gallery-icon landscape'>\n\t\t\t\t<a href='https:\/\/blogsaverroes.juntadeandalucia.es\/iesmarquesdecomares\/colaboracion-del-centro-en-el-proyecto-de-reintroduccion-de-lechuzas\/imagen6-violeta-sanchez-gutierrez\/'><img loading=\"lazy\" decoding=\"async\" width=\"300\" height=\"225\" src=\"https:\/\/blogsaverroes.juntadeandalucia.es\/iesmarquesdecomares\/files\/2025\/05\/Imagen6-Violeta-Sanchez-Gutierrez-300x225.jpg\" class=\"attachment-medium size-medium\" alt=\"\" srcset=\"https:\/\/blogsaverroes.juntadeandalucia.es\/iesmarquesdecomares\/files\/2025\/05\/Imagen6-Violeta-Sanchez-Gutierrez-300x225.jpg 300w, https:\/\/blogsaverroes.juntadeandalucia.es\/iesmarquesdecomares\/files\/2025\/05\/Imagen6-Violeta-Sanchez-Gutierrez-768x576.jpg 768w, https:\/\/blogsaverroes.juntadeandalucia.es\/iesmarquesdecomares\/files\/2025\/05\/Imagen6-Violeta-Sanchez-Gutierrez.jpg 940w\" sizes=\"(max-width: 300px) 100vw, 300px\" \/><\/a>\n\t\t\t<\/dt><\/dl><dl class='gallery-item'>\n\t\t\t<dt class='gallery-icon landscape'>\n\t\t\t\t<a href='https:\/\/blogsaverroes.juntadeandalucia.es\/iesmarquesdecomares\/colaboracion-del-centro-en-el-proyecto-de-reintroduccion-de-lechuzas\/imagen7-violeta-sanchez-gutierrez\/'><img loading=\"lazy\" decoding=\"async\" width=\"300\" height=\"127\" src=\"https:\/\/blogsaverroes.juntadeandalucia.es\/iesmarquesdecomares\/files\/2025\/05\/Imagen7-Violeta-Sanchez-Gutierrez-300x127.png\" class=\"attachment-medium size-medium\" alt=\"\" srcset=\"https:\/\/blogsaverroes.juntadeandalucia.es\/iesmarquesdecomares\/files\/2025\/05\/Imagen7-Violeta-Sanchez-Gutierrez-300x127.png 300w, https:\/\/blogsaverroes.juntadeandalucia.es\/iesmarquesdecomares\/files\/2025\/05\/Imagen7-Violeta-Sanchez-Gutierrez-768x326.png 768w, https:\/\/blogsaverroes.juntadeandalucia.es\/iesmarquesdecomares\/files\/2025\/05\/Imagen7-Violeta-Sanchez-Gutierrez.png 784w\" sizes=\"(max-width: 300px) 100vw, 300px\" \/><\/a>\n\t\t\t<\/dt><\/dl><br style=\"clear: both\" \/><dl class='gallery-item'>\n\t\t\t<dt class='gallery-icon landscape'>\n\t\t\t\t<a href='https:\/\/blogsaverroes.juntadeandalucia.es\/iesmarquesdecomares\/colaboracion-del-centro-en-el-proyecto-de-reintroduccion-de-lechuzas\/imagen8-violeta-sanchez-gutierrez\/'><img loading=\"lazy\" decoding=\"async\" width=\"300\" height=\"171\" src=\"https:\/\/blogsaverroes.juntadeandalucia.es\/iesmarquesdecomares\/files\/2025\/05\/Imagen8-Violeta-Sanchez-Gutierrez-300x171.jpg\" class=\"attachment-medium size-medium\" alt=\"\" srcset=\"https:\/\/blogsaverroes.juntadeandalucia.es\/iesmarquesdecomares\/files\/2025\/05\/Imagen8-Violeta-Sanchez-Gutierrez-300x171.jpg 300w, https:\/\/blogsaverroes.juntadeandalucia.es\/iesmarquesdecomares\/files\/2025\/05\/Imagen8-Violeta-Sanchez-Gutierrez.jpg 584w\" sizes=\"(max-width: 300px) 100vw, 300px\" \/><\/a>\n\t\t\t<\/dt><\/dl>\n\t\t\t<br style='clear: both' \/>\n\t\t<\/div>\n\n","protected":false},"excerpt":{"rendered":"<p>El alumnado de 1\u00ba y 3\u00ba de ESO ha sido seleccionado para participar en el Proyecto de Reintroducci\u00f3n de lechuzas que lleva a cabo la asociaci\u00f3n RASTREA, en el marco de la iniciativa \u201cOperaci\u00f3n&#46;&#46;&#46;<\/p>\n","protected":false},"author":8171,"featured_media":14227,"comment_status":"closed","ping_status":"open","sticky":false,"template":"","format":"standard","meta":{"ngg_post_thumbnail":0,"footnotes":""},"categories":[1338942,1338924,526,1338940],"tags":[1338925,1338951,1338949],"aioseo_notices":[],"_links":{"self":[{"href":"https:\/\/blogsaverroes.juntadeandalucia.es\/iesmarquesdecomares\/wp-json\/wp\/v2\/posts\/14226"}],"collection":[{"href":"https:\/\/blogsaverroes.juntadeandalucia.es\/iesmarquesdecomares\/wp-json\/wp\/v2\/posts"}],"about":[{"href":"https:\/\/blogsaverroes.juntadeandalucia.es\/iesmarquesdecomares\/wp-json\/wp\/v2\/types\/post"}],"author":[{"embeddable":true,"href":"https:\/\/blogsaverroes.juntadeandalucia.es\/iesmarquesdecomares\/wp-json\/wp\/v2\/users\/8171"}],"replies":[{"embeddable":true,"href":"https:\/\/blogsaverroes.juntadeandalucia.es\/iesmarquesdecomares\/wp-json\/wp\/v2\/comments?post=14226"}],"version-history":[{"count":3,"href":"https:\/\/blogsaverroes.juntadeandalucia.es\/iesmarquesdecomares\/wp-json\/wp\/v2\/posts\/14226\/revisions"}],"predecessor-version":[{"id":14237,"href":"https:\/\/blogsaverroes.juntadeandalucia.es\/iesmarquesdecomares\/wp-json\/wp\/v2\/posts\/14226\/revisions\/14237"}],"wp:featuredmedia":[{"embeddable":true,"href":"https:\/\/blogsaverroes.juntadeandalucia.es\/iesmarquesdecomares\/wp-json\/wp\/v2\/media\/14227"}],"wp:attachment":[{"href":"https:\/\/blogsaverroes.juntadeandalucia.es\/iesmarquesdecomares\/wp-json\/wp\/v2\/media?parent=14226"}],"wp:term":[{"taxonomy":"category","embeddable":true,"href":"https:\/\/blogsaverroes.juntadeandalucia.es\/iesmarquesdecomares\/wp-json\/wp\/v2\/categories?post=14226"},{"taxonomy":"post_tag","embeddable":true,"href":"https:\/\/blogsaverroes.juntadeandalucia.es\/iesmarquesdecomares\/wp-json\/wp\/v2\/tags?post=14226"}],"curies":[{"name":"wp","href":"https:\/\/api.w.org\/{rel}","templated":true}]}}