{"id":14301,"date":"2025-05-30T11:06:36","date_gmt":"2025-05-30T10:06:36","guid":{"rendered":"https:\/\/blogsaverroes.juntadeandalucia.es\/iesmarquesdecomares\/?p=14301"},"modified":"2025-05-30T11:06:36","modified_gmt":"2025-05-30T10:06:36","slug":"torneo-de-ajedrez-intercentros-2025","status":"publish","type":"post","link":"https:\/\/blogsaverroes.juntadeandalucia.es\/iesmarquesdecomares\/torneo-de-ajedrez-intercentros-2025\/","title":{"rendered":"Torneo de Ajedrez Intercentros 2025"},"content":{"rendered":"<p data-start=\"310\" data-end=\"664\">El pasado mi\u00e9rcoles 28 de mayo de 2025, nuestro alumnado particip\u00f3 con entusiasmo en el <strong data-start=\"398\" data-end=\"439\">X Torneo de Ajedrez Intercentros 2025<\/strong>, celebrado en el CEIP Ntra. Sra. del Carmen. Un evento que reuni\u00f3 a 100 estudiantes de todos los centros de Primaria y Secundaria de Lucena, en una jornada marcada por la convivencia y el buen ambiente.<\/p>\n<p data-start=\"666\" data-end=\"1049\">La organizaci\u00f3n del torneo corri\u00f3 a cargo del <strong data-start=\"712\" data-end=\"741\">Club de Ajedrez Ruy L\u00f3pez<\/strong>, cuyo presidente, Pablo Fern\u00e1ndez, actu\u00f3 adem\u00e1s como \u00e1rbitro, garantizando el correcto desarrollo de las partidas. Queremos destacar y agradecer su excelente labor, as\u00ed como la invitaci\u00f3n al desayuno ofrecida por el <strong>AMPA del CEIP Ntra. Sra. del Carmen<\/strong>, que contribuy\u00f3 a hacer del evento una experiencia a\u00fan m\u00e1s agradable.<\/p>\n<p data-start=\"1051\" data-end=\"1332\">En cuanto a la competici\u00f3n, se entregaron premios a los tres primeros clasificados de la categor\u00eda general, as\u00ed como medallas a los cuatro primeros del tercer ciclo de Primaria, otras cuatro para los del segundo ciclo, y una m\u00e1s para el \u00fanico participante del primer ciclo.<\/p>\n<p data-start=\"1334\" data-end=\"1717\">Nos llena de orgullo compartir que dos alumnos de nuestro centro, <strong>Hugo G\u00e1mez Jim\u00e9nez (3\u00ba ESO B)<\/strong> y <strong>Pablo Fern\u00e1ndez Molina (3\u00ba ESO B)<\/strong>, lograron alzarse con la primera y segunda posici\u00f3n respectivamente, repitiendo el resultado del a\u00f1o pasado. Adem\u00e1s, este triunfo supone el cuarto a\u00f1o consecutivo en el que un alumno del centro gana el torneo, un hito que habla del compromiso y la calidad de nuestro alumnado en esta disciplina.<\/p>\n<p data-start=\"1719\" data-end=\"1914\">Felicitamos a todos los participantes por su esfuerzo y entusiasmo, y al los <strong>responsales de la organizaci\u00f3n del torneo del CEIP Ntra. Sra. del Carmen<\/strong> por una excelente labor.<\/p>\n<p data-start=\"1719\" data-end=\"1914\">Os dejamos algunas fotos del evento.<\/p>\nngg_shortcode_0_placeholder\n","protected":false},"excerpt":{"rendered":"<p>El pasado mi\u00e9rcoles 28 de mayo de 2025, nuestro alumnado particip\u00f3 con entusiasmo en el X Torneo de Ajedrez Intercentros 2025, celebrado en el CEIP Ntra. Sra. del Carmen. Un evento que reuni\u00f3 a&#46;&#46;&#46;<\/p>\n","protected":false},"author":356,"featured_media":14305,"comment_status":"closed","ping_status":"open","sticky":false,"template":"","format":"standard","meta":{"ngg_post_thumbnail":0,"footnotes":""},"categories":[5991,1338952,3981,526],"tags":[],"aioseo_notices":[],"_links":{"self":[{"href":"https:\/\/blogsaverroes.juntadeandalucia.es\/iesmarquesdecomares\/wp-json\/wp\/v2\/posts\/14301"}],"collection":[{"href":"https:\/\/blogsaverroes.juntadeandalucia.es\/iesmarquesdecomares\/wp-json\/wp\/v2\/posts"}],"about":[{"href":"https:\/\/blogsaverroes.juntadeandalucia.es\/iesmarquesdecomares\/wp-json\/wp\/v2\/types\/post"}],"author":[{"embeddable":true,"href":"https:\/\/blogsaverroes.juntadeandalucia.es\/iesmarquesdecomares\/wp-json\/wp\/v2\/users\/356"}],"replies":[{"embeddable":true,"href":"https:\/\/blogsaverroes.juntadeandalucia.es\/iesmarquesdecomares\/wp-json\/wp\/v2\/comments?post=14301"}],"version-history":[{"count":1,"href":"https:\/\/blogsaverroes.juntadeandalucia.es\/iesmarquesdecomares\/wp-json\/wp\/v2\/posts\/14301\/revisions"}],"predecessor-version":[{"id":14302,"href":"https:\/\/blogsaverroes.juntadeandalucia.es\/iesmarquesdecomares\/wp-json\/wp\/v2\/posts\/14301\/revisions\/14302"}],"wp:featuredmedia":[{"embeddable":true,"href":"https:\/\/blogsaverroes.juntadeandalucia.es\/iesmarquesdecomares\/wp-json\/wp\/v2\/media\/14305"}],"wp:attachment":[{"href":"https:\/\/blogsaverroes.juntadeandalucia.es\/iesmarquesdecomares\/wp-json\/wp\/v2\/media?parent=14301"}],"wp:term":[{"taxonomy":"category","embeddable":true,"href":"https:\/\/blogsaverroes.juntadeandalucia.es\/iesmarquesdecomares\/wp-json\/wp\/v2\/categories?post=14301"},{"taxonomy":"post_tag","embeddable":true,"href":"https:\/\/blogsaverroes.juntadeandalucia.es\/iesmarquesdecomares\/wp-json\/wp\/v2\/tags?post=14301"}],"curies":[{"name":"wp","href":"https:\/\/api.w.org\/{rel}","templated":true}]}}