{"id":14332,"date":"2025-06-09T19:26:48","date_gmt":"2025-06-09T18:26:48","guid":{"rendered":"https:\/\/blogsaverroes.juntadeandalucia.es\/iesmarquesdecomares\/?p=14332"},"modified":"2025-06-09T19:26:48","modified_gmt":"2025-06-09T18:26:48","slug":"ganadores-del-canguro-matematico-2025","status":"publish","type":"post","link":"https:\/\/blogsaverroes.juntadeandalucia.es\/iesmarquesdecomares\/ganadores-del-canguro-matematico-2025\/","title":{"rendered":"Ganadores del Canguro Matem\u00e1tico 2025"},"content":{"rendered":"<p><span data-sheets-root=\"1\">En el IES Marqu\u00e9s de Comares celebramos el esfuerzo y la dedicaci\u00f3n del alumnado premiado en la edici\u00f3n 2025 del Canguro Matem\u00e1tico.<\/p>\n<p>Tres estudiantes por cada nivel (1\u00ba, 2\u00ba, 3\u00ba y 4\u00ba de ESO, y 1\u00ba de Bachillerato) han sido reconocidos por sus excelentes resultados en una prueba que pone a prueba el ingenio, la l\u00f3gica y la capacidad de resoluci\u00f3n. Todos ellos han recibido su merecido premio como reconocimiento a su brillante participaci\u00f3n.<\/p>\n<p>Queremos agradecer tambi\u00e9n a todo el alumnado participante por su implicaci\u00f3n e inter\u00e9s, as\u00ed como al profesorado por su compromiso y por seguir promoviendo actividades que enriquecen el aprendizaje y despiertan el gusto por las matem\u00e1ticas.<\/span><\/p>\n\n\t\t<style>\n\t\t\t#gallery-1 {\n\t\t\t\tmargin: auto;\n\t\t\t}\n\t\t\t#gallery-1 .gallery-item {\n\t\t\t\tfloat: left;\n\t\t\t\tmargin-top: 10px;\n\t\t\t\ttext-align: center;\n\t\t\t\twidth: 50%;\n\t\t\t}\n\t\t\t#gallery-1 img {\n\t\t\t\tborder: 2px solid #cfcfcf;\n\t\t\t}\n\t\t\t#gallery-1 .gallery-caption {\n\t\t\t\tmargin-left: 0;\n\t\t\t}\n\t\t\t\/* see gallery_shortcode() in wp-includes\/media.php *\/\n\t\t<\/style>\n\t\t<div id='gallery-1' class='gallery galleryid-14332 gallery-columns-2 gallery-size-large'><dl class='gallery-item'>\n\t\t\t<dt class='gallery-icon landscape'>\n\t\t\t\t<a href='https:\/\/blogsaverroes.juntadeandalucia.es\/iesmarquesdecomares\/ganadores-del-canguro-matematico-2025\/foto1canguro-sergio-jodral-estepa\/'><img fetchpriority=\"high\" decoding=\"async\" width=\"1024\" height=\"769\" src=\"https:\/\/blogsaverroes.juntadeandalucia.es\/iesmarquesdecomares\/files\/2025\/06\/foto1canguro-Sergio-Jodral-Estepa-1024x769.jpg\" class=\"attachment-large size-large\" alt=\"\" srcset=\"https:\/\/blogsaverroes.juntadeandalucia.es\/iesmarquesdecomares\/files\/2025\/06\/foto1canguro-Sergio-Jodral-Estepa-1024x769.jpg 1024w, https:\/\/blogsaverroes.juntadeandalucia.es\/iesmarquesdecomares\/files\/2025\/06\/foto1canguro-Sergio-Jodral-Estepa-300x225.jpg 300w, https:\/\/blogsaverroes.juntadeandalucia.es\/iesmarquesdecomares\/files\/2025\/06\/foto1canguro-Sergio-Jodral-Estepa-768x576.jpg 768w, https:\/\/blogsaverroes.juntadeandalucia.es\/iesmarquesdecomares\/files\/2025\/06\/foto1canguro-Sergio-Jodral-Estepa-1536x1153.jpg 1536w, https:\/\/blogsaverroes.juntadeandalucia.es\/iesmarquesdecomares\/files\/2025\/06\/foto1canguro-Sergio-Jodral-Estepa.jpg 1600w\" sizes=\"(max-width: 1024px) 100vw, 1024px\" \/><\/a>\n\t\t\t<\/dt><\/dl><dl class='gallery-item'>\n\t\t\t<dt class='gallery-icon landscape'>\n\t\t\t\t<a href='https:\/\/blogsaverroes.juntadeandalucia.es\/iesmarquesdecomares\/ganadores-del-canguro-matematico-2025\/foto2canguro-sergio-jodral-estepa\/'><img decoding=\"async\" width=\"1024\" height=\"769\" src=\"https:\/\/blogsaverroes.juntadeandalucia.es\/iesmarquesdecomares\/files\/2025\/06\/foto2canguro-Sergio-Jodral-Estepa-1024x769.jpg\" class=\"attachment-large size-large\" alt=\"\" srcset=\"https:\/\/blogsaverroes.juntadeandalucia.es\/iesmarquesdecomares\/files\/2025\/06\/foto2canguro-Sergio-Jodral-Estepa-1024x769.jpg 1024w, https:\/\/blogsaverroes.juntadeandalucia.es\/iesmarquesdecomares\/files\/2025\/06\/foto2canguro-Sergio-Jodral-Estepa-300x225.jpg 300w, https:\/\/blogsaverroes.juntadeandalucia.es\/iesmarquesdecomares\/files\/2025\/06\/foto2canguro-Sergio-Jodral-Estepa-768x576.jpg 768w, https:\/\/blogsaverroes.juntadeandalucia.es\/iesmarquesdecomares\/files\/2025\/06\/foto2canguro-Sergio-Jodral-Estepa-1536x1153.jpg 1536w, https:\/\/blogsaverroes.juntadeandalucia.es\/iesmarquesdecomares\/files\/2025\/06\/foto2canguro-Sergio-Jodral-Estepa.jpg 1600w\" sizes=\"(max-width: 1024px) 100vw, 1024px\" \/><\/a>\n\t\t\t<\/dt><\/dl><br style=\"clear: both\" \/><dl class='gallery-item'>\n\t\t\t<dt class='gallery-icon landscape'>\n\t\t\t\t<a href='https:\/\/blogsaverroes.juntadeandalucia.es\/iesmarquesdecomares\/ganadores-del-canguro-matematico-2025\/foto3canguro-sergio-jodral-estepa\/'><img decoding=\"async\" width=\"1024\" height=\"769\" src=\"https:\/\/blogsaverroes.juntadeandalucia.es\/iesmarquesdecomares\/files\/2025\/06\/foto3canguro-Sergio-Jodral-Estepa-1024x769.jpg\" class=\"attachment-large size-large\" alt=\"\" srcset=\"https:\/\/blogsaverroes.juntadeandalucia.es\/iesmarquesdecomares\/files\/2025\/06\/foto3canguro-Sergio-Jodral-Estepa-1024x769.jpg 1024w, https:\/\/blogsaverroes.juntadeandalucia.es\/iesmarquesdecomares\/files\/2025\/06\/foto3canguro-Sergio-Jodral-Estepa-300x225.jpg 300w, https:\/\/blogsaverroes.juntadeandalucia.es\/iesmarquesdecomares\/files\/2025\/06\/foto3canguro-Sergio-Jodral-Estepa-768x576.jpg 768w, https:\/\/blogsaverroes.juntadeandalucia.es\/iesmarquesdecomares\/files\/2025\/06\/foto3canguro-Sergio-Jodral-Estepa-1536x1153.jpg 1536w, https:\/\/blogsaverroes.juntadeandalucia.es\/iesmarquesdecomares\/files\/2025\/06\/foto3canguro-Sergio-Jodral-Estepa.jpg 1600w\" sizes=\"(max-width: 1024px) 100vw, 1024px\" \/><\/a>\n\t\t\t<\/dt><\/dl><dl class='gallery-item'>\n\t\t\t<dt class='gallery-icon landscape'>\n\t\t\t\t<a href='https:\/\/blogsaverroes.juntadeandalucia.es\/iesmarquesdecomares\/ganadores-del-canguro-matematico-2025\/foto4canguro-sergio-jodral-estepa\/'><img loading=\"lazy\" decoding=\"async\" width=\"1024\" height=\"769\" src=\"https:\/\/blogsaverroes.juntadeandalucia.es\/iesmarquesdecomares\/files\/2025\/06\/foto4canguro-Sergio-Jodral-Estepa-1024x769.jpg\" class=\"attachment-large size-large\" alt=\"\" srcset=\"https:\/\/blogsaverroes.juntadeandalucia.es\/iesmarquesdecomares\/files\/2025\/06\/foto4canguro-Sergio-Jodral-Estepa-1024x769.jpg 1024w, https:\/\/blogsaverroes.juntadeandalucia.es\/iesmarquesdecomares\/files\/2025\/06\/foto4canguro-Sergio-Jodral-Estepa-300x225.jpg 300w, https:\/\/blogsaverroes.juntadeandalucia.es\/iesmarquesdecomares\/files\/2025\/06\/foto4canguro-Sergio-Jodral-Estepa-768x576.jpg 768w, https:\/\/blogsaverroes.juntadeandalucia.es\/iesmarquesdecomares\/files\/2025\/06\/foto4canguro-Sergio-Jodral-Estepa-1536x1153.jpg 1536w, https:\/\/blogsaverroes.juntadeandalucia.es\/iesmarquesdecomares\/files\/2025\/06\/foto4canguro-Sergio-Jodral-Estepa.jpg 2048w\" sizes=\"(max-width: 1024px) 100vw, 1024px\" \/><\/a>\n\t\t\t<\/dt><\/dl><br style=\"clear: both\" \/><dl class='gallery-item'>\n\t\t\t<dt class='gallery-icon landscape'>\n\t\t\t\t<a href='https:\/\/blogsaverroes.juntadeandalucia.es\/iesmarquesdecomares\/ganadores-del-canguro-matematico-2025\/foto5canguro-sergio-jodral-estepa\/'><img loading=\"lazy\" decoding=\"async\" width=\"1024\" height=\"769\" src=\"https:\/\/blogsaverroes.juntadeandalucia.es\/iesmarquesdecomares\/files\/2025\/06\/foto5canguro-Sergio-Jodral-Estepa-1024x769.jpg\" class=\"attachment-large size-large\" alt=\"\" srcset=\"https:\/\/blogsaverroes.juntadeandalucia.es\/iesmarquesdecomares\/files\/2025\/06\/foto5canguro-Sergio-Jodral-Estepa-1024x769.jpg 1024w, https:\/\/blogsaverroes.juntadeandalucia.es\/iesmarquesdecomares\/files\/2025\/06\/foto5canguro-Sergio-Jodral-Estepa-300x225.jpg 300w, https:\/\/blogsaverroes.juntadeandalucia.es\/iesmarquesdecomares\/files\/2025\/06\/foto5canguro-Sergio-Jodral-Estepa-768x576.jpg 768w, https:\/\/blogsaverroes.juntadeandalucia.es\/iesmarquesdecomares\/files\/2025\/06\/foto5canguro-Sergio-Jodral-Estepa-1536x1153.jpg 1536w, https:\/\/blogsaverroes.juntadeandalucia.es\/iesmarquesdecomares\/files\/2025\/06\/foto5canguro-Sergio-Jodral-Estepa.jpg 2048w\" sizes=\"(max-width: 1024px) 100vw, 1024px\" \/><\/a>\n\t\t\t<\/dt><\/dl>\n\t\t\t<br style='clear: both' \/>\n\t\t<\/div>\n\n","protected":false},"excerpt":{"rendered":"<p>En el IES Marqu\u00e9s de Comares celebramos el esfuerzo y la dedicaci\u00f3n del alumnado premiado en la edici\u00f3n 2025 del Canguro Matem\u00e1tico. Tres estudiantes por cada nivel (1\u00ba, 2\u00ba, 3\u00ba y 4\u00ba de ESO,&#46;&#46;&#46;<\/p>\n","protected":false},"author":8171,"featured_media":14337,"comment_status":"closed","ping_status":"open","sticky":false,"template":"","format":"standard","meta":{"ngg_post_thumbnail":0,"footnotes":""},"categories":[25506],"tags":[],"aioseo_notices":[],"_links":{"self":[{"href":"https:\/\/blogsaverroes.juntadeandalucia.es\/iesmarquesdecomares\/wp-json\/wp\/v2\/posts\/14332"}],"collection":[{"href":"https:\/\/blogsaverroes.juntadeandalucia.es\/iesmarquesdecomares\/wp-json\/wp\/v2\/posts"}],"about":[{"href":"https:\/\/blogsaverroes.juntadeandalucia.es\/iesmarquesdecomares\/wp-json\/wp\/v2\/types\/post"}],"author":[{"embeddable":true,"href":"https:\/\/blogsaverroes.juntadeandalucia.es\/iesmarquesdecomares\/wp-json\/wp\/v2\/users\/8171"}],"replies":[{"embeddable":true,"href":"https:\/\/blogsaverroes.juntadeandalucia.es\/iesmarquesdecomares\/wp-json\/wp\/v2\/comments?post=14332"}],"version-history":[{"count":1,"href":"https:\/\/blogsaverroes.juntadeandalucia.es\/iesmarquesdecomares\/wp-json\/wp\/v2\/posts\/14332\/revisions"}],"predecessor-version":[{"id":14338,"href":"https:\/\/blogsaverroes.juntadeandalucia.es\/iesmarquesdecomares\/wp-json\/wp\/v2\/posts\/14332\/revisions\/14338"}],"wp:featuredmedia":[{"embeddable":true,"href":"https:\/\/blogsaverroes.juntadeandalucia.es\/iesmarquesdecomares\/wp-json\/wp\/v2\/media\/14337"}],"wp:attachment":[{"href":"https:\/\/blogsaverroes.juntadeandalucia.es\/iesmarquesdecomares\/wp-json\/wp\/v2\/media?parent=14332"}],"wp:term":[{"taxonomy":"category","embeddable":true,"href":"https:\/\/blogsaverroes.juntadeandalucia.es\/iesmarquesdecomares\/wp-json\/wp\/v2\/categories?post=14332"},{"taxonomy":"post_tag","embeddable":true,"href":"https:\/\/blogsaverroes.juntadeandalucia.es\/iesmarquesdecomares\/wp-json\/wp\/v2\/tags?post=14332"}],"curies":[{"name":"wp","href":"https:\/\/api.w.org\/{rel}","templated":true}]}}