{"id":14465,"date":"2025-09-10T10:26:38","date_gmt":"2025-09-10T09:26:38","guid":{"rendered":"https:\/\/blogsaverroes.juntadeandalucia.es\/iesmarquesdecomares\/?p=14465"},"modified":"2025-09-10T11:03:05","modified_gmt":"2025-09-10T10:03:05","slug":"horario-de-clases-el-15-de-septiembre","status":"publish","type":"post","link":"https:\/\/blogsaverroes.juntadeandalucia.es\/iesmarquesdecomares\/horario-de-clases-el-15-de-septiembre\/","title":{"rendered":"Horario de clases el 15 de septiembre. Diurno"},"content":{"rendered":"<p>Los alumnos de 1\u00baESO entrar\u00e1n a las 10:30.<br \/>\nEl resto de ense\u00f1anzas en turno de diurno iniciar\u00e1n sus clase a las 12:00.<br \/>\nPara todas las ense\u00f1anzas de diurno las clases finalizar\u00e1 a las 15:00<\/p>\n","protected":false},"excerpt":{"rendered":"<p>Los alumnos de 1\u00baESO entrar\u00e1n a las 10:30. El resto de ense\u00f1anzas en turno de diurno iniciar\u00e1n sus clase a las 12:00. Para todas las ense\u00f1anzas de diurno las clases finalizar\u00e1 a las 15:00<\/p>\n","protected":false},"author":8171,"featured_media":0,"comment_status":"closed","ping_status":"open","sticky":false,"template":"","format":"standard","meta":{"ngg_post_thumbnail":0,"footnotes":""},"categories":[526],"tags":[],"aioseo_notices":[],"_links":{"self":[{"href":"https:\/\/blogsaverroes.juntadeandalucia.es\/iesmarquesdecomares\/wp-json\/wp\/v2\/posts\/14465"}],"collection":[{"href":"https:\/\/blogsaverroes.juntadeandalucia.es\/iesmarquesdecomares\/wp-json\/wp\/v2\/posts"}],"about":[{"href":"https:\/\/blogsaverroes.juntadeandalucia.es\/iesmarquesdecomares\/wp-json\/wp\/v2\/types\/post"}],"author":[{"embeddable":true,"href":"https:\/\/blogsaverroes.juntadeandalucia.es\/iesmarquesdecomares\/wp-json\/wp\/v2\/users\/8171"}],"replies":[{"embeddable":true,"href":"https:\/\/blogsaverroes.juntadeandalucia.es\/iesmarquesdecomares\/wp-json\/wp\/v2\/comments?post=14465"}],"version-history":[{"count":2,"href":"https:\/\/blogsaverroes.juntadeandalucia.es\/iesmarquesdecomares\/wp-json\/wp\/v2\/posts\/14465\/revisions"}],"predecessor-version":[{"id":14468,"href":"https:\/\/blogsaverroes.juntadeandalucia.es\/iesmarquesdecomares\/wp-json\/wp\/v2\/posts\/14465\/revisions\/14468"}],"wp:attachment":[{"href":"https:\/\/blogsaverroes.juntadeandalucia.es\/iesmarquesdecomares\/wp-json\/wp\/v2\/media?parent=14465"}],"wp:term":[{"taxonomy":"category","embeddable":true,"href":"https:\/\/blogsaverroes.juntadeandalucia.es\/iesmarquesdecomares\/wp-json\/wp\/v2\/categories?post=14465"},{"taxonomy":"post_tag","embeddable":true,"href":"https:\/\/blogsaverroes.juntadeandalucia.es\/iesmarquesdecomares\/wp-json\/wp\/v2\/tags?post=14465"}],"curies":[{"name":"wp","href":"https:\/\/api.w.org\/{rel}","templated":true}]}}