{"id":14490,"date":"2025-10-01T15:30:28","date_gmt":"2025-10-01T14:30:28","guid":{"rendered":"https:\/\/blogsaverroes.juntadeandalucia.es\/iesmarquesdecomares\/?p=14490"},"modified":"2025-10-01T15:30:28","modified_gmt":"2025-10-01T14:30:28","slug":"semana-de-inmersion-linguistica-en-dublin-para-estudiantes-de-bachillerato","status":"publish","type":"post","link":"https:\/\/blogsaverroes.juntadeandalucia.es\/iesmarquesdecomares\/semana-de-inmersion-linguistica-en-dublin-para-estudiantes-de-bachillerato\/","title":{"rendered":"Semana de inmersi\u00f3n ling\u00fc\u00edstica en Dubl\u00edn para estudiantes de Bachillerato"},"content":{"rendered":"<p data-start=\"1226\" data-end=\"1521\">Un grupo de 17 alumnos de Bachillerato ha participado en una experiencia educativa en Dubl\u00edn, organizada en colaboraci\u00f3n con la Escuela Oficial de Idiomas de Lucena. Durante esta estancia, los estudiantes han cursado un programa intensivo de ingl\u00e9s y cultura irlandesa en Atlas Language Academy.<\/p>\n<p data-start=\"1523\" data-end=\"1858\">El itinerario ha incluido visitas a lugares emblem\u00e1ticos de la capital, como el Trinity College, el museo interactivo Dublinia y el conocido barrio de Temple Bar. Adem\u00e1s, han explorado localidades costeras como Bray y Howth, y se han alojado con familias irlandesas, lo que ha favorecido una aut\u00e9ntica inmersi\u00f3n ling\u00fc\u00edstica y cultural.<\/p>\n<p data-start=\"1860\" data-end=\"1996\">Una actividad formativa que ha combinado el aprendizaje acad\u00e9mico con el descubrimiento personal y cultural en un entorno internacional.<\/p>\n\n\t\t<style>\n\t\t\t#gallery-1 {\n\t\t\t\tmargin: auto;\n\t\t\t}\n\t\t\t#gallery-1 .gallery-item {\n\t\t\t\tfloat: left;\n\t\t\t\tmargin-top: 10px;\n\t\t\t\ttext-align: center;\n\t\t\t\twidth: 33%;\n\t\t\t}\n\t\t\t#gallery-1 img {\n\t\t\t\tborder: 2px solid #cfcfcf;\n\t\t\t}\n\t\t\t#gallery-1 .gallery-caption {\n\t\t\t\tmargin-left: 0;\n\t\t\t}\n\t\t\t\/* see gallery_shortcode() in wp-includes\/media.php *\/\n\t\t<\/style>\n\t\t<div id='gallery-1' class='gallery galleryid-14490 gallery-columns-3 gallery-size-large'><dl class='gallery-item'>\n\t\t\t<dt class='gallery-icon landscape'>\n\t\t\t\t<a href='https:\/\/blogsaverroes.juntadeandalucia.es\/iesmarquesdecomares\/semana-de-inmersion-linguistica-en-dublin-para-estudiantes-de-bachillerato\/img-20250922-wa0032-rafael-cano-perez\/'><img fetchpriority=\"high\" decoding=\"async\" width=\"1024\" height=\"576\" src=\"https:\/\/blogsaverroes.juntadeandalucia.es\/iesmarquesdecomares\/files\/2025\/10\/IMG-20250922-WA0032-Rafael-Cano-Perez-1024x576.jpg\" class=\"attachment-large size-large\" alt=\"\" srcset=\"https:\/\/blogsaverroes.juntadeandalucia.es\/iesmarquesdecomares\/files\/2025\/10\/IMG-20250922-WA0032-Rafael-Cano-Perez-1024x576.jpg 1024w, https:\/\/blogsaverroes.juntadeandalucia.es\/iesmarquesdecomares\/files\/2025\/10\/IMG-20250922-WA0032-Rafael-Cano-Perez-300x169.jpg 300w, https:\/\/blogsaverroes.juntadeandalucia.es\/iesmarquesdecomares\/files\/2025\/10\/IMG-20250922-WA0032-Rafael-Cano-Perez-768x432.jpg 768w, https:\/\/blogsaverroes.juntadeandalucia.es\/iesmarquesdecomares\/files\/2025\/10\/IMG-20250922-WA0032-Rafael-Cano-Perez-1536x864.jpg 1536w, https:\/\/blogsaverroes.juntadeandalucia.es\/iesmarquesdecomares\/files\/2025\/10\/IMG-20250922-WA0032-Rafael-Cano-Perez.jpg 2048w\" sizes=\"(max-width: 1024px) 100vw, 1024px\" \/><\/a>\n\t\t\t<\/dt><\/dl><dl class='gallery-item'>\n\t\t\t<dt class='gallery-icon landscape'>\n\t\t\t\t<a href='https:\/\/blogsaverroes.juntadeandalucia.es\/iesmarquesdecomares\/semana-de-inmersion-linguistica-en-dublin-para-estudiantes-de-bachillerato\/img-20250922-wa0044-rafael-cano-perez\/'><img decoding=\"async\" width=\"1024\" height=\"576\" src=\"https:\/\/blogsaverroes.juntadeandalucia.es\/iesmarquesdecomares\/files\/2025\/10\/IMG-20250922-WA0044-Rafael-Cano-Perez-1024x576.jpg\" class=\"attachment-large size-large\" alt=\"\" srcset=\"https:\/\/blogsaverroes.juntadeandalucia.es\/iesmarquesdecomares\/files\/2025\/10\/IMG-20250922-WA0044-Rafael-Cano-Perez-1024x576.jpg 1024w, https:\/\/blogsaverroes.juntadeandalucia.es\/iesmarquesdecomares\/files\/2025\/10\/IMG-20250922-WA0044-Rafael-Cano-Perez-300x169.jpg 300w, https:\/\/blogsaverroes.juntadeandalucia.es\/iesmarquesdecomares\/files\/2025\/10\/IMG-20250922-WA0044-Rafael-Cano-Perez-768x432.jpg 768w, https:\/\/blogsaverroes.juntadeandalucia.es\/iesmarquesdecomares\/files\/2025\/10\/IMG-20250922-WA0044-Rafael-Cano-Perez-1536x864.jpg 1536w, https:\/\/blogsaverroes.juntadeandalucia.es\/iesmarquesdecomares\/files\/2025\/10\/IMG-20250922-WA0044-Rafael-Cano-Perez.jpg 1600w\" sizes=\"(max-width: 1024px) 100vw, 1024px\" \/><\/a>\n\t\t\t<\/dt><\/dl><dl class='gallery-item'>\n\t\t\t<dt class='gallery-icon landscape'>\n\t\t\t\t<a href='https:\/\/blogsaverroes.juntadeandalucia.es\/iesmarquesdecomares\/semana-de-inmersion-linguistica-en-dublin-para-estudiantes-de-bachillerato\/img_20250924_133257-rafael-cano-perez\/'><img decoding=\"async\" width=\"1024\" height=\"769\" src=\"https:\/\/blogsaverroes.juntadeandalucia.es\/iesmarquesdecomares\/files\/2025\/10\/IMG_20250924_133257-Rafael-Cano-Perez-1024x769.jpg\" class=\"attachment-large size-large\" alt=\"\" srcset=\"https:\/\/blogsaverroes.juntadeandalucia.es\/iesmarquesdecomares\/files\/2025\/10\/IMG_20250924_133257-Rafael-Cano-Perez-1024x769.jpg 1024w, https:\/\/blogsaverroes.juntadeandalucia.es\/iesmarquesdecomares\/files\/2025\/10\/IMG_20250924_133257-Rafael-Cano-Perez-300x225.jpg 300w, https:\/\/blogsaverroes.juntadeandalucia.es\/iesmarquesdecomares\/files\/2025\/10\/IMG_20250924_133257-Rafael-Cano-Perez-768x577.jpg 768w, https:\/\/blogsaverroes.juntadeandalucia.es\/iesmarquesdecomares\/files\/2025\/10\/IMG_20250924_133257-Rafael-Cano-Perez-1536x1154.jpg 1536w, https:\/\/blogsaverroes.juntadeandalucia.es\/iesmarquesdecomares\/files\/2025\/10\/IMG_20250924_133257-Rafael-Cano-Perez-2048x1538.jpg 2048w\" sizes=\"(max-width: 1024px) 100vw, 1024px\" \/><\/a>\n\t\t\t<\/dt><\/dl><br style=\"clear: both\" \/><dl class='gallery-item'>\n\t\t\t<dt class='gallery-icon landscape'>\n\t\t\t\t<a href='https:\/\/blogsaverroes.juntadeandalucia.es\/iesmarquesdecomares\/semana-de-inmersion-linguistica-en-dublin-para-estudiantes-de-bachillerato\/img_20250922_125153-rafael-cano-perez\/'><img loading=\"lazy\" decoding=\"async\" width=\"1024\" height=\"768\" src=\"https:\/\/blogsaverroes.juntadeandalucia.es\/iesmarquesdecomares\/files\/2025\/10\/IMG_20250922_125153-Rafael-Cano-Perez-1024x768.jpg\" class=\"attachment-large size-large\" alt=\"\" srcset=\"https:\/\/blogsaverroes.juntadeandalucia.es\/iesmarquesdecomares\/files\/2025\/10\/IMG_20250922_125153-Rafael-Cano-Perez-1024x768.jpg 1024w, https:\/\/blogsaverroes.juntadeandalucia.es\/iesmarquesdecomares\/files\/2025\/10\/IMG_20250922_125153-Rafael-Cano-Perez-300x225.jpg 300w, https:\/\/blogsaverroes.juntadeandalucia.es\/iesmarquesdecomares\/files\/2025\/10\/IMG_20250922_125153-Rafael-Cano-Perez-768x576.jpg 768w, https:\/\/blogsaverroes.juntadeandalucia.es\/iesmarquesdecomares\/files\/2025\/10\/IMG_20250922_125153-Rafael-Cano-Perez-1536x1152.jpg 1536w, https:\/\/blogsaverroes.juntadeandalucia.es\/iesmarquesdecomares\/files\/2025\/10\/IMG_20250922_125153-Rafael-Cano-Perez-2048x1536.jpg 2048w\" sizes=\"(max-width: 1024px) 100vw, 1024px\" \/><\/a>\n\t\t\t<\/dt><\/dl><dl class='gallery-item'>\n\t\t\t<dt class='gallery-icon landscape'>\n\t\t\t\t<a href='https:\/\/blogsaverroes.juntadeandalucia.es\/iesmarquesdecomares\/semana-de-inmersion-linguistica-en-dublin-para-estudiantes-de-bachillerato\/img_20250922_124830-rafael-cano-perez\/'><img loading=\"lazy\" decoding=\"async\" width=\"1024\" height=\"768\" src=\"https:\/\/blogsaverroes.juntadeandalucia.es\/iesmarquesdecomares\/files\/2025\/10\/IMG_20250922_124830-Rafael-Cano-Perez-1024x768.jpg\" class=\"attachment-large size-large\" alt=\"\" srcset=\"https:\/\/blogsaverroes.juntadeandalucia.es\/iesmarquesdecomares\/files\/2025\/10\/IMG_20250922_124830-Rafael-Cano-Perez-1024x768.jpg 1024w, https:\/\/blogsaverroes.juntadeandalucia.es\/iesmarquesdecomares\/files\/2025\/10\/IMG_20250922_124830-Rafael-Cano-Perez-300x225.jpg 300w, https:\/\/blogsaverroes.juntadeandalucia.es\/iesmarquesdecomares\/files\/2025\/10\/IMG_20250922_124830-Rafael-Cano-Perez-768x576.jpg 768w, https:\/\/blogsaverroes.juntadeandalucia.es\/iesmarquesdecomares\/files\/2025\/10\/IMG_20250922_124830-Rafael-Cano-Perez-1536x1152.jpg 1536w, https:\/\/blogsaverroes.juntadeandalucia.es\/iesmarquesdecomares\/files\/2025\/10\/IMG_20250922_124830-Rafael-Cano-Perez-2048x1536.jpg 2048w\" sizes=\"(max-width: 1024px) 100vw, 1024px\" \/><\/a>\n\t\t\t<\/dt><\/dl><dl class='gallery-item'>\n\t\t\t<dt class='gallery-icon landscape'>\n\t\t\t\t<a href='https:\/\/blogsaverroes.juntadeandalucia.es\/iesmarquesdecomares\/semana-de-inmersion-linguistica-en-dublin-para-estudiantes-de-bachillerato\/img_20250922_111142-rafael-cano-perez\/'><img loading=\"lazy\" decoding=\"async\" width=\"1024\" height=\"768\" src=\"https:\/\/blogsaverroes.juntadeandalucia.es\/iesmarquesdecomares\/files\/2025\/10\/IMG_20250922_111142-Rafael-Cano-Perez-1024x768.jpg\" class=\"attachment-large size-large\" alt=\"\" srcset=\"https:\/\/blogsaverroes.juntadeandalucia.es\/iesmarquesdecomares\/files\/2025\/10\/IMG_20250922_111142-Rafael-Cano-Perez-1024x768.jpg 1024w, https:\/\/blogsaverroes.juntadeandalucia.es\/iesmarquesdecomares\/files\/2025\/10\/IMG_20250922_111142-Rafael-Cano-Perez-300x225.jpg 300w, https:\/\/blogsaverroes.juntadeandalucia.es\/iesmarquesdecomares\/files\/2025\/10\/IMG_20250922_111142-Rafael-Cano-Perez-768x576.jpg 768w, https:\/\/blogsaverroes.juntadeandalucia.es\/iesmarquesdecomares\/files\/2025\/10\/IMG_20250922_111142-Rafael-Cano-Perez-1536x1152.jpg 1536w, https:\/\/blogsaverroes.juntadeandalucia.es\/iesmarquesdecomares\/files\/2025\/10\/IMG_20250922_111142-Rafael-Cano-Perez-2048x1536.jpg 2048w\" sizes=\"(max-width: 1024px) 100vw, 1024px\" \/><\/a>\n\t\t\t<\/dt><\/dl><br style=\"clear: both\" \/><dl class='gallery-item'>\n\t\t\t<dt class='gallery-icon landscape'>\n\t\t\t\t<a href='https:\/\/blogsaverroes.juntadeandalucia.es\/iesmarquesdecomares\/semana-de-inmersion-linguistica-en-dublin-para-estudiantes-de-bachillerato\/img_20250920_124916-rafael-cano-perez\/'><img loading=\"lazy\" decoding=\"async\" width=\"1024\" height=\"768\" src=\"https:\/\/blogsaverroes.juntadeandalucia.es\/iesmarquesdecomares\/files\/2025\/10\/IMG_20250920_124916-Rafael-Cano-Perez-1024x768.jpg\" class=\"attachment-large size-large\" alt=\"\" srcset=\"https:\/\/blogsaverroes.juntadeandalucia.es\/iesmarquesdecomares\/files\/2025\/10\/IMG_20250920_124916-Rafael-Cano-Perez-1024x768.jpg 1024w, https:\/\/blogsaverroes.juntadeandalucia.es\/iesmarquesdecomares\/files\/2025\/10\/IMG_20250920_124916-Rafael-Cano-Perez-300x225.jpg 300w, https:\/\/blogsaverroes.juntadeandalucia.es\/iesmarquesdecomares\/files\/2025\/10\/IMG_20250920_124916-Rafael-Cano-Perez-768x576.jpg 768w, https:\/\/blogsaverroes.juntadeandalucia.es\/iesmarquesdecomares\/files\/2025\/10\/IMG_20250920_124916-Rafael-Cano-Perez-1536x1152.jpg 1536w, https:\/\/blogsaverroes.juntadeandalucia.es\/iesmarquesdecomares\/files\/2025\/10\/IMG_20250920_124916-Rafael-Cano-Perez-2048x1536.jpg 2048w\" sizes=\"(max-width: 1024px) 100vw, 1024px\" \/><\/a>\n\t\t\t<\/dt><\/dl><dl class='gallery-item'>\n\t\t\t<dt class='gallery-icon landscape'>\n\t\t\t\t<a href='https:\/\/blogsaverroes.juntadeandalucia.es\/iesmarquesdecomares\/semana-de-inmersion-linguistica-en-dublin-para-estudiantes-de-bachillerato\/img_20250919_115606-rafael-cano-perez\/'><img loading=\"lazy\" decoding=\"async\" width=\"1024\" height=\"769\" src=\"https:\/\/blogsaverroes.juntadeandalucia.es\/iesmarquesdecomares\/files\/2025\/10\/IMG_20250919_115606-Rafael-Cano-Perez-1024x769.jpg\" class=\"attachment-large size-large\" alt=\"\" srcset=\"https:\/\/blogsaverroes.juntadeandalucia.es\/iesmarquesdecomares\/files\/2025\/10\/IMG_20250919_115606-Rafael-Cano-Perez-1024x769.jpg 1024w, https:\/\/blogsaverroes.juntadeandalucia.es\/iesmarquesdecomares\/files\/2025\/10\/IMG_20250919_115606-Rafael-Cano-Perez-300x225.jpg 300w, https:\/\/blogsaverroes.juntadeandalucia.es\/iesmarquesdecomares\/files\/2025\/10\/IMG_20250919_115606-Rafael-Cano-Perez-768x577.jpg 768w, https:\/\/blogsaverroes.juntadeandalucia.es\/iesmarquesdecomares\/files\/2025\/10\/IMG_20250919_115606-Rafael-Cano-Perez-1536x1154.jpg 1536w, https:\/\/blogsaverroes.juntadeandalucia.es\/iesmarquesdecomares\/files\/2025\/10\/IMG_20250919_115606-Rafael-Cano-Perez-2048x1538.jpg 2048w\" sizes=\"(max-width: 1024px) 100vw, 1024px\" \/><\/a>\n\t\t\t<\/dt><\/dl><dl class='gallery-item'>\n\t\t\t<dt class='gallery-icon portrait'>\n\t\t\t\t<a href='https:\/\/blogsaverroes.juntadeandalucia.es\/iesmarquesdecomares\/semana-de-inmersion-linguistica-en-dublin-para-estudiantes-de-bachillerato\/img_20250919_113713-rafael-cano-perez\/'><img loading=\"lazy\" decoding=\"async\" width=\"768\" height=\"1024\" src=\"https:\/\/blogsaverroes.juntadeandalucia.es\/iesmarquesdecomares\/files\/2025\/10\/IMG_20250919_113713-Rafael-Cano-Perez-768x1024.jpg\" class=\"attachment-large size-large\" alt=\"\" srcset=\"https:\/\/blogsaverroes.juntadeandalucia.es\/iesmarquesdecomares\/files\/2025\/10\/IMG_20250919_113713-Rafael-Cano-Perez-768x1024.jpg 768w, https:\/\/blogsaverroes.juntadeandalucia.es\/iesmarquesdecomares\/files\/2025\/10\/IMG_20250919_113713-Rafael-Cano-Perez-225x300.jpg 225w, https:\/\/blogsaverroes.juntadeandalucia.es\/iesmarquesdecomares\/files\/2025\/10\/IMG_20250919_113713-Rafael-Cano-Perez-1152x1536.jpg 1152w, https:\/\/blogsaverroes.juntadeandalucia.es\/iesmarquesdecomares\/files\/2025\/10\/IMG_20250919_113713-Rafael-Cano-Perez-1536x2048.jpg 1536w, https:\/\/blogsaverroes.juntadeandalucia.es\/iesmarquesdecomares\/files\/2025\/10\/IMG_20250919_113713-Rafael-Cano-Perez-scaled.jpg 1920w\" sizes=\"(max-width: 768px) 100vw, 768px\" \/><\/a>\n\t\t\t<\/dt><\/dl><br style=\"clear: both\" \/>\n\t\t<\/div>\n\n","protected":false},"excerpt":{"rendered":"<p>Un grupo de 17 alumnos de Bachillerato ha participado en una experiencia educativa en Dubl\u00edn, organizada en colaboraci\u00f3n con la Escuela Oficial de Idiomas de Lucena. Durante esta estancia, los estudiantes han cursado un&#46;&#46;&#46;<\/p>\n","protected":false},"author":8171,"featured_media":14491,"comment_status":"closed","ping_status":"open","sticky":false,"template":"","format":"standard","meta":{"ngg_post_thumbnail":0,"footnotes":""},"categories":[1338933,140],"tags":[],"aioseo_notices":[],"_links":{"self":[{"href":"https:\/\/blogsaverroes.juntadeandalucia.es\/iesmarquesdecomares\/wp-json\/wp\/v2\/posts\/14490"}],"collection":[{"href":"https:\/\/blogsaverroes.juntadeandalucia.es\/iesmarquesdecomares\/wp-json\/wp\/v2\/posts"}],"about":[{"href":"https:\/\/blogsaverroes.juntadeandalucia.es\/iesmarquesdecomares\/wp-json\/wp\/v2\/types\/post"}],"author":[{"embeddable":true,"href":"https:\/\/blogsaverroes.juntadeandalucia.es\/iesmarquesdecomares\/wp-json\/wp\/v2\/users\/8171"}],"replies":[{"embeddable":true,"href":"https:\/\/blogsaverroes.juntadeandalucia.es\/iesmarquesdecomares\/wp-json\/wp\/v2\/comments?post=14490"}],"version-history":[{"count":1,"href":"https:\/\/blogsaverroes.juntadeandalucia.es\/iesmarquesdecomares\/wp-json\/wp\/v2\/posts\/14490\/revisions"}],"predecessor-version":[{"id":14500,"href":"https:\/\/blogsaverroes.juntadeandalucia.es\/iesmarquesdecomares\/wp-json\/wp\/v2\/posts\/14490\/revisions\/14500"}],"wp:featuredmedia":[{"embeddable":true,"href":"https:\/\/blogsaverroes.juntadeandalucia.es\/iesmarquesdecomares\/wp-json\/wp\/v2\/media\/14491"}],"wp:attachment":[{"href":"https:\/\/blogsaverroes.juntadeandalucia.es\/iesmarquesdecomares\/wp-json\/wp\/v2\/media?parent=14490"}],"wp:term":[{"taxonomy":"category","embeddable":true,"href":"https:\/\/blogsaverroes.juntadeandalucia.es\/iesmarquesdecomares\/wp-json\/wp\/v2\/categories?post=14490"},{"taxonomy":"post_tag","embeddable":true,"href":"https:\/\/blogsaverroes.juntadeandalucia.es\/iesmarquesdecomares\/wp-json\/wp\/v2\/tags?post=14490"}],"curies":[{"name":"wp","href":"https:\/\/api.w.org\/{rel}","templated":true}]}}