{"id":14501,"date":"2025-10-01T15:35:53","date_gmt":"2025-10-01T14:35:53","guid":{"rendered":"https:\/\/blogsaverroes.juntadeandalucia.es\/iesmarquesdecomares\/?p=14501"},"modified":"2025-10-01T15:35:53","modified_gmt":"2025-10-01T14:35:53","slug":"el-alumnado-de-4o-de-eso-visita-la-exposicion-la-adolescencia-ante-la-violencia-machista","status":"publish","type":"post","link":"https:\/\/blogsaverroes.juntadeandalucia.es\/iesmarquesdecomares\/el-alumnado-de-4o-de-eso-visita-la-exposicion-la-adolescencia-ante-la-violencia-machista\/","title":{"rendered":"El alumnado de 4\u00ba de ESO visita la exposici\u00f3n \u201cLa adolescencia ante la violencia machista\u201d"},"content":{"rendered":"<p data-start=\"1398\" data-end=\"1779\">En el marco del Plan de Igualdad del centro y coincidiendo con el inicio de curso, los tres grupos de 4\u00ba de ESO han participado en una actividad de sensibilizaci\u00f3n frente a la violencia de g\u00e9nero. Se trata de la visita a la exposici\u00f3n itinerante <em data-start=\"1644\" data-end=\"1688\">La adolescencia ante la violencia machista<\/em>, organizada por el Ayuntamiento de Lucena y ubicada en el claustro de la Casa de los Mora.<\/p>\n<p data-start=\"1781\" data-end=\"2232\">La jornada comenz\u00f3 con la intervenci\u00f3n de la directora del Centro Municipal de Informaci\u00f3n a la Mujer, quien introdujo al alumnado en los objetivos del proyecto y subray\u00f3 la importancia de la educaci\u00f3n temprana en la prevenci\u00f3n de la violencia machista. Posteriormente, el alumnado recorri\u00f3 una serie de ilustraciones elaboradas a partir de un estudio con adolescentes madrile\u00f1os, que sirven como herramienta visual para promover la reflexi\u00f3n cr\u00edtica.<\/p>\n<p data-start=\"2234\" data-end=\"2505\">Como parte del enfoque educativo integral, los aprendizajes obtenidos en esta visita ser\u00e1n desarrollados en distintas asignaturas a lo largo del curso, favoreciendo el compromiso del alumnado con la igualdad y la coeducaci\u00f3n, en l\u00ednea con la normativa educativa andaluza.<\/p>\n<p data-start=\"2234\" data-end=\"2505\"><a href=\"https:\/\/blogsaverroes.juntadeandalucia.es\/iesmarquesdecomares\/el-alumnado-de-4o-de-eso-visita-la-exposicion-la-adolescencia-ante-la-violencia-machista\/img_7445-maria-esther-pina-torres\/\" rel=\"attachment wp-att-14502\"><img fetchpriority=\"high\" decoding=\"async\" class=\"aligncenter size-large wp-image-14502\" src=\"https:\/\/blogsaverroes.juntadeandalucia.es\/iesmarquesdecomares\/files\/2025\/10\/IMG_7445-Maria-Esther-Pina-Torres-1024x768.jpg\" alt=\"\" width=\"1024\" height=\"768\" srcset=\"https:\/\/blogsaverroes.juntadeandalucia.es\/iesmarquesdecomares\/files\/2025\/10\/IMG_7445-Maria-Esther-Pina-Torres-1024x768.jpg 1024w, https:\/\/blogsaverroes.juntadeandalucia.es\/iesmarquesdecomares\/files\/2025\/10\/IMG_7445-Maria-Esther-Pina-Torres-300x225.jpg 300w, https:\/\/blogsaverroes.juntadeandalucia.es\/iesmarquesdecomares\/files\/2025\/10\/IMG_7445-Maria-Esther-Pina-Torres-768x576.jpg 768w, https:\/\/blogsaverroes.juntadeandalucia.es\/iesmarquesdecomares\/files\/2025\/10\/IMG_7445-Maria-Esther-Pina-Torres-1536x1152.jpg 1536w, https:\/\/blogsaverroes.juntadeandalucia.es\/iesmarquesdecomares\/files\/2025\/10\/IMG_7445-Maria-Esther-Pina-Torres-2048x1536.jpg 2048w\" sizes=\"(max-width: 1024px) 100vw, 1024px\" \/><\/a> <a href=\"https:\/\/blogsaverroes.juntadeandalucia.es\/iesmarquesdecomares\/el-alumnado-de-4o-de-eso-visita-la-exposicion-la-adolescencia-ante-la-violencia-machista\/img_7469-maria-esther-pina-torres\/\" rel=\"attachment wp-att-14503\"><img decoding=\"async\" class=\"aligncenter size-large wp-image-14503\" src=\"https:\/\/blogsaverroes.juntadeandalucia.es\/iesmarquesdecomares\/files\/2025\/10\/IMG_7469-Maria-Esther-Pina-Torres-768x1024.jpg\" alt=\"\" width=\"768\" height=\"1024\" srcset=\"https:\/\/blogsaverroes.juntadeandalucia.es\/iesmarquesdecomares\/files\/2025\/10\/IMG_7469-Maria-Esther-Pina-Torres-768x1024.jpg 768w, https:\/\/blogsaverroes.juntadeandalucia.es\/iesmarquesdecomares\/files\/2025\/10\/IMG_7469-Maria-Esther-Pina-Torres-225x300.jpg 225w, https:\/\/blogsaverroes.juntadeandalucia.es\/iesmarquesdecomares\/files\/2025\/10\/IMG_7469-Maria-Esther-Pina-Torres-1152x1536.jpg 1152w, https:\/\/blogsaverroes.juntadeandalucia.es\/iesmarquesdecomares\/files\/2025\/10\/IMG_7469-Maria-Esther-Pina-Torres-1536x2048.jpg 1536w, https:\/\/blogsaverroes.juntadeandalucia.es\/iesmarquesdecomares\/files\/2025\/10\/IMG_7469-Maria-Esther-Pina-Torres-scaled.jpg 1920w\" sizes=\"(max-width: 768px) 100vw, 768px\" \/><\/a> <a href=\"https:\/\/blogsaverroes.juntadeandalucia.es\/iesmarquesdecomares\/el-alumnado-de-4o-de-eso-visita-la-exposicion-la-adolescencia-ante-la-violencia-machista\/img_7455-maria-esther-pina-torres\/\" rel=\"attachment wp-att-14504\"><img decoding=\"async\" class=\"aligncenter size-large wp-image-14504\" src=\"https:\/\/blogsaverroes.juntadeandalucia.es\/iesmarquesdecomares\/files\/2025\/10\/IMG_7455-Maria-Esther-Pina-Torres-1024x768.jpg\" alt=\"\" width=\"1024\" height=\"768\" srcset=\"https:\/\/blogsaverroes.juntadeandalucia.es\/iesmarquesdecomares\/files\/2025\/10\/IMG_7455-Maria-Esther-Pina-Torres-1024x768.jpg 1024w, https:\/\/blogsaverroes.juntadeandalucia.es\/iesmarquesdecomares\/files\/2025\/10\/IMG_7455-Maria-Esther-Pina-Torres-300x225.jpg 300w, https:\/\/blogsaverroes.juntadeandalucia.es\/iesmarquesdecomares\/files\/2025\/10\/IMG_7455-Maria-Esther-Pina-Torres-768x576.jpg 768w, https:\/\/blogsaverroes.juntadeandalucia.es\/iesmarquesdecomares\/files\/2025\/10\/IMG_7455-Maria-Esther-Pina-Torres-1536x1152.jpg 1536w, https:\/\/blogsaverroes.juntadeandalucia.es\/iesmarquesdecomares\/files\/2025\/10\/IMG_7455-Maria-Esther-Pina-Torres-2048x1536.jpg 2048w\" sizes=\"(max-width: 1024px) 100vw, 1024px\" \/><\/a> <a href=\"https:\/\/blogsaverroes.juntadeandalucia.es\/iesmarquesdecomares\/el-alumnado-de-4o-de-eso-visita-la-exposicion-la-adolescencia-ante-la-violencia-machista\/img_7453-maria-esther-pina-torres\/\" rel=\"attachment wp-att-14505\"><img loading=\"lazy\" decoding=\"async\" class=\"aligncenter size-large wp-image-14505\" src=\"https:\/\/blogsaverroes.juntadeandalucia.es\/iesmarquesdecomares\/files\/2025\/10\/IMG_7453-Maria-Esther-Pina-Torres-768x1024.jpg\" alt=\"\" width=\"768\" height=\"1024\" srcset=\"https:\/\/blogsaverroes.juntadeandalucia.es\/iesmarquesdecomares\/files\/2025\/10\/IMG_7453-Maria-Esther-Pina-Torres-768x1024.jpg 768w, https:\/\/blogsaverroes.juntadeandalucia.es\/iesmarquesdecomares\/files\/2025\/10\/IMG_7453-Maria-Esther-Pina-Torres-225x300.jpg 225w, https:\/\/blogsaverroes.juntadeandalucia.es\/iesmarquesdecomares\/files\/2025\/10\/IMG_7453-Maria-Esther-Pina-Torres-1152x1536.jpg 1152w, https:\/\/blogsaverroes.juntadeandalucia.es\/iesmarquesdecomares\/files\/2025\/10\/IMG_7453-Maria-Esther-Pina-Torres-1536x2048.jpg 1536w, https:\/\/blogsaverroes.juntadeandalucia.es\/iesmarquesdecomares\/files\/2025\/10\/IMG_7453-Maria-Esther-Pina-Torres-scaled.jpg 1920w\" sizes=\"(max-width: 768px) 100vw, 768px\" \/><\/a><\/p>\n","protected":false},"excerpt":{"rendered":"<p>En el marco del Plan de Igualdad del centro y coincidiendo con el inicio de curso, los tres grupos de 4\u00ba de ESO han participado en una actividad de sensibilizaci\u00f3n frente a la violencia&#46;&#46;&#46;<\/p>\n","protected":false},"author":8171,"featured_media":14503,"comment_status":"closed","ping_status":"open","sticky":false,"template":"","format":"standard","meta":{"ngg_post_thumbnail":0,"footnotes":""},"categories":[20003],"tags":[],"aioseo_notices":[],"_links":{"self":[{"href":"https:\/\/blogsaverroes.juntadeandalucia.es\/iesmarquesdecomares\/wp-json\/wp\/v2\/posts\/14501"}],"collection":[{"href":"https:\/\/blogsaverroes.juntadeandalucia.es\/iesmarquesdecomares\/wp-json\/wp\/v2\/posts"}],"about":[{"href":"https:\/\/blogsaverroes.juntadeandalucia.es\/iesmarquesdecomares\/wp-json\/wp\/v2\/types\/post"}],"author":[{"embeddable":true,"href":"https:\/\/blogsaverroes.juntadeandalucia.es\/iesmarquesdecomares\/wp-json\/wp\/v2\/users\/8171"}],"replies":[{"embeddable":true,"href":"https:\/\/blogsaverroes.juntadeandalucia.es\/iesmarquesdecomares\/wp-json\/wp\/v2\/comments?post=14501"}],"version-history":[{"count":2,"href":"https:\/\/blogsaverroes.juntadeandalucia.es\/iesmarquesdecomares\/wp-json\/wp\/v2\/posts\/14501\/revisions"}],"predecessor-version":[{"id":14507,"href":"https:\/\/blogsaverroes.juntadeandalucia.es\/iesmarquesdecomares\/wp-json\/wp\/v2\/posts\/14501\/revisions\/14507"}],"wp:featuredmedia":[{"embeddable":true,"href":"https:\/\/blogsaverroes.juntadeandalucia.es\/iesmarquesdecomares\/wp-json\/wp\/v2\/media\/14503"}],"wp:attachment":[{"href":"https:\/\/blogsaverroes.juntadeandalucia.es\/iesmarquesdecomares\/wp-json\/wp\/v2\/media?parent=14501"}],"wp:term":[{"taxonomy":"category","embeddable":true,"href":"https:\/\/blogsaverroes.juntadeandalucia.es\/iesmarquesdecomares\/wp-json\/wp\/v2\/categories?post=14501"},{"taxonomy":"post_tag","embeddable":true,"href":"https:\/\/blogsaverroes.juntadeandalucia.es\/iesmarquesdecomares\/wp-json\/wp\/v2\/tags?post=14501"}],"curies":[{"name":"wp","href":"https:\/\/api.w.org\/{rel}","templated":true}]}}