{"id":14559,"date":"2025-10-23T11:11:25","date_gmt":"2025-10-23T10:11:25","guid":{"rendered":"https:\/\/blogsaverroes.juntadeandalucia.es\/iesmarquesdecomares\/?p=14559"},"modified":"2025-10-23T11:11:25","modified_gmt":"2025-10-23T10:11:25","slug":"dia-de-las-bibliotecas-espacios-que-conectan-con-el-conocimiento","status":"publish","type":"post","link":"https:\/\/blogsaverroes.juntadeandalucia.es\/iesmarquesdecomares\/dia-de-las-bibliotecas-espacios-que-conectan-con-el-conocimiento\/","title":{"rendered":"D\u00eda de las Bibliotecas: espacios que conectan con el conocimiento"},"content":{"rendered":"<p data-start=\"1361\" data-end=\"1684\">El 24 de octubre se conmemora el D\u00eda de las Bibliotecas, y el lema propuesto este a\u00f1o es <em data-start=\"1450\" data-end=\"1491\">\u201cContra la desinformaci\u00f3n: bibliotecas\u201d<\/em>. Con esta frase se busca poner en valor el papel que desempe\u00f1an las bibliotecas como espacios de acceso a informaci\u00f3n verificada y de calidad, algo esencial en un contexto de sobreinformaci\u00f3n.<\/p>\n<p data-start=\"1686\" data-end=\"1888\">Las bibliotecas no solo son lugares donde se almacenan libros; tambi\u00e9n son puntos de encuentro, de aprendizaje y de disfrute de la lectura. Sigamos valorando y aprovechando los recursos que nos ofrecen.<\/p>\n<p data-start=\"1890\" data-end=\"2098\">Para reflexionar sobre los beneficios de la lectura, compartimos este art\u00edculo: https:\/\/yerseyowen.com\/2019\/06\/18\/5-razones-por-las-que-leer-libros-es-bueno\/<a href=\"https:\/\/blogsaverroes.juntadeandalucia.es\/iesmarquesdecomares\/dia-de-las-bibliotecas-espacios-que-conectan-con-el-conocimiento\/dia-bibliotecas-villarrobledo-2025_blog-ma-del-carmen-florido-aguera\/\" rel=\"attachment wp-att-14560\"><img fetchpriority=\"high\" decoding=\"async\" class=\"aligncenter size-full wp-image-14560\" src=\"https:\/\/blogsaverroes.juntadeandalucia.es\/iesmarquesdecomares\/files\/2025\/10\/dia-bibliotecas-villarrobledo-2025_blog-Ma-del-Carmen-Florido-Aguera.jpg\" alt=\"\" width=\"850\" height=\"455\" srcset=\"https:\/\/blogsaverroes.juntadeandalucia.es\/iesmarquesdecomares\/files\/2025\/10\/dia-bibliotecas-villarrobledo-2025_blog-Ma-del-Carmen-Florido-Aguera.jpg 850w, https:\/\/blogsaverroes.juntadeandalucia.es\/iesmarquesdecomares\/files\/2025\/10\/dia-bibliotecas-villarrobledo-2025_blog-Ma-del-Carmen-Florido-Aguera-300x161.jpg 300w, https:\/\/blogsaverroes.juntadeandalucia.es\/iesmarquesdecomares\/files\/2025\/10\/dia-bibliotecas-villarrobledo-2025_blog-Ma-del-Carmen-Florido-Aguera-768x411.jpg 768w\" sizes=\"(max-width: 850px) 100vw, 850px\" \/><\/a><\/p>\n","protected":false},"excerpt":{"rendered":"<p>El 24 de octubre se conmemora el D\u00eda de las Bibliotecas, y el lema propuesto este a\u00f1o es \u201cContra la desinformaci\u00f3n: bibliotecas\u201d. Con esta frase se busca poner en valor el papel que desempe\u00f1an&#46;&#46;&#46;<\/p>\n","protected":false},"author":8171,"featured_media":14560,"comment_status":"closed","ping_status":"open","sticky":false,"template":"","format":"standard","meta":{"ngg_post_thumbnail":0,"footnotes":""},"categories":[213],"tags":[],"aioseo_notices":[],"_links":{"self":[{"href":"https:\/\/blogsaverroes.juntadeandalucia.es\/iesmarquesdecomares\/wp-json\/wp\/v2\/posts\/14559"}],"collection":[{"href":"https:\/\/blogsaverroes.juntadeandalucia.es\/iesmarquesdecomares\/wp-json\/wp\/v2\/posts"}],"about":[{"href":"https:\/\/blogsaverroes.juntadeandalucia.es\/iesmarquesdecomares\/wp-json\/wp\/v2\/types\/post"}],"author":[{"embeddable":true,"href":"https:\/\/blogsaverroes.juntadeandalucia.es\/iesmarquesdecomares\/wp-json\/wp\/v2\/users\/8171"}],"replies":[{"embeddable":true,"href":"https:\/\/blogsaverroes.juntadeandalucia.es\/iesmarquesdecomares\/wp-json\/wp\/v2\/comments?post=14559"}],"version-history":[{"count":2,"href":"https:\/\/blogsaverroes.juntadeandalucia.es\/iesmarquesdecomares\/wp-json\/wp\/v2\/posts\/14559\/revisions"}],"predecessor-version":[{"id":14562,"href":"https:\/\/blogsaverroes.juntadeandalucia.es\/iesmarquesdecomares\/wp-json\/wp\/v2\/posts\/14559\/revisions\/14562"}],"wp:featuredmedia":[{"embeddable":true,"href":"https:\/\/blogsaverroes.juntadeandalucia.es\/iesmarquesdecomares\/wp-json\/wp\/v2\/media\/14560"}],"wp:attachment":[{"href":"https:\/\/blogsaverroes.juntadeandalucia.es\/iesmarquesdecomares\/wp-json\/wp\/v2\/media?parent=14559"}],"wp:term":[{"taxonomy":"category","embeddable":true,"href":"https:\/\/blogsaverroes.juntadeandalucia.es\/iesmarquesdecomares\/wp-json\/wp\/v2\/categories?post=14559"},{"taxonomy":"post_tag","embeddable":true,"href":"https:\/\/blogsaverroes.juntadeandalucia.es\/iesmarquesdecomares\/wp-json\/wp\/v2\/tags?post=14559"}],"curies":[{"name":"wp","href":"https:\/\/api.w.org\/{rel}","templated":true}]}}