{"id":14611,"date":"2025-11-20T11:28:55","date_gmt":"2025-11-20T10:28:55","guid":{"rendered":"https:\/\/blogsaverroes.juntadeandalucia.es\/iesmarquesdecomares\/?p=14611"},"modified":"2025-11-20T11:28:55","modified_gmt":"2025-11-20T10:28:55","slug":"enhorabuena-amaya","status":"publish","type":"post","link":"https:\/\/blogsaverroes.juntadeandalucia.es\/iesmarquesdecomares\/enhorabuena-amaya\/","title":{"rendered":"\u00a1Enhorabuena, Amaya!"},"content":{"rendered":"<p>El pasado 9 de noviembre de 2025, nuestra alumna Amaya Osuna se proclam\u00f3 campeona de Andaluc\u00eda en la categor\u00eda junior Individual, en su especialidad de mazas, durante los Campeonatos de Andaluc\u00eda Copa Federaci\u00f3n, logrando adem\u00e1s el primer puesto por equipos.<\/p>\n<p>Un resultado que refleja su trabajo y compromiso. Por ello desde el instituto queremos felicitarla por sus logros y reconocer el esfuerzo que hay detr\u00e1s de ellos. Enhorabuena, Amaya.<\/p>\n<p><a href=\"https:\/\/blogsaverroes.juntadeandalucia.es\/iesmarquesdecomares\/enhorabuena-amaya\/1000108566-juan-luis-saez-escobar\/\" rel=\"attachment wp-att-14612\"><img fetchpriority=\"high\" decoding=\"async\" class=\"aligncenter size-large wp-image-14612\" src=\"https:\/\/blogsaverroes.juntadeandalucia.es\/iesmarquesdecomares\/files\/2025\/11\/1000108566-Juan-Luis-Saez-Escobar-768x1024.jpg\" alt=\"\" width=\"768\" height=\"1024\" srcset=\"https:\/\/blogsaverroes.juntadeandalucia.es\/iesmarquesdecomares\/files\/2025\/11\/1000108566-Juan-Luis-Saez-Escobar-768x1024.jpg 768w, https:\/\/blogsaverroes.juntadeandalucia.es\/iesmarquesdecomares\/files\/2025\/11\/1000108566-Juan-Luis-Saez-Escobar-225x300.jpg 225w, https:\/\/blogsaverroes.juntadeandalucia.es\/iesmarquesdecomares\/files\/2025\/11\/1000108566-Juan-Luis-Saez-Escobar-1152x1536.jpg 1152w, https:\/\/blogsaverroes.juntadeandalucia.es\/iesmarquesdecomares\/files\/2025\/11\/1000108566-Juan-Luis-Saez-Escobar.jpg 1200w\" sizes=\"(max-width: 768px) 100vw, 768px\" \/><\/a> <a href=\"https:\/\/blogsaverroes.juntadeandalucia.es\/iesmarquesdecomares\/enhorabuena-amaya\/1000108498-juan-luis-saez-escobar\/\" rel=\"attachment wp-att-14613\"><img decoding=\"async\" class=\"aligncenter size-large wp-image-14613\" src=\"https:\/\/blogsaverroes.juntadeandalucia.es\/iesmarquesdecomares\/files\/2025\/11\/1000108498-Juan-Luis-Saez-Escobar-768x1024.jpg\" alt=\"\" width=\"768\" height=\"1024\" srcset=\"https:\/\/blogsaverroes.juntadeandalucia.es\/iesmarquesdecomares\/files\/2025\/11\/1000108498-Juan-Luis-Saez-Escobar-768x1024.jpg 768w, https:\/\/blogsaverroes.juntadeandalucia.es\/iesmarquesdecomares\/files\/2025\/11\/1000108498-Juan-Luis-Saez-Escobar-225x300.jpg 225w, https:\/\/blogsaverroes.juntadeandalucia.es\/iesmarquesdecomares\/files\/2025\/11\/1000108498-Juan-Luis-Saez-Escobar-1152x1536.jpg 1152w, https:\/\/blogsaverroes.juntadeandalucia.es\/iesmarquesdecomares\/files\/2025\/11\/1000108498-Juan-Luis-Saez-Escobar.jpg 1536w\" sizes=\"(max-width: 768px) 100vw, 768px\" \/><\/a> <a href=\"https:\/\/blogsaverroes.juntadeandalucia.es\/iesmarquesdecomares\/enhorabuena-amaya\/1000108591-juan-luis-saez-escobar\/\" rel=\"attachment wp-att-14614\"><img decoding=\"async\" class=\"aligncenter size-large wp-image-14614\" src=\"https:\/\/blogsaverroes.juntadeandalucia.es\/iesmarquesdecomares\/files\/2025\/11\/1000108591-Juan-Luis-Saez-Escobar-1024x576.jpg\" alt=\"\" width=\"1024\" height=\"576\" srcset=\"https:\/\/blogsaverroes.juntadeandalucia.es\/iesmarquesdecomares\/files\/2025\/11\/1000108591-Juan-Luis-Saez-Escobar-1024x576.jpg 1024w, https:\/\/blogsaverroes.juntadeandalucia.es\/iesmarquesdecomares\/files\/2025\/11\/1000108591-Juan-Luis-Saez-Escobar-300x169.jpg 300w, https:\/\/blogsaverroes.juntadeandalucia.es\/iesmarquesdecomares\/files\/2025\/11\/1000108591-Juan-Luis-Saez-Escobar-768x432.jpg 768w, https:\/\/blogsaverroes.juntadeandalucia.es\/iesmarquesdecomares\/files\/2025\/11\/1000108591-Juan-Luis-Saez-Escobar-1536x864.jpg 1536w, https:\/\/blogsaverroes.juntadeandalucia.es\/iesmarquesdecomares\/files\/2025\/11\/1000108591-Juan-Luis-Saez-Escobar.jpg 1600w\" sizes=\"(max-width: 1024px) 100vw, 1024px\" \/><\/a> <a href=\"https:\/\/blogsaverroes.juntadeandalucia.es\/iesmarquesdecomares\/enhorabuena-amaya\/1000108848-juan-luis-saez-escobar\/\" rel=\"attachment wp-att-14615\"><img loading=\"lazy\" decoding=\"async\" class=\"aligncenter size-large wp-image-14615\" src=\"https:\/\/blogsaverroes.juntadeandalucia.es\/iesmarquesdecomares\/files\/2025\/11\/1000108848-Juan-Luis-Saez-Escobar-1024x576.jpg\" alt=\"\" width=\"1024\" height=\"576\" srcset=\"https:\/\/blogsaverroes.juntadeandalucia.es\/iesmarquesdecomares\/files\/2025\/11\/1000108848-Juan-Luis-Saez-Escobar-1024x576.jpg 1024w, https:\/\/blogsaverroes.juntadeandalucia.es\/iesmarquesdecomares\/files\/2025\/11\/1000108848-Juan-Luis-Saez-Escobar-300x169.jpg 300w, https:\/\/blogsaverroes.juntadeandalucia.es\/iesmarquesdecomares\/files\/2025\/11\/1000108848-Juan-Luis-Saez-Escobar-768x432.jpg 768w, https:\/\/blogsaverroes.juntadeandalucia.es\/iesmarquesdecomares\/files\/2025\/11\/1000108848-Juan-Luis-Saez-Escobar.jpg 1080w\" sizes=\"(max-width: 1024px) 100vw, 1024px\" \/><\/a><\/p>\n","protected":false},"excerpt":{"rendered":"<p>El pasado 9 de noviembre de 2025, nuestra alumna Amaya Osuna se proclam\u00f3 campeona de Andaluc\u00eda en la categor\u00eda junior Individual, en su especialidad de mazas, durante los Campeonatos de Andaluc\u00eda Copa Federaci\u00f3n, logrando&#46;&#46;&#46;<\/p>\n","protected":false},"author":8171,"featured_media":14612,"comment_status":"closed","ping_status":"open","sticky":false,"template":"","format":"standard","meta":{"ngg_post_thumbnail":0,"footnotes":""},"categories":[526],"tags":[],"aioseo_notices":[],"_links":{"self":[{"href":"https:\/\/blogsaverroes.juntadeandalucia.es\/iesmarquesdecomares\/wp-json\/wp\/v2\/posts\/14611"}],"collection":[{"href":"https:\/\/blogsaverroes.juntadeandalucia.es\/iesmarquesdecomares\/wp-json\/wp\/v2\/posts"}],"about":[{"href":"https:\/\/blogsaverroes.juntadeandalucia.es\/iesmarquesdecomares\/wp-json\/wp\/v2\/types\/post"}],"author":[{"embeddable":true,"href":"https:\/\/blogsaverroes.juntadeandalucia.es\/iesmarquesdecomares\/wp-json\/wp\/v2\/users\/8171"}],"replies":[{"embeddable":true,"href":"https:\/\/blogsaverroes.juntadeandalucia.es\/iesmarquesdecomares\/wp-json\/wp\/v2\/comments?post=14611"}],"version-history":[{"count":2,"href":"https:\/\/blogsaverroes.juntadeandalucia.es\/iesmarquesdecomares\/wp-json\/wp\/v2\/posts\/14611\/revisions"}],"predecessor-version":[{"id":14617,"href":"https:\/\/blogsaverroes.juntadeandalucia.es\/iesmarquesdecomares\/wp-json\/wp\/v2\/posts\/14611\/revisions\/14617"}],"wp:featuredmedia":[{"embeddable":true,"href":"https:\/\/blogsaverroes.juntadeandalucia.es\/iesmarquesdecomares\/wp-json\/wp\/v2\/media\/14612"}],"wp:attachment":[{"href":"https:\/\/blogsaverroes.juntadeandalucia.es\/iesmarquesdecomares\/wp-json\/wp\/v2\/media?parent=14611"}],"wp:term":[{"taxonomy":"category","embeddable":true,"href":"https:\/\/blogsaverroes.juntadeandalucia.es\/iesmarquesdecomares\/wp-json\/wp\/v2\/categories?post=14611"},{"taxonomy":"post_tag","embeddable":true,"href":"https:\/\/blogsaverroes.juntadeandalucia.es\/iesmarquesdecomares\/wp-json\/wp\/v2\/tags?post=14611"}],"curies":[{"name":"wp","href":"https:\/\/api.w.org\/{rel}","templated":true}]}}