{"id":14623,"date":"2025-11-20T11:38:58","date_gmt":"2025-11-20T10:38:58","guid":{"rendered":"https:\/\/blogsaverroes.juntadeandalucia.es\/iesmarquesdecomares\/?p=14623"},"modified":"2025-11-20T11:38:58","modified_gmt":"2025-11-20T10:38:58","slug":"presentacion-de-la-biblioteca-a-1o-de-eso-a-cargo-del-aula-especifica","status":"publish","type":"post","link":"https:\/\/blogsaverroes.juntadeandalucia.es\/iesmarquesdecomares\/presentacion-de-la-biblioteca-a-1o-de-eso-a-cargo-del-aula-especifica\/","title":{"rendered":"Presentaci\u00f3n de la biblioteca a 1\u00ba de ESO a cargo del aula espec\u00edfica"},"content":{"rendered":"<p data-start=\"984\" data-end=\"1338\">Como parte del inicio de curso, el alumnado de 1\u00ba de ESO ha recibido una presentaci\u00f3n sobre el funcionamiento de la biblioteca del centro. Este a\u00f1o, la actividad ha contado con la participaci\u00f3n de \u00c1ngel y Aurelio, del aula espec\u00edfica, quienes han sido los encargados de dar la bienvenida, explicar las normas b\u00e1sicas y comentar las actividades previstas.<\/p>\n<p data-start=\"1340\" data-end=\"1609\" data-is-last-node=\"\" data-is-only-node=\"\">Ha sido una experiencia enriquecedora tanto para quienes han expuesto como para quienes han asistido, y una excelente manera de acercarse al uso responsable y participativo de este espacio com\u00fan. Agradecemos a \u00c1ngel y Aurelio su implicaci\u00f3n y el buen trabajo realizado.<\/p>\n<p data-start=\"1340\" data-end=\"1609\" data-is-last-node=\"\" data-is-only-node=\"\"><a href=\"https:\/\/blogsaverroes.juntadeandalucia.es\/iesmarquesdecomares\/presentacion-de-la-biblioteca-a-1o-de-eso-a-cargo-del-aula-especifica\/1000055279-jefatura-de-estudios-diurno\/\" rel=\"attachment wp-att-14624\"><img fetchpriority=\"high\" decoding=\"async\" class=\"aligncenter size-large wp-image-14624\" src=\"https:\/\/blogsaverroes.juntadeandalucia.es\/iesmarquesdecomares\/files\/2025\/11\/1000055279-Jefatura-de-Estudios-Diurno-768x1024.jpg\" alt=\"\" width=\"768\" height=\"1024\" srcset=\"https:\/\/blogsaverroes.juntadeandalucia.es\/iesmarquesdecomares\/files\/2025\/11\/1000055279-Jefatura-de-Estudios-Diurno-768x1024.jpg 768w, https:\/\/blogsaverroes.juntadeandalucia.es\/iesmarquesdecomares\/files\/2025\/11\/1000055279-Jefatura-de-Estudios-Diurno-225x300.jpg 225w, https:\/\/blogsaverroes.juntadeandalucia.es\/iesmarquesdecomares\/files\/2025\/11\/1000055279-Jefatura-de-Estudios-Diurno-1152x1536.jpg 1152w, https:\/\/blogsaverroes.juntadeandalucia.es\/iesmarquesdecomares\/files\/2025\/11\/1000055279-Jefatura-de-Estudios-Diurno-1536x2048.jpg 1536w, https:\/\/blogsaverroes.juntadeandalucia.es\/iesmarquesdecomares\/files\/2025\/11\/1000055279-Jefatura-de-Estudios-Diurno-scaled.jpg 1920w\" sizes=\"(max-width: 768px) 100vw, 768px\" \/><\/a> <a href=\"https:\/\/blogsaverroes.juntadeandalucia.es\/iesmarquesdecomares\/presentacion-de-la-biblioteca-a-1o-de-eso-a-cargo-del-aula-especifica\/1000055278-jefatura-de-estudios-diurno\/\" rel=\"attachment wp-att-14625\"><img decoding=\"async\" class=\"aligncenter size-large wp-image-14625\" src=\"https:\/\/blogsaverroes.juntadeandalucia.es\/iesmarquesdecomares\/files\/2025\/11\/1000055278-Jefatura-de-Estudios-Diurno-768x1024.jpg\" alt=\"\" width=\"768\" height=\"1024\" srcset=\"https:\/\/blogsaverroes.juntadeandalucia.es\/iesmarquesdecomares\/files\/2025\/11\/1000055278-Jefatura-de-Estudios-Diurno-768x1024.jpg 768w, https:\/\/blogsaverroes.juntadeandalucia.es\/iesmarquesdecomares\/files\/2025\/11\/1000055278-Jefatura-de-Estudios-Diurno-225x300.jpg 225w, https:\/\/blogsaverroes.juntadeandalucia.es\/iesmarquesdecomares\/files\/2025\/11\/1000055278-Jefatura-de-Estudios-Diurno-1152x1536.jpg 1152w, https:\/\/blogsaverroes.juntadeandalucia.es\/iesmarquesdecomares\/files\/2025\/11\/1000055278-Jefatura-de-Estudios-Diurno-1536x2048.jpg 1536w, https:\/\/blogsaverroes.juntadeandalucia.es\/iesmarquesdecomares\/files\/2025\/11\/1000055278-Jefatura-de-Estudios-Diurno-scaled.jpg 1920w\" sizes=\"(max-width: 768px) 100vw, 768px\" \/><\/a><\/p>\n","protected":false},"excerpt":{"rendered":"<p>Como parte del inicio de curso, el alumnado de 1\u00ba de ESO ha recibido una presentaci\u00f3n sobre el funcionamiento de la biblioteca del centro. Este a\u00f1o, la actividad ha contado con la participaci\u00f3n de&#46;&#46;&#46;<\/p>\n","protected":false},"author":8171,"featured_media":14624,"comment_status":"closed","ping_status":"open","sticky":false,"template":"","format":"standard","meta":{"ngg_post_thumbnail":0,"footnotes":""},"categories":[526],"tags":[],"aioseo_notices":[],"_links":{"self":[{"href":"https:\/\/blogsaverroes.juntadeandalucia.es\/iesmarquesdecomares\/wp-json\/wp\/v2\/posts\/14623"}],"collection":[{"href":"https:\/\/blogsaverroes.juntadeandalucia.es\/iesmarquesdecomares\/wp-json\/wp\/v2\/posts"}],"about":[{"href":"https:\/\/blogsaverroes.juntadeandalucia.es\/iesmarquesdecomares\/wp-json\/wp\/v2\/types\/post"}],"author":[{"embeddable":true,"href":"https:\/\/blogsaverroes.juntadeandalucia.es\/iesmarquesdecomares\/wp-json\/wp\/v2\/users\/8171"}],"replies":[{"embeddable":true,"href":"https:\/\/blogsaverroes.juntadeandalucia.es\/iesmarquesdecomares\/wp-json\/wp\/v2\/comments?post=14623"}],"version-history":[{"count":2,"href":"https:\/\/blogsaverroes.juntadeandalucia.es\/iesmarquesdecomares\/wp-json\/wp\/v2\/posts\/14623\/revisions"}],"predecessor-version":[{"id":14627,"href":"https:\/\/blogsaverroes.juntadeandalucia.es\/iesmarquesdecomares\/wp-json\/wp\/v2\/posts\/14623\/revisions\/14627"}],"wp:featuredmedia":[{"embeddable":true,"href":"https:\/\/blogsaverroes.juntadeandalucia.es\/iesmarquesdecomares\/wp-json\/wp\/v2\/media\/14624"}],"wp:attachment":[{"href":"https:\/\/blogsaverroes.juntadeandalucia.es\/iesmarquesdecomares\/wp-json\/wp\/v2\/media?parent=14623"}],"wp:term":[{"taxonomy":"category","embeddable":true,"href":"https:\/\/blogsaverroes.juntadeandalucia.es\/iesmarquesdecomares\/wp-json\/wp\/v2\/categories?post=14623"},{"taxonomy":"post_tag","embeddable":true,"href":"https:\/\/blogsaverroes.juntadeandalucia.es\/iesmarquesdecomares\/wp-json\/wp\/v2\/tags?post=14623"}],"curies":[{"name":"wp","href":"https:\/\/api.w.org\/{rel}","templated":true}]}}