{"id":14632,"date":"2025-11-24T17:04:17","date_gmt":"2025-11-24T16:04:17","guid":{"rendered":"https:\/\/blogsaverroes.juntadeandalucia.es\/iesmarquesdecomares\/?p=14632"},"modified":"2025-11-24T17:04:17","modified_gmt":"2025-11-24T16:04:17","slug":"dia-internacional-de-la-mujer-emprendedora-una-experiencia-de-aprendizaje-colaborativo-en-ciclos-formativos","status":"publish","type":"post","link":"https:\/\/blogsaverroes.juntadeandalucia.es\/iesmarquesdecomares\/dia-internacional-de-la-mujer-emprendedora-una-experiencia-de-aprendizaje-colaborativo-en-ciclos-formativos\/","title":{"rendered":"D\u00eda Internacional de la Mujer Emprendedora: Una Experiencia de Aprendizaje Colaborativo en Ciclos Formativos"},"content":{"rendered":"<p data-path-to-node=\"18\">El IES Marqu\u00e9s de Comares ha conmemorado el D\u00eda Internacional de la Mujer Emprendedora mediante una actividad de aprendizaje significativo dirigida al alumnado de segundo de Ciclos Formativos.<\/p>\n<p data-path-to-node=\"19\">Las profesoras del m\u00f3dulo de Formaci\u00f3n y Orientaci\u00f3n Laboral (FOL) dise\u00f1aron una metodolog\u00eda de trabajo colaborativa que se implement\u00f3 con \u00e9xito en los diferentes grupos. Como parte central de la din\u00e1mica, las docentes realizaron ponencias conjuntas en las aulas. Esta interacci\u00f3n ha sido fundamental para que el alumnado recibiera m\u00faltiples perspectivas sobre la realidad del emprendimiento.<\/p>\n<p data-path-to-node=\"20\">El formato de interacci\u00f3n ha fomentado el intercambio de ideas y ha contribuido al enriquecimiento mutuo del grupo. El objetivo principal de la actividad ha sido reforzar la visi\u00f3n del emprendimiento como una opci\u00f3n de desarrollo profesional de futuro, poniendo especial \u00e9nfasis en la necesidad e importancia de la conciliaci\u00f3n entre la vida laboral y familiar.<\/p>\n<p data-path-to-node=\"21\">Esta iniciativa se alinea con la promoci\u00f3n de valores esenciales como la iniciativa personal, la creatividad y la igualdad de oportunidades, demostrando c\u00f3mo el aprendizaje conjunto y colaborativo puede construir una experiencia educativa m\u00e1s completa y relevante.<\/p>\n<p data-path-to-node=\"21\"><a href=\"https:\/\/blogsaverroes.juntadeandalucia.es\/iesmarquesdecomares\/dia-internacional-de-la-mujer-emprendedora-una-experiencia-de-aprendizaje-colaborativo-en-ciclos-formativos\/gemini_generated_image_cen1qucen1qucen1\/\" rel=\"attachment wp-att-14633\"><img fetchpriority=\"high\" decoding=\"async\" class=\"aligncenter size-large wp-image-14633\" src=\"https:\/\/blogsaverroes.juntadeandalucia.es\/iesmarquesdecomares\/files\/2025\/11\/Gemini_Generated_Image_cen1qucen1qucen1-1024x448.png\" alt=\"\" width=\"1024\" height=\"448\" srcset=\"https:\/\/blogsaverroes.juntadeandalucia.es\/iesmarquesdecomares\/files\/2025\/11\/Gemini_Generated_Image_cen1qucen1qucen1-1024x448.png 1024w, https:\/\/blogsaverroes.juntadeandalucia.es\/iesmarquesdecomares\/files\/2025\/11\/Gemini_Generated_Image_cen1qucen1qucen1-300x131.png 300w, https:\/\/blogsaverroes.juntadeandalucia.es\/iesmarquesdecomares\/files\/2025\/11\/Gemini_Generated_Image_cen1qucen1qucen1-768x336.png 768w, https:\/\/blogsaverroes.juntadeandalucia.es\/iesmarquesdecomares\/files\/2025\/11\/Gemini_Generated_Image_cen1qucen1qucen1.png 1536w\" sizes=\"(max-width: 1024px) 100vw, 1024px\" \/><\/a><\/p>\n","protected":false},"excerpt":{"rendered":"<p>El IES Marqu\u00e9s de Comares ha conmemorado el D\u00eda Internacional de la Mujer Emprendedora mediante una actividad de aprendizaje significativo dirigida al alumnado de segundo de Ciclos Formativos. Las profesoras del m\u00f3dulo de Formaci\u00f3n&#46;&#46;&#46;<\/p>\n","protected":false},"author":8171,"featured_media":14633,"comment_status":"closed","ping_status":"open","sticky":false,"template":"","format":"standard","meta":{"ngg_post_thumbnail":0,"footnotes":""},"categories":[526],"tags":[],"aioseo_notices":[],"_links":{"self":[{"href":"https:\/\/blogsaverroes.juntadeandalucia.es\/iesmarquesdecomares\/wp-json\/wp\/v2\/posts\/14632"}],"collection":[{"href":"https:\/\/blogsaverroes.juntadeandalucia.es\/iesmarquesdecomares\/wp-json\/wp\/v2\/posts"}],"about":[{"href":"https:\/\/blogsaverroes.juntadeandalucia.es\/iesmarquesdecomares\/wp-json\/wp\/v2\/types\/post"}],"author":[{"embeddable":true,"href":"https:\/\/blogsaverroes.juntadeandalucia.es\/iesmarquesdecomares\/wp-json\/wp\/v2\/users\/8171"}],"replies":[{"embeddable":true,"href":"https:\/\/blogsaverroes.juntadeandalucia.es\/iesmarquesdecomares\/wp-json\/wp\/v2\/comments?post=14632"}],"version-history":[{"count":2,"href":"https:\/\/blogsaverroes.juntadeandalucia.es\/iesmarquesdecomares\/wp-json\/wp\/v2\/posts\/14632\/revisions"}],"predecessor-version":[{"id":14635,"href":"https:\/\/blogsaverroes.juntadeandalucia.es\/iesmarquesdecomares\/wp-json\/wp\/v2\/posts\/14632\/revisions\/14635"}],"wp:featuredmedia":[{"embeddable":true,"href":"https:\/\/blogsaverroes.juntadeandalucia.es\/iesmarquesdecomares\/wp-json\/wp\/v2\/media\/14633"}],"wp:attachment":[{"href":"https:\/\/blogsaverroes.juntadeandalucia.es\/iesmarquesdecomares\/wp-json\/wp\/v2\/media?parent=14632"}],"wp:term":[{"taxonomy":"category","embeddable":true,"href":"https:\/\/blogsaverroes.juntadeandalucia.es\/iesmarquesdecomares\/wp-json\/wp\/v2\/categories?post=14632"},{"taxonomy":"post_tag","embeddable":true,"href":"https:\/\/blogsaverroes.juntadeandalucia.es\/iesmarquesdecomares\/wp-json\/wp\/v2\/tags?post=14632"}],"curies":[{"name":"wp","href":"https:\/\/api.w.org\/{rel}","templated":true}]}}